{"id":525219,"date":"2025-11-10T16:12:20","date_gmt":"2025-11-10T16:12:20","guid":{"rendered":"https:\/\/www.europesays.com\/fr\/525219\/"},"modified":"2025-11-10T16:12:20","modified_gmt":"2025-11-10T16:12:20","slug":"severstal-anticipe-une-reprise-de-la-demande-interieure-dacier-en-russie-pour-2027","status":"publish","type":"post","link":"https:\/\/www.europesays.com\/fr\/525219\/","title":{"rendered":"Severstal anticipe une reprise de la demande int\u00e9rieure d&rsquo;acier en Russie pour 2027"},"content":{"rendered":"<p><img decoding=\"async\" height=\"30\" alt=\"Logo Severstal\" onerror=\"this.onerror=null;this.style.display = 'none'\" src=\"https:\/\/www.europesays.com\/fr\/wp-content\/uploads\/2025\/11\/instruments-squared-6495212.png\"\/><br \/>\n        PAO Severstal figure parmi les principaux groupes sid\u00e9rurgiques mondiaux. Le CA (avant \u00e9liminations intragroupe) par famille de produits se r\u00e9partit comme suit :<\/p>\n<p>&#8211; produits d&rsquo;aciers (76,1%) : poutrelles, feuillards, bobines d&rsquo;aciers lamin\u00e9s \u00e0 chaud et \u00e0 froid, ronds \u00e0 b\u00e9ton, rails de transports en commun, t\u00f4les rev\u00eatues, tubes, etc. ;<\/p>\n<p>&#8211; min\u00e9raux et m\u00e9taux pr\u00e9cieux (23,9%) : notamment minerai de fer, charbon, coke et or.<\/p>\n<p>La r\u00e9partition g\u00e9ographique du CA est la suivante : Russie (52,6%), CEI (4,9%), Europe (34,2%), Am\u00e9rique du Nord (3%), Moyen Orient (2,8%), Am\u00e9rique latine (1,4%), Asie (0,6%) et Afrique (0,5%).<\/p>\n","protected":false},"excerpt":{"rendered":"PAO Severstal figure parmi les principaux groupes sid\u00e9rurgiques mondiaux. Le CA (avant \u00e9liminations intragroupe) par famille de produits&hellip;\n","protected":false},"author":2,"featured_media":2490,"comment_status":"","ping_status":"","sticky":false,"template":"","format":"standard","meta":{"footnotes":""},"categories":[1591],"tags":[11,340,1887,12,1885,1886,132],"class_list":{"0":"post-525219","1":"post","2":"type-post","3":"status-publish","4":"format-standard","5":"has-post-thumbnail","7":"category-russie","8":"tag-actualites","9":"tag-bourse","10":"tag-federation-de-russie","11":"tag-news","12":"tag-russia","13":"tag-russian-federation","14":"tag-russie"},"share_on_mastodon":{"url":"https:\/\/pubeurope.com\/@fr\/115526287669819244","error":""},"_links":{"self":[{"href":"https:\/\/www.europesays.com\/fr\/wp-json\/wp\/v2\/posts\/525219","targetHints":{"allow":["GET"]}}],"collection":[{"href":"https:\/\/www.europesays.com\/fr\/wp-json\/wp\/v2\/posts"}],"about":[{"href":"https:\/\/www.europesays.com\/fr\/wp-json\/wp\/v2\/types\/post"}],"author":[{"embeddable":true,"href":"https:\/\/www.europesays.com\/fr\/wp-json\/wp\/v2\/users\/2"}],"replies":[{"embeddable":true,"href":"https:\/\/www.europesays.com\/fr\/wp-json\/wp\/v2\/comments?post=525219"}],"version-history":[{"count":0,"href":"https:\/\/www.europesays.com\/fr\/wp-json\/wp\/v2\/posts\/525219\/revisions"}],"wp:featuredmedia":[{"embeddable":true,"href":"https:\/\/www.europesays.com\/fr\/wp-json\/wp\/v2\/media\/2490"}],"wp:attachment":[{"href":"https:\/\/www.europesays.com\/fr\/wp-json\/wp\/v2\/media?parent=525219"}],"wp:term":[{"taxonomy":"category","embeddable":true,"href":"https:\/\/www.europesays.com\/fr\/wp-json\/wp\/v2\/categories?post=525219"},{"taxonomy":"post_tag","embeddable":true,"href":"https:\/\/www.europesays.com\/fr\/wp-json\/wp\/v2\/tags?post=525219"}],"curies":[{"name":"wp","href":"https:\/\/api.w.org\/{rel}","templated":true}]}}