{"id":525220,"date":"2025-11-10T16:13:12","date_gmt":"2025-11-10T16:13:12","guid":{"rendered":"https:\/\/www.europesays.com\/fr\/525220\/"},"modified":"2025-11-10T16:13:12","modified_gmt":"2025-11-10T16:13:12","slug":"un-joli-test-face-a-lukraine-pour-manu-kone","status":"publish","type":"post","link":"https:\/\/www.europesays.com\/fr\/525220\/","title":{"rendered":"un joli test face \u00e0 l\u2019Ukraine pour Manu Kon\u00e9"},"content":{"rendered":"<p>Aur\u00e9lien Tchouameni et Adrien Rabiot absents, le lieutenant Manu Kon\u00e9 va passer son premier grand test au milieu de terrain de l\u2019\u00e9quipe de France lors du match d\u00e9cisif des qualifications du Mondial 2026 contre l\u2019Ukraine, jeudi 13\u00a0novembre au Parc des Princes o\u00f9 la pression risque d\u2019\u00eatre \u00e0 son comble.<\/p>\n<p>Titulaire r\u00e9gulier depuis son arriv\u00e9e en bleu il y a 14 mois, le Romain va cette fois d\u00e9couvrir le contexte particulier d\u2019une rencontre \u00e0 enjeu puisque c\u2019est ni plus ni moins qu\u2019une partie du destin des Tricolores qui se jouera dans le stade de la Porte de Saint-Cloud. Didier Deschamps et ses troupes auront besoin de l\u2019app\u00e9tit de Kon\u00e9 \u00e0 la r\u00e9cup\u00e9ration pour d\u00e9crocher une victoire qui assurerait leur billet pour la Coupe du monde aux \u00c9tats-Unis, Canada et Mexique (11\u00a0juin-19\u00a0juillet), avant m\u00eame le dernier match en Azerba\u00efdjan, dimanche.<\/p>\n<p>Indispensable ces derniers mois<\/p>\n<p>Le natif de Colombes, qui aura sur ses \u00e9paules la responsabilit\u00e9 d\u2019animer le double pivot du 4-2-3-1 fran\u00e7ais, sans doute aux c\u00f4t\u00e9s du v\u00e9t\u00e9ran N\u2019Golo Kant\u00e9 (34\u00a0ans), s\u2019est progressivement impos\u00e9 chez les Bleus apr\u00e8s l\u2019Euro\u00a02024. Il a ainsi jou\u00e9 11 des 14 rencontres de la s\u00e9lection depuis, dont huit comme titulaire.\u00a0Kon\u00e9 aurait m\u00eame pu faire mieux, il en a manqu\u00e9 une partie en raison d\u2019une suspension pour exc\u00e8s de fougue, deux jaunes re\u00e7us lors de ses deux premi\u00e8res s\u00e9lections qui n\u2019ont pas frein\u00e9 son int\u00e9gration.<\/p>\n<p>Face \u00e0 ce test de personnalit\u00e9 dans un match capital, le joueur de 24\u00a0ans peut se pr\u00e9valoir de son attitude d\u00e9tendue face \u00e0 la pression et de sa confiance en lui, perceptibles dans ses interventions m\u00e9diatiques avant comme apr\u00e8s les matchs. \u00ab\u00a0J\u2019ai toujours eu une petite personnalit\u00e9 dans toutes les \u00e9quipes o\u00f9 je suis all\u00e9, m\u00eame en \u00e9quipe de jeunes\u00a0\u00bb, racontait-il en octobre.<\/p>\n<p>\u00ab\u00a0Un mental d\u2019acier\u00a0\u00bb<\/p>\n<p>Kon\u00e9 puise notamment cette force de l\u2019\u00e9preuve d\u2019une tr\u00e8s grave blessure au centre de formation de Toulouse. \u00ab\u00a0Je reviens de tr\u00e8s loin, j\u2019\u00e9tais en fauteuil roulant pendant tr\u00e8s longtemps. Des choses comme \u00e7a font que j\u2019ai de la force et m\u2019ont permis de me forger un mental d\u2019acier\u00a0\u00bb, se souvenait-il lors de sa premi\u00e8re convocation en septembre\u00a02024.<\/p>\n<p>Depuis, il n\u2019est plus jamais sorti du groupe, et le voil\u00e0 dans un des premiers r\u00f4les face aux Ukrainiens. \u00ab\u00a0Il a eu de la chance, d\u00e8s qu\u2019il est venu, il a jou\u00e9 directement et il a tout de suite montr\u00e9 ses qualit\u00e9s, disait au rassemblement d\u2019octobre William Saliba. Manu je le connais depuis qu\u2019on est jeune vu que j\u2019\u00e9tais son capitaine en s\u00e9lection de jeunes. C\u2019est un tr\u00e8s bon joueur, \u00e7a fait plaisir de voir qu\u2019il s\u2019impose petit \u00e0 petit dans cette \u00e9quipe de France.\u00a0\u00bb<\/p>\n<p>\u00ab\u00a0Manu c\u2019est un sacr\u00e9 joueur, un jeune qui progresse tr\u00e8s vite, ajoutait le gardien Mike Maignan. Ce qu\u2019il fait c\u2019est tr\u00e8s bien, il aide beaucoup l\u2019\u00e9quipe, et il a encore une grosse marge de progression.\u00a0\u00bb<\/p>\n<p>\u00ab\u00a0Sous-cot\u00e9\u00a0\u00bb d\u2019apr\u00e8s \u00ab\u00a0DD\u00a0\u00bb<\/p>\n<p>Deschamps a m\u00eame d\u00e9plor\u00e9 que le Romain fasse \u00ab\u00a0partie des joueurs sous-cot\u00e9s\u00a0\u00bb. \u00ab\u00a0C\u2019est tr\u00e8s gentil que le coach ait dit \u00e7a, je ne sais pas quoi dire\u2026 Comme j\u2019ai quitt\u00e9 la France tr\u00e8s t\u00f4t, peut-\u00eatre que ce que je fais en Serie A ne s\u2019est pas vu. Mais je le fais depuis tr\u00e8s longtemps, c\u2019est juste que j\u2019avais moins de constance, r\u00e9pondait Kon\u00e9 apr\u00e8s <a target=\"_self\" href=\"https:\/\/www.lanouvellerepublique.fr\/a-la-une\/coupe-du-monde-2026-la-france-freinee-en-islande-1760390392\" rel=\"nofollow noopener\">le nul en Islande (2-2)<\/a> en octobre. En arrivant \u00e0 la Roma, j\u2019ai trouv\u00e9 cette constance\u00a0\u00bb, a r\u00e9pliqu\u00e9 Kon\u00e9.<\/p>\n<p>Parti \u00e0 20\u00a0ans \u00e0 M\u00f6nchengladbach avant de rejoindre la Ville \u00e9ternelle en 2024, l\u2019ancien du Paris\u00a0FC (de 11 \u00e0 14\u00a0ans) a progress\u00e9 loin du public fran\u00e7ais, il n\u2019a jou\u00e9 qu\u2019une demi-saison en L1 avec le T\u00e9f\u00e9c\u00e9, et une en Ligue\u00a02.<\/p>\n<p>Il poursuit son ascension sous les ordres de Gianpiero Gasperini \u00e0 la Roma, qui fait la course en t\u00eate cette saison en Italie. \u00ab\u00a0J\u2019aime ce genre de coach, il est tr\u00e8s dur avec moi parce qu\u2019il pense que je suis un tr\u00e8s bon joueur et que je peux emmener l\u2019\u00e9quipe vers le haut. En s\u00e9lection, c\u2019est les m\u00eames exigences avec le coach Deschamps\u00a0\u00bb, dit Kon\u00e9.\u00a0Des exigences de plus en plus \u00e9lev\u00e9es que ce titulaire en puissance devra savoir g\u00e9rer et assumer jeudi contre l\u2019Ukraine.<\/p>\n","protected":false},"excerpt":{"rendered":"Aur\u00e9lien Tchouameni et Adrien Rabiot absents, le lieutenant Manu Kon\u00e9 va passer son premier grand test au milieu&hellip;\n","protected":false},"author":2,"featured_media":525221,"comment_status":"","ping_status":"","sticky":false,"template":"","format":"standard","meta":{"footnotes":""},"categories":[1590],"tags":[11,1777,674,63,27,20533,74,12,60,220],"class_list":{"0":"post-525220","1":"post","2":"type-post","3":"status-publish","4":"format-standard","5":"has-post-thumbnail","7":"category-ukraine","8":"tag-actualites","9":"tag-eu","10":"tag-europe","11":"tag-football","12":"tag-france","13":"tag-les-bleus","14":"tag-monde","15":"tag-news","16":"tag-sports","17":"tag-ukraine"},"share_on_mastodon":{"url":"https:\/\/pubeurope.com\/@fr\/115526291004061073","error":""},"_links":{"self":[{"href":"https:\/\/www.europesays.com\/fr\/wp-json\/wp\/v2\/posts\/525220","targetHints":{"allow":["GET"]}}],"collection":[{"href":"https:\/\/www.europesays.com\/fr\/wp-json\/wp\/v2\/posts"}],"about":[{"href":"https:\/\/www.europesays.com\/fr\/wp-json\/wp\/v2\/types\/post"}],"author":[{"embeddable":true,"href":"https:\/\/www.europesays.com\/fr\/wp-json\/wp\/v2\/users\/2"}],"replies":[{"embeddable":true,"href":"https:\/\/www.europesays.com\/fr\/wp-json\/wp\/v2\/comments?post=525220"}],"version-history":[{"count":0,"href":"https:\/\/www.europesays.com\/fr\/wp-json\/wp\/v2\/posts\/525220\/revisions"}],"wp:featuredmedia":[{"embeddable":true,"href":"https:\/\/www.europesays.com\/fr\/wp-json\/wp\/v2\/media\/525221"}],"wp:attachment":[{"href":"https:\/\/www.europesays.com\/fr\/wp-json\/wp\/v2\/media?parent=525220"}],"wp:term":[{"taxonomy":"category","embeddable":true,"href":"https:\/\/www.europesays.com\/fr\/wp-json\/wp\/v2\/categories?post=525220"},{"taxonomy":"post_tag","embeddable":true,"href":"https:\/\/www.europesays.com\/fr\/wp-json\/wp\/v2\/tags?post=525220"}],"curies":[{"name":"wp","href":"https:\/\/api.w.org\/{rel}","templated":true}]}}