{"id":525224,"date":"2025-11-10T16:15:18","date_gmt":"2025-11-10T16:15:18","guid":{"rendered":"https:\/\/www.europesays.com\/fr\/525224\/"},"modified":"2025-11-10T16:15:18","modified_gmt":"2025-11-10T16:15:18","slug":"un-veteran-britannique-de-la-seconde-guerre-mondiale-denonce-avec-emotion-letat-du-royaume-uni","status":"publish","type":"post","link":"https:\/\/www.europesays.com\/fr\/525224\/","title":{"rendered":"un v\u00e9t\u00e9ran britannique de la Seconde Guerre mondiale d\u00e9nonce avec \u00e9motion l\u2019\u00e9tat du Royaume-Uni"},"content":{"rendered":"<p>\n    La voix tremblante, un ancien marin de la Royal Navy, tout juste centenaire, a \u00e9mu les t\u00e9l\u00e9spectateurs. \u00abJe revois ces rang\u00e9es de pierres tombales blanches&#8230; Pour quoi\u00a0? Pour le pays d\u2019aujourd\u2019hui\u00a0?\u00bb, s\u2019est-il demand\u00e9.<\/p>\n<p class=\"fig-paragraph\">C\u2019est un aveu charg\u00e9 d\u2019\u00e9motion et d\u2019amertume qui a saisi le plateau de Good Morning Britain. Invit\u00e9 \u00e0 l\u2019occasion des\u00a0<a href=\"http:\/\/www.lefigaro.fr\/arts-expositions\/l-incroyable-histoire-des-pianos-tombes-du-ciel-pendant-la-seconde-guerre-mondiale-20251031\" data-fig-type=\"Article\" data-gtm-custom-categorie=\"navigation\" data-gtm-custom-action=\"crossclick\" data-gtm-custom-label=\"Contextuel\" data-gtm-event=\"customEventSPE\" data-fig-domain=\"LEFIGARO\" rel=\"nofollow noopener\" target=\"_blank\">comm\u00e9morations de la fin de la Seconde Guerre mondiale<\/a>, Alec Penstone,\u00a0<a href=\"http:\/\/www.lefigaro.fr\/international\/porte-avions-fregates-comment-la-royal-navy-veut-interdire-l-atlantique-nord-aux-sous-marins-russes-20251031\" data-fig-type=\"Article\" data-gtm-custom-categorie=\"navigation\" data-gtm-custom-action=\"crossclick\" data-gtm-custom-label=\"Contextuel\" data-gtm-event=\"customEventSPE\" data-fig-domain=\"LEFIGARO\" rel=\"nofollow noopener\" target=\"_blank\">v\u00e9t\u00e9ran de la Royal Navy<\/a>, a confi\u00e9, la voix tremblante, \u00abje revois ces rang\u00e9es de pierres tombales blanches, ces centaines d\u2019amis tomb\u00e9s pour la libert\u00e9&#8230; Pour quoi\u00a0? Pour le pays d\u2019aujourd\u2019hui\u00a0? Non, je suis d\u00e9sol\u00e9, mais le sacrifice n\u2019en valait pas la peine.\u00bb<\/p>\n<p class=\"fig-paragraph\">Ces mots, durs et sinc\u00e8res, ont fig\u00e9 un instant les animateurs de la matinale. Kate Garraway, l\u2019une des pr\u00e9sentatrices les plus populaires du\u00a0<a href=\"http:\/\/www.lefigaro.fr\/international\/accord-franco-britannique-un-deuxieme-migrant-de-retour-au-royaume-uni-apres-son-expulsion-20251110\" data-fig-type=\"NewsFlash\" data-gtm-custom-categorie=\"navigation\" data-gtm-custom-action=\"crossclick\" data-gtm-custom-label=\"Contextuel\" data-gtm-event=\"customEventSPE\" data-fig-domain=\"LEFIGARO\" rel=\"nofollow noopener\" target=\"_blank\">Royaume-Uni<\/a>, lui a r\u00e9pondu avec \u00e9motion\u00a0: \u00abAlec, je suis d\u00e9sol\u00e9e que vous vous sentiez ainsi. Sachez que toutes les g\u00e9n\u00e9rations qui ont suivi, y compris la mienne et celle de mes enfants, sont immens\u00e9ment reconnaissantes pour votre courage et celui de vos camarades.\u00bb<\/p>\n<p>                                    <a class=\"fig-a11y-skip a11y-hidden\" href=\"#fig-a11y-skip-main-inarticle\"><br \/>\n        Passer la publicit\u00e9<br \/>\n    <\/a><\/p>\n<p><strong>Un h\u00e9ros de la Royal Navy d\u00e9sabus\u00e9<\/strong><\/p>\n<p class=\"fig-paragraph\">N\u00e9 en 1925, Alec Penstone avait 15 ans lorsque la guerre \u00e9clate. Il grandit dans les bombardements, participe au d\u00e9blaiement des ruines avant de s\u2019engager dans la Marine. \u00c0 bord d\u2019un sous-marin puis d\u2019un porte-avions, il sert sur plusieurs fronts avant de participer,\u00a0<a href=\"http:\/\/www.lefigaro.fr\/flash-actu\/l-ephemeride-du-6-juin-20230606\" data-fig-type=\"NewsFlash\" data-gtm-custom-categorie=\"navigation\" data-gtm-custom-action=\"crossclick\" data-gtm-custom-label=\"Contextuel\" data-gtm-event=\"customEventSPE\" data-fig-domain=\"LEFIGARO\" rel=\"nofollow noopener\" target=\"_blank\">le 6 juin 1944, au D\u00e9barquement de Normandie<\/a>. \u00abJ\u2019ai surv\u00e9cu gr\u00e2ce \u00e0 de la chance\u00bb, confie-t-il avec pudeur.<\/p>\n<p class=\"fig-paragraph\">Son t\u00e9moignage, relay\u00e9 par The Sun et The Daily Mail, trouve un \u00e9cho particulier dans un Royaume-Uni en proie au doute\u00a0: inflation persistante, syst\u00e8me de sant\u00e9 en crise, fiscalit\u00e9 en hausse, sentiment d\u2019ins\u00e9curit\u00e9 et malaise identitaire alimentent la crise. \u00abCe pour quoi nous nous sommes battus, c\u2019\u00e9tait la libert\u00e9. Aujourd\u2019hui, la situation est pire que lorsque je me suis battu pour elle\u00bb, r\u00e9sume-t-il, lucide.<\/p>\n<p class=\"fig-paragraph\">Touch\u00e9s par ses mots, les journalistes et t\u00e9l\u00e9spectateurs lui ont assur\u00e9 vouloir \u00abfaire de ce pays celui pour lequel il s\u2019\u00e9tait battu\u00bb. Alec Penstone, apais\u00e9, leur a r\u00e9pondu dans un sourire , \u00abc\u2019est formidable de savoir qu\u2019il y a encore des gens comme vous qui transmettent le message aux jeunes g\u00e9n\u00e9rations.\u00bb<\/p>\n<p class=\"fig-paragraph\">Durant la Seconde Guerre mondiale, environ 384.000 soldats britanniques sont morts au combat, selon un\u00a0<a href=\"https:\/\/www.parliament.uk\/contentassets\/f88bc9c34a994e75a04d8bc85b03e7c3\/olympicbritain.pdf?utm_source=chatgpt.com\" target=\"_blank\" rel=\"sponsored noopener nofollow\" data-gtm-custom-categorie=\"navigation\" data-gtm-custom-action=\"crossclick\" data-gtm-custom-label=\"Contextuel\" data-gtm-event=\"customEventSPE\">rapport de la Chambre des Communes.<\/a><\/p>\n","protected":false},"excerpt":{"rendered":"La voix tremblante, un ancien marin de la Royal Navy, tout juste centenaire, a \u00e9mu les t\u00e9l\u00e9spectateurs. \u00abJe&hellip;\n","protected":false},"author":2,"featured_media":525225,"comment_status":"","ping_status":"","sticky":false,"template":"","format":"standard","meta":{"footnotes":""},"categories":[1588],"tags":[11,1777,674,12,473,1853,935,1851,1850,1852,64496],"class_list":{"0":"post-525224","1":"post","2":"type-post","3":"status-publish","4":"format-standard","5":"has-post-thumbnail","7":"category-royaume-uni","8":"tag-actualites","9":"tag-eu","10":"tag-europe","11":"tag-news","12":"tag-royaume-uni","13":"tag-royaume-uni-de-grande-bretagne-et-dirlande-du-nord","14":"tag-seconde-guerre-mondiale","15":"tag-uk","16":"tag-united-kingdom","17":"tag-united-kingdom-of-great-britain-and-northern-ireland","18":"tag-veteran"},"share_on_mastodon":{"url":"https:\/\/pubeurope.com\/@fr\/115526298786377504","error":""},"_links":{"self":[{"href":"https:\/\/www.europesays.com\/fr\/wp-json\/wp\/v2\/posts\/525224","targetHints":{"allow":["GET"]}}],"collection":[{"href":"https:\/\/www.europesays.com\/fr\/wp-json\/wp\/v2\/posts"}],"about":[{"href":"https:\/\/www.europesays.com\/fr\/wp-json\/wp\/v2\/types\/post"}],"author":[{"embeddable":true,"href":"https:\/\/www.europesays.com\/fr\/wp-json\/wp\/v2\/users\/2"}],"replies":[{"embeddable":true,"href":"https:\/\/www.europesays.com\/fr\/wp-json\/wp\/v2\/comments?post=525224"}],"version-history":[{"count":0,"href":"https:\/\/www.europesays.com\/fr\/wp-json\/wp\/v2\/posts\/525224\/revisions"}],"wp:featuredmedia":[{"embeddable":true,"href":"https:\/\/www.europesays.com\/fr\/wp-json\/wp\/v2\/media\/525225"}],"wp:attachment":[{"href":"https:\/\/www.europesays.com\/fr\/wp-json\/wp\/v2\/media?parent=525224"}],"wp:term":[{"taxonomy":"category","embeddable":true,"href":"https:\/\/www.europesays.com\/fr\/wp-json\/wp\/v2\/categories?post=525224"},{"taxonomy":"post_tag","embeddable":true,"href":"https:\/\/www.europesays.com\/fr\/wp-json\/wp\/v2\/tags?post=525224"}],"curies":[{"name":"wp","href":"https:\/\/api.w.org\/{rel}","templated":true}]}}