{"id":525226,"date":"2025-11-10T16:16:17","date_gmt":"2025-11-10T16:16:17","guid":{"rendered":"https:\/\/www.europesays.com\/fr\/525226\/"},"modified":"2025-11-10T16:16:17","modified_gmt":"2025-11-10T16:16:17","slug":"les-allemands-hesitent-a-sexpatrier-aux-etats-unis-depuis-le-retour-de-trump-a-la-maison-blanche","status":"publish","type":"post","link":"https:\/\/www.europesays.com\/fr\/525226\/","title":{"rendered":"Les Allemands h\u00e9sitent \u00e0 s&rsquo;expatrier aux \u00c9tats-Unis depuis le retour de Trump \u00e0 la Maison Blanche"},"content":{"rendered":"<p>\n  Par&amp;nbsp<b>Euronews<\/b>\n<\/p>\n<p>\n         Publi\u00e9 le<br \/>\n            10\/11\/2025 &#8211; 14:09 UTC+1\n            <\/p>\n<p>Le nombre d&rsquo;\u00e9migrants allemands vers les \u00c9tats-Unis a consid\u00e9rablement diminu\u00e9 depuis le d\u00e9but du second mandat du pr\u00e9sident am\u00e9ricain Donald Trump, selon les derniers chiffres officiels publi\u00e9s lundi.<\/p>\n<p>L&rsquo;Office f\u00e9d\u00e9ral des statistiques indique que, de janvier \u00e0 septembre, l&rsquo;\u00e9migration de l&rsquo;Allemagne vers les \u00c9tats-Unis a diminu\u00e9 de 17,8 % par rapport \u00e0 l&rsquo;ann\u00e9e pr\u00e9c\u00e9dente, pour atteindre environ 17 100 personnes.<\/p>\n<p>\u00ab\u00a0Au cours des neuf premiers mois de cette ann\u00e9e, l&rsquo;\u00e9migration vers les \u00c9tats-Unis a atteint son niveau le plus bas depuis 2021, ann\u00e9e marqu\u00e9e par la pand\u00e9mie [de COVID-19]\u00a0\u00bb, \u00e9crit l&rsquo;Office dans un communiqu\u00e9.<\/p>\n<p>Pour la premi\u00e8re fois depuis 2021, plus de personnes ont quitt\u00e9 les \u00c9tats-Unis pour s&rsquo;installer en Allemagne au cours des neuf premiers mois que dans le sens inverse, soulignent les statisticiens.<\/p>\n<p>L&rsquo;immigration des \u00c9tats-Unis vers l&rsquo;Allemagne a augment\u00e9 de 3,4 % au cours de la m\u00eame p\u00e9riode pour atteindre plus de 19 300 personnes, d\u00e9passant ainsi le nombre d&rsquo;\u00e9migrations vers les \u00c9tats-Unis pour la premi\u00e8re fois depuis 2021.<\/p>\n<p>Le tourisme \u00e9galement en berne<\/p>\n<p>Par ailleurs, de janvier \u00e0 septembre, les a\u00e9roports allemands ont enregistr\u00e9 une baisse de 1,3 % du nombre de voyageurs se rendant aux \u00c9tats-Unis &#8211; soit environ 67 200 passagers de moins &#8211; par rapport \u00e0 la m\u00eame p\u00e9riode en 2024.<\/p>\n<p>Le recul a \u00e9t\u00e9 particuli\u00e8rement marqu\u00e9 en \u00e9t\u00e9 : en juillet, le nombre d&rsquo;arriv\u00e9es a baiss\u00e9 de 10,2 %.<\/p>\n<p>Dans le m\u00eame temps, le nombre de passagers vers d&rsquo;autres destinations non europ\u00e9ennes a augment\u00e9 de 4,3 %. Avec environ 5,0 millions de passagers, les \u00c9tats-Unis restent toutefois la destination extra-europ\u00e9enne la plus pris\u00e9e au d\u00e9part des a\u00e9roports allemands &#8211; loin devant l&rsquo;\u00c9gypte avec 1,6 million de voyageurs.<\/p>\n<p>L&rsquo;Espagne, la Turquie et l&rsquo;Italie comptaient \u00e9galement parmi les destinations \u00e9trang\u00e8res les plus pris\u00e9es des voyageurs allemands pendant la p\u00e9riode consid\u00e9r\u00e9e.<\/p>\n<p>Apr\u00e8s que plusieurs ressortissants allemands ont \u00e9t\u00e9 arr\u00eat\u00e9s \u00e0 leur arriv\u00e9e aux \u00c9tats-Unis, le minist\u00e8re allemand des Affaires \u00e9trang\u00e8res avait mis \u00e0 jour en mars ses conseils aux voyageurs pour ce pays. <\/p>\n<p>\u00ab\u00a0Des ant\u00e9c\u00e9dents judiciaires aux \u00c9tats-Unis, de fausses d\u00e9clarations sur le motif du s\u00e9jour ou m\u00eame un l\u00e9ger d\u00e9passement de la dur\u00e9e du s\u00e9jour peuvent entra\u00eener une arrestation, une d\u00e9tention en vue de l&rsquo;expulsion ou une expulsion \u00e0 l&rsquo;entr\u00e9e ou \u00e0 la sortie du pays\u00a0\u00bb, indique d\u00e9sormais le site web du minist\u00e8re.<\/p>\n","protected":false},"excerpt":{"rendered":"Par&amp;nbspEuronews Publi\u00e9 le 10\/11\/2025 &#8211; 14:09 UTC+1 Le nombre d&rsquo;\u00e9migrants allemands vers les \u00c9tats-Unis a consid\u00e9rablement diminu\u00e9 depuis&hellip;\n","protected":false},"author":2,"featured_media":525227,"comment_status":"","ping_status":"","sticky":false,"template":"","format":"standard","meta":{"footnotes":""},"categories":[1587],"tags":[11,672,1804,1805,1803,75,73,1777,674,1801,12,1802,11342],"class_list":{"0":"post-525226","1":"post","2":"type-post","3":"status-publish","4":"format-standard","5":"has-post-thumbnail","7":"category-allemagne","8":"tag-actualites","9":"tag-allemagne","10":"tag-bundesrepublik-deutschland","11":"tag-de","12":"tag-deutschland","13":"tag-donald-trump","14":"tag-etats-unis","15":"tag-eu","16":"tag-europe","17":"tag-germany","18":"tag-news","19":"tag-republique-federale-dallemagne","20":"tag-ue-usa"},"share_on_mastodon":{"url":"https:\/\/pubeurope.com\/@fr\/115526302737469771","error":""},"_links":{"self":[{"href":"https:\/\/www.europesays.com\/fr\/wp-json\/wp\/v2\/posts\/525226","targetHints":{"allow":["GET"]}}],"collection":[{"href":"https:\/\/www.europesays.com\/fr\/wp-json\/wp\/v2\/posts"}],"about":[{"href":"https:\/\/www.europesays.com\/fr\/wp-json\/wp\/v2\/types\/post"}],"author":[{"embeddable":true,"href":"https:\/\/www.europesays.com\/fr\/wp-json\/wp\/v2\/users\/2"}],"replies":[{"embeddable":true,"href":"https:\/\/www.europesays.com\/fr\/wp-json\/wp\/v2\/comments?post=525226"}],"version-history":[{"count":0,"href":"https:\/\/www.europesays.com\/fr\/wp-json\/wp\/v2\/posts\/525226\/revisions"}],"wp:featuredmedia":[{"embeddable":true,"href":"https:\/\/www.europesays.com\/fr\/wp-json\/wp\/v2\/media\/525227"}],"wp:attachment":[{"href":"https:\/\/www.europesays.com\/fr\/wp-json\/wp\/v2\/media?parent=525226"}],"wp:term":[{"taxonomy":"category","embeddable":true,"href":"https:\/\/www.europesays.com\/fr\/wp-json\/wp\/v2\/categories?post=525226"},{"taxonomy":"post_tag","embeddable":true,"href":"https:\/\/www.europesays.com\/fr\/wp-json\/wp\/v2\/tags?post=525226"}],"curies":[{"name":"wp","href":"https:\/\/api.w.org\/{rel}","templated":true}]}}