{"id":525228,"date":"2025-11-10T16:17:15","date_gmt":"2025-11-10T16:17:15","guid":{"rendered":"https:\/\/www.europesays.com\/fr\/525228\/"},"modified":"2025-11-10T16:17:15","modified_gmt":"2025-11-10T16:17:15","slug":"la-suisse-a-nouveau-associee-au-programme-de-recherche-horizon-europe","status":"publish","type":"post","link":"https:\/\/www.europesays.com\/fr\/525228\/","title":{"rendered":"La Suisse \u00e0 nouveau associ\u00e9e au programme de recherche Horizon Europe"},"content":{"rendered":"<p>Le ministre de l&rsquo;Economie Guy Parmelin et la commissaire europ\u00e9enne Ekaterina Zaharieva ont sign\u00e9 lundi \u00e0 Berne l&rsquo;accord sur les programmes de l&rsquo;UE (UEPA). Cela permet notamment \u00e0 la Suisse d&rsquo;\u00eatre \u00e0 nouveau associ\u00e9e au programme de recherche Horizon Europe.<\/p>\n<p>\u00ab\u00a0C&rsquo;est une grande joie pour moi de signer cet accord\u00a0\u00bb, a indiqu\u00e9 Guy Parmelin devant les m\u00e9dias. Le conseiller f\u00e9d\u00e9ral a parl\u00e9 d&rsquo;un \u00ab\u00a0signe fort\u00a0\u00bb qui illustre la coop\u00e9ration fructueuse entre la Suisse et l&rsquo;UE.<\/p>\n<p>Cet accord fait partie du paquet Suisse-UE et peut \u00eatre appliqu\u00e9 de mani\u00e8re anticip\u00e9e et provisoire avec effet r\u00e9troactif au 1er janvier 2025. Il ent\u00e9rine l&rsquo;association de la Suisse \u00e0 Horizon Europe, au programme Euratom et au programme Digital Europe \u00e0 cette date, indique le D\u00e9partement f\u00e9d\u00e9ral de l&rsquo;\u00e9conomie dans un communiqu\u00e9.<\/p>\n<p>R\u00e9int\u00e9gration \u00e0 Erasmus+ en 2027<\/p>\n<p>La participation de la Suisse \u00e0 l&rsquo;infrastructure de recherche ITER &#8211; une coop\u00e9ration internationale visant \u00e0 construire le r\u00e9acteur thermonucl\u00e9aire exp\u00e9rimental \u00e9ponyme &#8211; est pr\u00e9vue pour 2026; celle \u00e0 Erasmus+ \u00e0 partir de 2027.<\/p>\n<p>La participation au programme EU4Health est li\u00e9e \u00e0 l&rsquo;entr\u00e9e en vigueur de l&rsquo;accord sur la sant\u00e9, qui fait partie du paquet global d&rsquo;accords entre la Suisse et l&rsquo;UE.<\/p>\n<p class=\"sources\">ats\/furr<\/p>\n","protected":false},"excerpt":{"rendered":"Le ministre de l&rsquo;Economie Guy Parmelin et la commissaire europ\u00e9enne Ekaterina Zaharieva ont sign\u00e9 lundi \u00e0 Berne l&rsquo;accord&hellip;\n","protected":false},"author":2,"featured_media":525229,"comment_status":"","ping_status":"","sticky":false,"template":"","format":"standard","meta":{"footnotes":""},"categories":[1586],"tags":[46825,11,33,6359,1777,674,1011,27,6703,31950,8235,12,316,9303,2543,25,3067,1778],"class_list":{"0":"post-525228","1":"post","2":"type-post","3":"status-publish","4":"format-standard","5":"has-post-thumbnail","7":"category-europe","8":"tag-accord-pacte-convention","9":"tag-actualites","10":"tag-economie","11":"tag-economie-et-finances","12":"tag-eu","13":"tag-europe","14":"tag-fr","15":"tag-france","16":"tag-guy-parmelin","17":"tag-horizon-europe","18":"tag-ministre-de-leconomie","19":"tag-news","20":"tag-politique","21":"tag-recherche-scientifique","22":"tag-relations-internationales","23":"tag-republique-francaise","24":"tag-suisse","25":"tag-ue"},"share_on_mastodon":{"url":"https:\/\/pubeurope.com\/@fr\/115526306672629454","error":""},"_links":{"self":[{"href":"https:\/\/www.europesays.com\/fr\/wp-json\/wp\/v2\/posts\/525228","targetHints":{"allow":["GET"]}}],"collection":[{"href":"https:\/\/www.europesays.com\/fr\/wp-json\/wp\/v2\/posts"}],"about":[{"href":"https:\/\/www.europesays.com\/fr\/wp-json\/wp\/v2\/types\/post"}],"author":[{"embeddable":true,"href":"https:\/\/www.europesays.com\/fr\/wp-json\/wp\/v2\/users\/2"}],"replies":[{"embeddable":true,"href":"https:\/\/www.europesays.com\/fr\/wp-json\/wp\/v2\/comments?post=525228"}],"version-history":[{"count":0,"href":"https:\/\/www.europesays.com\/fr\/wp-json\/wp\/v2\/posts\/525228\/revisions"}],"wp:featuredmedia":[{"embeddable":true,"href":"https:\/\/www.europesays.com\/fr\/wp-json\/wp\/v2\/media\/525229"}],"wp:attachment":[{"href":"https:\/\/www.europesays.com\/fr\/wp-json\/wp\/v2\/media?parent=525228"}],"wp:term":[{"taxonomy":"category","embeddable":true,"href":"https:\/\/www.europesays.com\/fr\/wp-json\/wp\/v2\/categories?post=525228"},{"taxonomy":"post_tag","embeddable":true,"href":"https:\/\/www.europesays.com\/fr\/wp-json\/wp\/v2\/tags?post=525228"}],"curies":[{"name":"wp","href":"https:\/\/api.w.org\/{rel}","templated":true}]}}