{"id":525238,"date":"2025-11-10T16:24:13","date_gmt":"2025-11-10T16:24:13","guid":{"rendered":"https:\/\/www.europesays.com\/fr\/525238\/"},"modified":"2025-11-10T16:24:13","modified_gmt":"2025-11-10T16:24:13","slug":"xv-de-france-vers-un-retour-des-cadres-historiques-la-composition-probable-des-bleus-face-aux-fidji-pour-le-deuxieme-test-match","status":"publish","type":"post","link":"https:\/\/www.europesays.com\/fr\/525238\/","title":{"rendered":"XV de France &#8211; Vers un retour des cadres historiques ? La composition probable des Bleus face aux Fidji pour le deuxi\u00e8me test-match"},"content":{"rendered":"<p>\n                En qu\u00eate de puissance et de leadership apr\u00e8s leur revers face aux Springboks, le staff des Bleus devrait logiquement jeter son d\u00e9volu sur le retour de deux de ses \u00ab\u00a0historiques\u00a0\u00bb sur la feuille de match contre les Fidjiens.\n            <\/p>\n<p>C\u2019est une constante de l\u2019histoire du XV de France, lorsque celui-ci encha\u00eene les d\u00e9faites : contrairement \u00e0 ce que veut l\u2019adage, les absents n\u2019ont pas forc\u00e9ment tort\u2026 \u00c0 ce titre, le grand \u00ab\u00a0gagnant\u00a0\u00bb de la d\u00e9faite des Bleus pourrait bien \u00eatre le num\u00e9ro huit Gr\u00e9gory Alldritt, dont l\u2019absence \u00ab\u00a0politico-sportive\u00a0\u00bb a fait couler beaucoup d\u2019encre la semaine derni\u00e8re. Fatalement, la question s\u2019est pos\u00e9e en interne ce dimanche, la r\u00e9union du staff pr\u00e9vue dans l\u2019apr\u00e8s-midi s\u2019\u00e9tant \u00e9tir\u00e9e jusqu\u2019\u00e0 plus de 20 heures. Toutefois, si rien n\u2019a encore \u00e9t\u00e9 d\u00e9finitivement tranch\u00e9 et si son cas doit encore \u00eatre d\u00e9battu en d\u00e9but de semaine, on voit mal comment ne pas justifier sa r\u00e9int\u00e9gration dans le XV de d\u00e9part, sachant que Micka\u00ebl Guillard a d\u00fb d\u00e9clarer forfait pour ce match (remplac\u00e9 par Bochaton dans le groupe), tandis qu\u2019Emmanuel Meafou a donn\u00e9 l\u2019impression de ne pas avoir beaucoup plus de trente minutes dans les jambes au niveau international, \u00e0 l\u2019heure actuelle.<\/p>\n<p>Un retour qui pourrait bien \u00eatre accompagn\u00e9 (au moins sur le banc) de celui de Charles Ollivon, qui a occup\u00e9 avec bonheur le poste de deuxi\u00e8me ligne lors de ses matchs de reprise avec Toulon et pourrait offrir un suppl\u00e9ment de puissance et de polyvalence bienvenu parmi les finisseurs. Sans oublier, \u00e0 l\u2019instar d\u2019Alldritt, un soup\u00e7on de leadership dont les Bleus ont globalement manqu\u00e9 en fin de match face aux Springboks\u2026<\/p>\n<p>Guillard forfait, Bochaton appel\u00e9<\/p>\n<p>Pour le reste ? Sachant que les Bleus voudront probablement se rassurer dans leur animation offensive avant le dernier test contre l\u2019Australie, il ne faudra toutefois pas s\u2019attendre \u00e0 une gigantesque lessive. Tout au plus quelques ajustements, avec un retour probable de Jean-Baptiste Gros au poste de pilier gauche en tant que titulaire, tandis que R\u00e9gis Montagne pourrait conserver sa place. La chance des titulaires face aux Sud-Afs \u00e9tant globalement que leurs rempla\u00e7ants n\u2019ont pas r\u00e9ellement fait beaucoup mieux qu\u2019eux\u2026<\/p>\n<p>Ainsi, m\u00eame si elle n\u2019a pas livr\u00e9 une prestation m\u00e9morable et \u00e9t\u00e9 (comme apr\u00e8s chaque d\u00e9faite vou\u00e9e aux g\u00e9monies du grand public), la charni\u00e8re Nolann Le Garrec \u2013 Romain Ntamack devrait \u00eatre maintenue au nom d\u2019une certaine continuit\u00e9, ainsi que le fond du terrain Penaud &#8211; Ramos &#8211; Bielle-Biarrey, ou le capitaine Ga\u00ebl Fickou au centre. En revanche, s\u2019il n\u2019y a pas grand-chose \u00e0 lui reprocher en termes d\u2019activit\u00e9, Pierre-Louis Barassi se trouverait en balance pour le match de Bordeaux avec le r\u00e9gional de l\u2019\u00e9tape Nicolas Depoortere, tandis qu\u2019Emilien Gailleton pourrait se voir offrir un strapontin sur le banc, ainsi que le talonneur Maxime Lamothe au d\u00e9triment de Cramont. Il est \u00e9galement probable que des finisseurs \u00ab\u00a0historiques\u00a0\u00bb du XV de France aient perdu gros samedi soir, \u00e0 l\u2019image de Romain Taofifenua ou de Dorian Aldegheri, ce dernier voyant arriver la menace de Thomas Laclayat et d\u2019Emerick Setiano.<\/p>\n<p>    La compo probable<\/p>\n<p><strong>Le XV de d\u00e9part probable<\/strong> : 15. Ramos\u2005; 14.Penaud, 13. Fickou, 12.Depoortere, 11.Bielle-Biarrey\u2005; 10.Ntamack, 9. Le Garrec\u2005; 7. Boudehent, 8.Alldritt, 6.Jelonch\u2005; 5. Meafou, 4.Flament ou Auradou\u2005; 3. Montagne, 2. Marchand, 1. Gros.<\/p>\n<p>Rempla\u00e7ants\u2005: 16. Lamothe, 17. Erdocio, 18. Laclayat ou Setiano, 19. Taofifenua ou Auradou, 20. Ollivon, 21. Jegou, 22. Lucu, 23.Gailleton.<\/p>\n<p>Autant d\u2019ajustements qui devront, toutefois, passer sous les fourches caudines de nouvelles r\u00e9unions pr\u00e9vues en ce d\u00e9but de semaine<\/p>\n","protected":false},"excerpt":{"rendered":"En qu\u00eate de puissance et de leadership apr\u00e8s leur revers face aux Springboks, le staff des Bleus devrait&hellip;\n","protected":false},"author":2,"featured_media":525239,"comment_status":"","ping_status":"","sticky":false,"template":"","format":"standard","meta":{"footnotes":""},"categories":[1416],"tags":[1011,27,479,1468,60],"class_list":{"0":"post-525238","1":"post","2":"type-post","3":"status-publish","4":"format-standard","5":"has-post-thumbnail","7":"category-rugby","8":"tag-fr","9":"tag-france","10":"tag-rugby","11":"tag-rugby-football","12":"tag-sports"},"share_on_mastodon":{"url":"https:\/\/pubeurope.com\/@fr\/115526334213089066","error":""},"_links":{"self":[{"href":"https:\/\/www.europesays.com\/fr\/wp-json\/wp\/v2\/posts\/525238","targetHints":{"allow":["GET"]}}],"collection":[{"href":"https:\/\/www.europesays.com\/fr\/wp-json\/wp\/v2\/posts"}],"about":[{"href":"https:\/\/www.europesays.com\/fr\/wp-json\/wp\/v2\/types\/post"}],"author":[{"embeddable":true,"href":"https:\/\/www.europesays.com\/fr\/wp-json\/wp\/v2\/users\/2"}],"replies":[{"embeddable":true,"href":"https:\/\/www.europesays.com\/fr\/wp-json\/wp\/v2\/comments?post=525238"}],"version-history":[{"count":0,"href":"https:\/\/www.europesays.com\/fr\/wp-json\/wp\/v2\/posts\/525238\/revisions"}],"wp:featuredmedia":[{"embeddable":true,"href":"https:\/\/www.europesays.com\/fr\/wp-json\/wp\/v2\/media\/525239"}],"wp:attachment":[{"href":"https:\/\/www.europesays.com\/fr\/wp-json\/wp\/v2\/media?parent=525238"}],"wp:term":[{"taxonomy":"category","embeddable":true,"href":"https:\/\/www.europesays.com\/fr\/wp-json\/wp\/v2\/categories?post=525238"},{"taxonomy":"post_tag","embeddable":true,"href":"https:\/\/www.europesays.com\/fr\/wp-json\/wp\/v2\/tags?post=525238"}],"curies":[{"name":"wp","href":"https:\/\/api.w.org\/{rel}","templated":true}]}}