{"id":525240,"date":"2025-11-10T16:25:18","date_gmt":"2025-11-10T16:25:18","guid":{"rendered":"https:\/\/www.europesays.com\/fr\/525240\/"},"modified":"2025-11-10T16:25:18","modified_gmt":"2025-11-10T16:25:18","slug":"taylor-fritz-domine-nettement-lorenzo-musetti-aux-finales-atp-lequipe","status":"publish","type":"post","link":"https:\/\/www.europesays.com\/fr\/525240\/","title":{"rendered":"Taylor Fritz domine nettement Lorenzo Musetti aux Finales ATP &#8211; L&#039;\u00c9quipe"},"content":{"rendered":"<ol>\n<li><a href=\"https:\/\/news.google.com\/rss\/articles\/CBMirwFBVV95cUxQTkE2M2ZJX0t5R3BuWm1Ta0RtbmRKMzZLak5aYTU2U0NhQXFyLXdCbGRSTGJ2eWF1aS1VZVNHOVVaUTlvWmktN0VPemxyTmpmZ2pZajhyZXF0bGVOY1U5VDdSTVR4TElWbTBVc2RTX0FZZ19GYnJqdUY4bjVLNlh1MklPU1BhbGQwX3pEVG9lQ01mTHcwNHJNN3RHNVpqU3I1RzlHdzN2S05jLXBWa2JN?oc=5\" target=\"_blank\" rel=\"nofollow noopener\">Taylor Fritz domine nettement Lorenzo Musetti aux Finales ATP<\/a>&nbsp;&nbsp;L&rsquo;\u00c9quipe<\/li>\n<li><a href=\"https:\/\/news.google.com\/rss\/articles\/CBMizgFBVV95cUxOWk56Z0JMblN2UkdQV0ZfOXBNZlZWT3FNeDZvMmdTMTMyQk9kYjVEZTQzOGpJdTVaQTJ2SFlHSFpJTGVoZjYtV2JKMk9iTkhDdEZHd2s0cXg3ZXpJYVlhYXlNRFhlXzdPVmx6YXJxQ0VjMlQ3Si14blRpNndfN3NfZTBIQlJzRHVhY0RSbGdkZ19aTUdHWnJfT1E4eTVGbHRuWFhGR3Z1Tkd6YnJBdFZsVDhJUWtESnF3dE54bnAtU3dqa24tWC1jc2hVTzZHdw?oc=5\" target=\"_blank\" rel=\"nofollow noopener\">R\u00e9sultat et r\u00e9sum\u00e9 : Lorenzo Musetti &#8211; Taylor Fritz<\/a>&nbsp;&nbsp;L&rsquo;\u00c9quipe<\/li>\n<li><a href=\"https:\/\/news.google.com\/rss\/articles\/CBMitAFBVV95cUxOTVZRb05QNU9FYmpHUWpvYjhZZEVPeUVFVHhvbUVTUGR5bTA1aEJ2WFhxU2pNSW5mQTc3VEROaERyek1fYXZRT3lnUzlma2JVOGNxblFXZWs3ZDVjbGtsQTZhdk5qcWpHcjdiQU14VmRodVpHWV94bF9KMDZfaDl4Szl1RVg3SElyWUQyZ0g0REdEZWlRb1JobGI0dWlwb2tHY2FOV3J4RElVUVVfc1lLR2laWFQ?oc=5\" target=\"_blank\" rel=\"nofollow noopener\">ATP Finals : Suivez Lorenzo Musetti &#8211; Taylor Fritz EN DIRECT<\/a>&nbsp;&nbsp;Eurosport<\/li>\n<li><a href=\"https:\/\/news.google.com\/rss\/articles\/CBMirwFBVV95cUxPY1JwVElDWVlTS2xESXRnbmhKR1RMU204U0NwUUJxNkk4ZFUzY3Q4QjF3ODhsTUZRanl3UGdXd201bnNtNlJlS3RfcUFpMl9wWFhtc2lDaEo3QVl4aG5ERFV2QWNVM0RQS1N3MnBjbzh0N1pqOV94aGd3SzR5ZU45MVM1eEFjem1IYllJclRNVGFPY3lhdlpTcGxLQjlyVVZHdWkxNmI5NjhXZHg3ZmZZ?oc=5\" target=\"_blank\" rel=\"nofollow noopener\">ATP Finals : Fritz corrige Musetti pour ses d\u00e9buts \u00e0 Turin<\/a>&nbsp;&nbsp;Le Figaro<\/li>\n<li><a href=\"https:\/\/news.google.com\/rss\/articles\/CBMipwFBVV95cUxNN2thelBjcjZCdy1nR3d1ei1SMlQzNVJmM3Ryb21GdG8yX2o5YUZSLWpyRTNqNTN4MVVzYVR0YjUxeENZdWRMcGRyMjdjUVJZUC1Za0Y3UUN4bUVyRU9FaDVQMkdNSGNDb2hzTXBFazhERGxjNmQxbjFRbmpZbkJySmJ3TGVBbVdpa25NVEkxMG12MWxuSEFlQWVDTUxtOEsxVFJWRi1UNNIBpgFBVV95cUxQVDdwWkJBbGowYnBTV0QxamNicEp6SG5IR3g1bzdNR0lvanJsNlpiemplTm1YQVBONC1ONVp1eUdDV2FFTlQwMEdmb0xCdGFpcElvOHVlR2laT0VJTWNlUGxLb2l3NHpUUmRUNkNBcERhT1U4Q2lhN0dQMVBNNTdCMUxKcmI4Z0NVWHRtQVN5U2hwZHZfVTF4cUZxUGM1TzFkZDRRc05n?oc=5\" target=\"_blank\" rel=\"nofollow noopener\">ATP &#8211; Masters : Fritz ne rate pas ses d\u00e9buts : Sports &#8211; Orange<\/a>&nbsp;&nbsp;Sports &#8211; Orange<\/li>\n<\/ol>\n","protected":false},"excerpt":{"rendered":"Taylor Fritz domine nettement Lorenzo Musetti aux Finales ATP&nbsp;&nbsp;L&rsquo;\u00c9quipe R\u00e9sultat et r\u00e9sum\u00e9 : Lorenzo Musetti &#8211; Taylor Fritz&nbsp;&nbsp;L&rsquo;\u00c9quipe&hellip;\n","protected":false},"author":2,"featured_media":525241,"comment_status":"","ping_status":"","sticky":false,"template":"","format":"standard","meta":{"footnotes":""},"categories":[1415],"tags":[1011,27,60,1467],"class_list":{"0":"post-525240","1":"post","2":"type-post","3":"status-publish","4":"format-standard","5":"has-post-thumbnail","7":"category-tennis","8":"tag-fr","9":"tag-france","10":"tag-sports","11":"tag-tennis"},"share_on_mastodon":{"url":"https:\/\/pubeurope.com\/@fr\/115526338045500460","error":""},"_links":{"self":[{"href":"https:\/\/www.europesays.com\/fr\/wp-json\/wp\/v2\/posts\/525240","targetHints":{"allow":["GET"]}}],"collection":[{"href":"https:\/\/www.europesays.com\/fr\/wp-json\/wp\/v2\/posts"}],"about":[{"href":"https:\/\/www.europesays.com\/fr\/wp-json\/wp\/v2\/types\/post"}],"author":[{"embeddable":true,"href":"https:\/\/www.europesays.com\/fr\/wp-json\/wp\/v2\/users\/2"}],"replies":[{"embeddable":true,"href":"https:\/\/www.europesays.com\/fr\/wp-json\/wp\/v2\/comments?post=525240"}],"version-history":[{"count":0,"href":"https:\/\/www.europesays.com\/fr\/wp-json\/wp\/v2\/posts\/525240\/revisions"}],"wp:featuredmedia":[{"embeddable":true,"href":"https:\/\/www.europesays.com\/fr\/wp-json\/wp\/v2\/media\/525241"}],"wp:attachment":[{"href":"https:\/\/www.europesays.com\/fr\/wp-json\/wp\/v2\/media?parent=525240"}],"wp:term":[{"taxonomy":"category","embeddable":true,"href":"https:\/\/www.europesays.com\/fr\/wp-json\/wp\/v2\/categories?post=525240"},{"taxonomy":"post_tag","embeddable":true,"href":"https:\/\/www.europesays.com\/fr\/wp-json\/wp\/v2\/tags?post=525240"}],"curies":[{"name":"wp","href":"https:\/\/api.w.org\/{rel}","templated":true}]}}