{"id":525244,"date":"2025-11-10T16:30:21","date_gmt":"2025-11-10T16:30:21","guid":{"rendered":"https:\/\/www.europesays.com\/fr\/525244\/"},"modified":"2025-11-10T16:30:21","modified_gmt":"2025-11-10T16:30:21","slug":"girondins-est-ce-que-cest-suffisant-pour-aller-chercher-la-premiere-place-le-constat-de-jonathan-dagostino-apres-la-rencontre-face-a-locmine","status":"publish","type":"post","link":"https:\/\/www.europesays.com\/fr\/525244\/","title":{"rendered":"Girondins : \u00ab\u00a0Est-ce que c&rsquo;est suffisant pour aller chercher la premi\u00e8re place ?\u00a0\u00bb, le constat de Jonathan D&rsquo;Agostino apr\u00e8s la rencontre face \u00e0 Locmin\u00e9"},"content":{"rendered":"<p><img decoding=\"async\" src=\"https:\/\/www.europesays.com\/fr\/wp-content\/uploads\/2025\/09\/671_f8922532737f14d212259abe7791c018.jpg\" alt=\"Girondins : &quot;Est-ce que c'est suffisant pour aller chercher la premi\u00e8re place ?&quot;, le constat de Jonathan D'Agostino apr\u00e8s la rencontre face \u00e0 Locmin\u00e9\" class=\"img-responsive mt-3\"\/><\/p>\n<p class=\"text-center mb-3\" style=\"font-size: 14px\">\u00a9 Iconsport<\/p>\n<p>      <strong>\u201cLe plan de jeu de Bruno Irl\u00e8s pourrait peser physiquement sur les Girondins\u201d<\/strong><\/p>\n<p style=\"text-align: justify;\">Dans le <a href=\"https:\/\/www.youtube.com\/watch?v=IlH9R1OYjro&amp;t=2539s\" target=\"_blank\" rel=\"noopener\">D\u00e9brief \u00e0 Chaud<\/a>, Jonathan D&rsquo;Agostino loue la capacit\u00e9 des Bordelais \u00e0 remporter la victoire sans \u00eatre flamboyants. Mais en prenant en compte l&rsquo;intensit\u00e9 demand\u00e9e par le syst\u00e8me de jeu et le manque de solutions sur le banc, il doute que \u00e7a suffise pour pr\u00e9tendre au titre de champion.<\/p>\n<p style=\"text-align: justify;\">\u00c9coutez ou lisez ses propos :<\/p>\n<p style=\"text-align: justify;\">\u00a0<\/p>\n<p><strong>\u00ab\u00a0Il y a un gap entre les rempla\u00e7ants et les titulaires\u00a0\u00bb<\/strong><\/p>\n<p style=\"text-align: justify;\">Jonathan D&rsquo;Agostino : \u00ab\u00a0Je pense que la pr\u00e9paration tronqu\u00e9e peut peser pendant l&rsquo;hiver, comme on l&rsquo;a vu l&rsquo;an pass\u00e9. On sent d\u00e9j\u00e0 quelques limites physiques. Il y a un gap entre les rempla\u00e7ants et les titulaires. Un onze clair se d\u00e9gage et il y a aussi l&rsquo;incorporation d&rsquo;un Tidyane Diagouraga. Tu as douze joueurs sur lesquels tu as des certitudes, ils feront le boulot. M\u00eame si, d\u00e9fensivement, je trouve que Oualid El Hadjam est encore un peu juste. Dans certaines situations, tu te dis que, face \u00e0 de meilleures \u00e9quipes, \u00e7a va coincer.\u00a0\u00bb<\/p>\n<p>\u00ab\u00a0Ce qu&rsquo;on a vu des entrants ce soir, ce n&rsquo;\u00e9tait pas glorieux\u00a0\u00bb<\/p>\n<p style=\"text-align: justify;\">\u00ab\u00a0Sur les deux derniers matchs, on joue le dernier de la poule et un promu, donc on l&#8217;emporte sans trop forcer. On n&rsquo;avait pas cette marge la saison pass\u00e9e, on ne va pas s&rsquo;en plaindre. Mais est-ce que c&rsquo;est suffisant pour aller chercher la premi\u00e8re place ? La question se pose. Le plan de jeu est \u00e9nergivore et le syst\u00e8me actuel n&rsquo;\u00e9tait pas pr\u00e9vu. Il va falloir que des joueurs comme Faissal Manai ou Soufiane Bahassa rel\u00e8vent leur niveau. Ce qu&rsquo;on a vu des entrants ce soir, ce n&rsquo;\u00e9tait pas glorieux. On m&rsquo;a dit que j&rsquo;ai \u00e9t\u00e9 dur avec Bahassa la semaine derni\u00e8re, mais son entr\u00e9e ce soir a \u00e9t\u00e9 compliqu\u00e9e.\u00a0\u00bb<\/p>\n<p>\u00c0 suivre aussi &gt;&gt;\u00a0<strong><a href=\"https:\/\/www.webgirondins.com\/actualite-girondins-r1-resultats-et-classement-apres-la-premiere-victoire-des-girondins-de-bordeaux-131095\" target=\"_blank\" rel=\"noopener\">R1 : r\u00e9sultats et classement apr\u00e8s la premi\u00e8re victoire des Girondins de Bordeaux<\/a><\/strong><\/p>\n","protected":false},"excerpt":{"rendered":"\u00a9 Iconsport \u201cLe plan de jeu de Bruno Irl\u00e8s pourrait peser physiquement sur les Girondins\u201d Dans le D\u00e9brief&hellip;\n","protected":false},"author":2,"featured_media":371502,"comment_status":"","ping_status":"","sticky":false,"template":"","format":"standard","meta":{"footnotes":""},"categories":[1410],"tags":[53922,14172,7827,150,1997,46005,39250,64497,17438,28257,2823,4989,63,1011,27,1987,14171,22567,9085,5536,471,3051,5486,18758,44863,60,52130,10125,1264],"class_list":{"0":"post-525244","1":"post","2":"type-post","3":"status-publish","4":"format-standard","5":"has-post-thumbnail","7":"category-football","8":"tag-affichent","9":"tag-agostino","10":"tag-aller","11":"tag-apres","12":"tag-bordeaux","13":"tag-chercher","14":"tag-competitions","15":"tag-confondues","16":"tag-consecutive","17":"tag-constat","18":"tag-face","19":"tag-fatigue","20":"tag-football","21":"tag-fr","22":"tag-france","23":"tag-girondins","24":"tag-jonathan","25":"tag-locmine","26":"tag-malgre","27":"tag-place","28":"tag-pour","29":"tag-premiere","30":"tag-rencontre","31":"tag-septieme","32":"tag-signes","33":"tag-sports","34":"tag-suffisant","35":"tag-toutes","36":"tag-victoire"},"share_on_mastodon":{"url":"https:\/\/pubeurope.com\/@fr\/115526358495095434","error":""},"_links":{"self":[{"href":"https:\/\/www.europesays.com\/fr\/wp-json\/wp\/v2\/posts\/525244","targetHints":{"allow":["GET"]}}],"collection":[{"href":"https:\/\/www.europesays.com\/fr\/wp-json\/wp\/v2\/posts"}],"about":[{"href":"https:\/\/www.europesays.com\/fr\/wp-json\/wp\/v2\/types\/post"}],"author":[{"embeddable":true,"href":"https:\/\/www.europesays.com\/fr\/wp-json\/wp\/v2\/users\/2"}],"replies":[{"embeddable":true,"href":"https:\/\/www.europesays.com\/fr\/wp-json\/wp\/v2\/comments?post=525244"}],"version-history":[{"count":0,"href":"https:\/\/www.europesays.com\/fr\/wp-json\/wp\/v2\/posts\/525244\/revisions"}],"wp:featuredmedia":[{"embeddable":true,"href":"https:\/\/www.europesays.com\/fr\/wp-json\/wp\/v2\/media\/371502"}],"wp:attachment":[{"href":"https:\/\/www.europesays.com\/fr\/wp-json\/wp\/v2\/media?parent=525244"}],"wp:term":[{"taxonomy":"category","embeddable":true,"href":"https:\/\/www.europesays.com\/fr\/wp-json\/wp\/v2\/categories?post=525244"},{"taxonomy":"post_tag","embeddable":true,"href":"https:\/\/www.europesays.com\/fr\/wp-json\/wp\/v2\/tags?post=525244"}],"curies":[{"name":"wp","href":"https:\/\/api.w.org\/{rel}","templated":true}]}}