{"id":525253,"date":"2025-11-10T16:36:13","date_gmt":"2025-11-10T16:36:13","guid":{"rendered":"https:\/\/www.europesays.com\/fr\/525253\/"},"modified":"2025-11-10T16:36:13","modified_gmt":"2025-11-10T16:36:13","slug":"les-images-exceptionnelles-de-la-descente-historique-dandrzej-bargiel-alpine-mag","status":"publish","type":"post","link":"https:\/\/www.europesays.com\/fr\/525253\/","title":{"rendered":"les images exceptionnelles de la descente historique d\u2019Andrzej Bargiel \u2013 Alpine Mag"},"content":{"rendered":"<p>Les images sont \u00e0 couper le souffle, et il est vraiment extraordinaire de pouvoir regarder cette descente \u00e0 skis de l\u2019Everest comme si on y \u00e9tait \u2013 ou plut\u00f4t comme si on \u00e9tait un oiseau volant \u00e0 pr\u00e8s de 9000 m\u00e8tres.<\/p>\n<p>Apr\u00e8s deux tentatives les ann\u00e9es pr\u00e9c\u00e9dentes, <strong>Andrzej Bargiel<\/strong> a r\u00e9alis\u00e9 la premi\u00e8re descente \u00e0 ski int\u00e9grale et sans oxyg\u00e8ne additionnel, depuis le sommet de l\u2019Everest jusqu\u2019au camp de base, le 22 septembre dernier. Parti dans la soir\u00e9e du 21, il a atteint le sommet le 22 septembre avec Pasang Rinzee Sherpa. Andrzej Bargiel a ski\u00e9 l\u2019ar\u00eate sommitale effil\u00e9e et les raides pentes de poudreuse au-dessus et en-dessous du col Sud, jusqu\u2019au camp II. Le lendemain, il a ski\u00e9 \u00e0 travers le labyrinthe de crevasses de l\u2019Ice Fall. Une descente historique quelques jours avant celle de <a href=\"https:\/\/alpinemag.fr\/everest-versant-nord-ski-premiere-descente-couloir-hornbein-jim-morrison\/\" target=\"_blank\" rel=\"noopener nofollow\">Jim Morrison<\/a>, versant nord cette fois.<\/p>\n<p>Le polonais Andrzej Bargiel est le seul homme \u00e0 avoir ski\u00e9 l\u2019Everest et le K2. Les images en drone de sa descente sont exceptionnelles. Et voir l\u2019Everest avec deux petits bonhommes seuls tra\u00e7ant dans la neige profonde, sur l\u2019ar\u00eate du Toit du monde, est du jamais-vu en vid\u00e9o : en effet au printemps les exp\u00e9s sont nombreuses tandis qu\u2019\u00e0 l\u2019automne l\u2019exp\u00e9 de Bargiel \u00e9tait seule sur la montagne. Les images sur l\u2019ar\u00eate sommitale sont inoubliables, mais la tension reste extr\u00eame, le lendemain, quand Andrzej skie \u00e0 travers le labyrinthe et les plots g\u00e9ants de l\u2019Ice Fall.<\/p>\n<p>Un film \u00e0 voir sur grand \u00e9cran.<\/p>\n<p>\u00a0<\/p>\n","protected":false},"excerpt":{"rendered":"Les images sont \u00e0 couper le souffle, et il est vraiment extraordinaire de pouvoir regarder cette descente \u00e0&hellip;\n","protected":false},"author":2,"featured_media":525254,"comment_status":"","ping_status":"","sticky":false,"template":"","format":"standard","meta":{"footnotes":""},"categories":[1354],"tags":[58,59,1346,1011,27,1360],"class_list":{"0":"post-525253","1":"post","2":"type-post","3":"status-publish","4":"format-standard","5":"has-post-thumbnail","7":"category-films","8":"tag-divertissement","9":"tag-entertainment","10":"tag-films","11":"tag-fr","12":"tag-france","13":"tag-movies"},"share_on_mastodon":{"url":"https:\/\/pubeurope.com\/@fr\/115526381644376669","error":""},"_links":{"self":[{"href":"https:\/\/www.europesays.com\/fr\/wp-json\/wp\/v2\/posts\/525253","targetHints":{"allow":["GET"]}}],"collection":[{"href":"https:\/\/www.europesays.com\/fr\/wp-json\/wp\/v2\/posts"}],"about":[{"href":"https:\/\/www.europesays.com\/fr\/wp-json\/wp\/v2\/types\/post"}],"author":[{"embeddable":true,"href":"https:\/\/www.europesays.com\/fr\/wp-json\/wp\/v2\/users\/2"}],"replies":[{"embeddable":true,"href":"https:\/\/www.europesays.com\/fr\/wp-json\/wp\/v2\/comments?post=525253"}],"version-history":[{"count":0,"href":"https:\/\/www.europesays.com\/fr\/wp-json\/wp\/v2\/posts\/525253\/revisions"}],"wp:featuredmedia":[{"embeddable":true,"href":"https:\/\/www.europesays.com\/fr\/wp-json\/wp\/v2\/media\/525254"}],"wp:attachment":[{"href":"https:\/\/www.europesays.com\/fr\/wp-json\/wp\/v2\/media?parent=525253"}],"wp:term":[{"taxonomy":"category","embeddable":true,"href":"https:\/\/www.europesays.com\/fr\/wp-json\/wp\/v2\/categories?post=525253"},{"taxonomy":"post_tag","embeddable":true,"href":"https:\/\/www.europesays.com\/fr\/wp-json\/wp\/v2\/tags?post=525253"}],"curies":[{"name":"wp","href":"https:\/\/api.w.org\/{rel}","templated":true}]}}