{"id":525257,"date":"2025-11-10T16:38:14","date_gmt":"2025-11-10T16:38:14","guid":{"rendered":"https:\/\/www.europesays.com\/fr\/525257\/"},"modified":"2025-11-10T16:38:14","modified_gmt":"2025-11-10T16:38:14","slug":"le-president-de-ferrari-demande-a-leclerc-et-hamilton-de-moins-parler","status":"publish","type":"post","link":"https:\/\/www.europesays.com\/fr\/525257\/","title":{"rendered":"Le pr\u00e9sident de Ferrari demande \u00e0 Leclerc et Hamilton \u00ab\u00a0de moins parler\u00a0\u00bb"},"content":{"rendered":"<p>Pr\u00e9sident de <a href=\"https:\/\/fr.motorsport.com\/team\/ferrari\/615\/\" target=\"_blank\" rel=\"noopener\">Ferrari<\/a>, John Elkann n&rsquo;appr\u00e9cie pas vraiment la copie rendue par la Scuderia au Grand Prix de S\u00e3o Paulo. L&rsquo;\u00e9curie a quitt\u00e9 Interlagos avec seulement les six points glan\u00e9s lors du sprint, crucifi\u00e9e le lendemain par le double abandon de <a href=\"https:\/\/fr.motorsport.com\/driver\/charles-leclerc\/109632\/\" target=\"_blank\" rel=\"noopener\">Charles Leclerc<\/a> et <a href=\"https:\/\/fr.motorsport.com\/driver\/lewis-hamilton\/76878\/\" target=\"_blank\" rel=\"noopener\">Lewis Hamilton<\/a>.<\/p>\n<p>Le Mon\u00e9gasque a \u00e9t\u00e9 une victime collat\u00e9rale de l&rsquo;accrochage entre <a href=\"https:\/\/fr.motorsport.com\/driver\/oscar-piastri\/835356\/\" target=\"_blank\" rel=\"noopener\">Oscar Piastri<\/a> et <a href=\"https:\/\/fr.motorsport.com\/driver\/kimi-antonelli\/947765\/\" target=\"_blank\" rel=\"noopener\">Kimi Antonelli<\/a>, tandis que le septuple champion du monde a vu sa course tourner au calvaire apr\u00e8s des contacts successifs avec Carlos Sainz et <a href=\"https:\/\/fr.motorsport.com\/driver\/franco-colapinto\/875918\/\" target=\"_blank\" rel=\"noopener\">Franco Colapinto<\/a>, une p\u00e9nalit\u00e9 pour le second incident, et un abandon en raison d&rsquo;une monoplace trop endommag\u00e9e pour esp\u00e9rer quoi que ce soit.\u00a0<\/p>\n<p>Au <a href=\"https:\/\/fr.motorsport.com\/f1\/standings\/2025\/?type=Team&amp;class=\" target=\"_self\" rel=\"noopener\">championnat<\/a>, Ferrari a pris un \u00e9clat face \u00e0 <a href=\"https:\/\/fr.motorsport.com\/team\/mercedes\/611\/\" target=\"_blank\" rel=\"noopener\">Mercedes<\/a>, qui a inscrit de gros points et pris le large \u00e0 la deuxi\u00e8me place encore en jeu derri\u00e8re <a href=\"https:\/\/fr.motorsport.com\/team\/mclaren\/609\/\" target=\"_blank\" rel=\"noopener\">McLaren<\/a>. Rel\u00e9gu\u00e9e \u00e0 37 longueurs de la place de dauphin, l&rsquo;\u00e9quipe dirig\u00e9e par Fr\u00e9d\u00e9ric Vasseur a m\u00eame chut\u00e9 au quatri\u00e8me rang derri\u00e8re <a href=\"https:\/\/fr.motorsport.com\/team\/red-bull\/553\/\" target=\"_blank\" rel=\"noopener\">Red Bull<\/a>.<\/p>\n<p>De quoi agacer passablement le grand patron, interrog\u00e9 lundi sur les r\u00e9sultats du Cheval cabr\u00e9 en F1, \u00e0 l&rsquo;occasion d&rsquo;un \u00e9v\u00e9nement organis\u00e9 pour sceller un partenariat entre Stellantis et le comit\u00e9 d&rsquo;organisation des Jeux olympiques d&rsquo;hiver 2026 de Milan-Cortina.<\/p>\n<blockquote>\n<p>Quand Ferrari est unie, on obtient des r\u00e9sultats.<\/p>\n<\/blockquote>\n<p>   <img decoding=\"async\" draggable=\"false\" src=\"https:\/\/www.europesays.com\/fr\/wp-content\/uploads\/2025\/11\/john-elkann-ferrari-chairman.jpg\" alt=\"John Elkann a fait une sortie remarqu\u00e9e... \" width=\"1200\" height=\"800\" loading=\"lazy\"\/> <\/p>\n<p class=\"title\">John Elkann a fait une sortie remarqu\u00e9e&#8230;<\/p>\n<p class=\"photographer\">Photo de: Kym Illman \/ Getty Images<\/p>\n<p>\u00ab\u00a0Le Br\u00e9sil a \u00e9t\u00e9 une immense d\u00e9ception\u00a0\u00bb, a largement d\u00e9plor\u00e9 John Elkann, avant de prot\u00e9ger certains \u00e9l\u00e9ments de l&rsquo;\u00e9quipe&#8230; et de cibler les pilotes.\u00a0\u00ab\u00a0Si l&rsquo;on se penche sur la Formule 1, on peut dire que d&rsquo;un c\u00f4t\u00e9, on a nos m\u00e9caniciens, qui remportent presque le championnat au niveau de leurs performances et de tout ce qui a \u00e9t\u00e9 fait lors des arr\u00eats au stand. Si l&rsquo;on prend les ing\u00e9nieurs, il ne fait aucun doute que la voiture a progress\u00e9.\u00a0\u00bb<\/p>\n<p>\u00ab\u00a0Si l&rsquo;on regarde le reste, ce n&rsquo;est pas au niveau. Nous avons s\u00fbrement des pilotes pour qui il est important de se concentrer sur le pilotage et de moins parler, car il y a encore des courses importantes qui nous attendent et terminer deuxi\u00e8me du championnat n&rsquo;est pas impossible.\u00a0\u00bb<\/p>\n<p>L&rsquo;homme d&rsquo;affaires a \u00e9galement cit\u00e9 en exemple <a href=\"https:\/\/fr.motorsport.com\/wec\/news\/toyota-domine-8h-bahrein-ferrari-titres\/10774832\/\" target=\"_self\" rel=\"noopener\">la r\u00e9ussite de Ferrari en endurance<\/a>, alors que le constructeur vient de remporter le titre mondial en FIA WEC pour la premi\u00e8re fois de son histoire. Et l\u00e0 aussi, la pique est \u00e0 peine masqu\u00e9e.<\/p>\n<p>\u00ab\u00a0\u00c0 Bahre\u00efn, on a remport\u00e9 le titre en WEC. Quand Ferrari est unie, on obtient des r\u00e9sultats\u00a0\u00bb, a-t-il conclu.\u00a0\u00ab\u00a0Ce fut une \u00e9motion extraordinaire : gagner \u00e0 la fois chez les constructeurs et chez les pilotes est une tr\u00e8s belle d\u00e9monstration de la mani\u00e8re dont, lorsque Ferrari est unie, lorsque tout le monde est ensemble, on peut accomplir de tr\u00e8s grandes choses.\u00a0\u00bb<\/p>\n<p style=\"text-align: right;\">Avec\u00a0Gianluca D&rsquo;Alessandro<\/p>\n<p>Lire aussi :<\/p>\n<p>            Votre avis nous int\u00e9resse !<\/p>\n<p class=\"mt-auto\">Qu&rsquo;aimeriez-vous voir sur Motorsport.com ?<\/p>\n<p>            <a href=\"#\" class=\"ms-link text-link font-bold\">R\u00e9pondez \u00e0 notre enqu\u00eate en 5 minutes.<\/a><\/p>\n<p class=\"mt-1 text-body\">&#8211; L&rsquo;\u00e9quipe Motorsport.com<\/p>\n","protected":false},"excerpt":{"rendered":"Pr\u00e9sident de Ferrari, John Elkann n&rsquo;appr\u00e9cie pas vraiment la copie rendue par la Scuderia au Grand Prix de&hellip;\n","protected":false},"author":2,"featured_media":525258,"comment_status":"","ping_status":"","sticky":false,"template":"","format":"standard","meta":{"footnotes":""},"categories":[9],"tags":[2240,2251,1454,1011,27,18291,64507,1975,60],"class_list":{"0":"post-525257","1":"post","2":"type-post","3":"status-publish","4":"format-standard","5":"has-post-thumbnail","7":"category-sports","8":"tag-charles-leclerc","9":"tag-ferrari","10":"tag-formule-1","11":"tag-fr","12":"tag-france","13":"tag-john-elkann","14":"tag-le-pru00e9sident-de-ferrari-demande-u00e0-leclerc-et-hamilton-de-moins-parler","15":"tag-lewis-hamilton","16":"tag-sports"},"share_on_mastodon":{"url":"https:\/\/pubeurope.com\/@fr\/115526390249996529","error":""},"_links":{"self":[{"href":"https:\/\/www.europesays.com\/fr\/wp-json\/wp\/v2\/posts\/525257","targetHints":{"allow":["GET"]}}],"collection":[{"href":"https:\/\/www.europesays.com\/fr\/wp-json\/wp\/v2\/posts"}],"about":[{"href":"https:\/\/www.europesays.com\/fr\/wp-json\/wp\/v2\/types\/post"}],"author":[{"embeddable":true,"href":"https:\/\/www.europesays.com\/fr\/wp-json\/wp\/v2\/users\/2"}],"replies":[{"embeddable":true,"href":"https:\/\/www.europesays.com\/fr\/wp-json\/wp\/v2\/comments?post=525257"}],"version-history":[{"count":0,"href":"https:\/\/www.europesays.com\/fr\/wp-json\/wp\/v2\/posts\/525257\/revisions"}],"wp:featuredmedia":[{"embeddable":true,"href":"https:\/\/www.europesays.com\/fr\/wp-json\/wp\/v2\/media\/525258"}],"wp:attachment":[{"href":"https:\/\/www.europesays.com\/fr\/wp-json\/wp\/v2\/media?parent=525257"}],"wp:term":[{"taxonomy":"category","embeddable":true,"href":"https:\/\/www.europesays.com\/fr\/wp-json\/wp\/v2\/categories?post=525257"},{"taxonomy":"post_tag","embeddable":true,"href":"https:\/\/www.europesays.com\/fr\/wp-json\/wp\/v2\/tags?post=525257"}],"curies":[{"name":"wp","href":"https:\/\/api.w.org\/{rel}","templated":true}]}}