{"id":525265,"date":"2025-11-10T16:42:12","date_gmt":"2025-11-10T16:42:12","guid":{"rendered":"https:\/\/www.europesays.com\/fr\/525265\/"},"modified":"2025-11-10T16:42:12","modified_gmt":"2025-11-10T16:42:12","slug":"bill-gates-climatosceptique-quand-donald-trump-prend-ses-reves-pour-des-realites","status":"publish","type":"post","link":"https:\/\/www.europesays.com\/fr\/525265\/","title":{"rendered":"Bill Gates, climatosceptique ? Quand Donald Trump prend ses r\u00eaves pour des r\u00e9alit\u00e9s"},"content":{"rendered":"<p>\n    Accus\u00e9 par le pr\u00e9sident am\u00e9ricain d\u2019avoir reni\u00e9 ses positions \u00e9cologiques, l\u2019entrepreneur suscite la pol\u00e9mique apr\u00e8s avoir publi\u00e9 un billet sur son blog. Pourtant, il ne remet pas en cause le r\u00e9chauffement climatique, mais plaide pour une approche moins alarmiste, ax\u00e9e sur l\u2019innovation.<\/p>\n<p class=\"fig-paragraph\">En f\u00e9vrier 2021, il publiait un ouvrage au titre alarmiste mais prometteur\u00a0: Climat, comment \u00e9viter un d\u00e9sastre (Flammarion). Solutionniste convaincu, ap\u00f4tre du \u00abz\u00e9ro \u00e9mission nette\u00bb d\u2019ici 2050,\u00a0<a href=\"http:\/\/www.lefigaro.fr\/flash-eco\/un-fonds-cree-par-bill-gates-investit-dans-l-extraction-plus-ecologique-du-lithium-20200220\" data-fig-type=\"NewsFlash\" data-gtm-custom-categorie=\"navigation\" data-gtm-custom-action=\"crossclick\" data-gtm-custom-label=\"Contextuel\" data-gtm-event=\"customEventSPE\" data-fig-domain=\"LEFIGARO\" target=\"_blank\" rel=\"noopener\">Bill Gates<\/a>\u00a0semblait alors \u00e0 mille lieues de rejoindre les cercles climatosceptiques. Pourtant, alors que s\u2019ouvre la\u00a0<a href=\"http:\/\/www.lefigaro.fr\/international\/belem-5-choses-a-savoir-sur-la-ville-bresilienne-qui-accueille-la-cop30-20251106\" data-fig-type=\"NewsFlash\" data-gtm-custom-categorie=\"navigation\" data-gtm-custom-action=\"crossclick\" data-gtm-custom-label=\"Contextuel\" data-gtm-event=\"customEventSPE\" data-fig-domain=\"LEFIGARO\" target=\"_blank\" rel=\"noopener\">COP30 \u00e0 Bel\u00e9m<\/a>, au Br\u00e9sil, une note publi\u00e9e sur son site a sem\u00e9 le doute.<\/p>\n<p class=\"fig-paragraph\">Le 28 octobre, dans un texte mis en ligne sur son blog personnel, le cofondateur de Microsoft \u00e9crit cette phrase devenue virale\u00a0: \u00abbien que le changement climatique ait de graves cons\u00e9quences \u2014 en particulier pour les populations des pays les plus pauvres \u2014, il n\u2019entra\u00eenera pas la disparition de l\u2019humanit\u00e9.\u00bb En quelques heures, l\u2019extrait se retrouve sur Reddit, puis sur X, o\u00f9 il est relay\u00e9 par des centaines d\u2019internautes. L\u2019interpr\u00e9tation ne tarde pas\u00a0: Gates minimiserait le r\u00e9chauffement climatique.<\/p>\n<p>                                    <a class=\"fig-a11y-skip a11y-hidden\" href=\"#fig-a11y-skip-main-inarticle\"><br \/>\n        Passer la publicit\u00e9<br \/>\n    <\/a><\/p>\n<p class=\"fig-paragraph\">Quelques jours plus tard,\u00a0<a href=\"http:\/\/www.lefigaro.fr\/international\/gavin-newsom-le-jeune-premier-devenu-principal-adversaire-de-donald-trump-20251109\" data-fig-type=\"Article\" data-gtm-custom-categorie=\"navigation\" data-gtm-custom-action=\"crossclick\" data-gtm-custom-label=\"Contextuel\" data-gtm-event=\"customEventSPE\" data-fig-domain=\"LEFIGARO\" target=\"_blank\" rel=\"noopener\">Donald Trump<\/a>\u00a0s\u2019en empare. Sur son r\u00e9seau Truth Social, l\u2019ancien pr\u00e9sident am\u00e9ricain, qui nie depuis des ann\u00e9es la r\u00e9alit\u00e9 du d\u00e9r\u00e8glement d\u2019origine humaine, s\u2019enorgueillit d\u2019avoir \u00abgagn\u00e9 la guerre contre le canular climatique\u00bb. Et d\u2019ajouter, triomphant\u00a0: \u00abBill Gates a enfin reconnu qu\u2019il avait TORT.\u00bb<\/p>\n<p><strong>Une citation tronqu\u00e9e<\/strong><\/p>\n<p class=\"fig-paragraph\">La r\u00e9alit\u00e9, elle, est tout autre. Le billet de Bill Gates d\u00e9bute ainsi, \u00able changement climatique est grave, mais nous avons fait de grands progr\u00e8s.\u00bb L\u2019entrepreneur ne nie donc ni les causes humaines du r\u00e9chauffement, ni ses effets. Il d\u00e9nonce en revanche une \u00abvision apocalyptique\u00bb qui, selon lui, freine l\u2019action en nourrissant la peur.<\/p>\n<p class=\"fig-paragraph\">L\u2019Am\u00e9ricain reproche \u00e0 la communaut\u00e9 scientifique de concentrer le d\u00e9bat sur les objectifs d\u2019\u00e9missions \u00e0 court terme, au d\u00e9triment des innovations capables de transformer durablement nos modes de production. \u00abLe r\u00e9chauffement climatique ne va pas conduire \u00e0 l\u2019extinction de l\u2019humanit\u00e9. Les populations continueront \u00e0 vivre et \u00e0 prosp\u00e9rer sur la majorit\u00e9 de la plan\u00e8te dans un futur proche\u00bb, \u00e9crit-il, plaidant pour une approche plus pragmatique, tourn\u00e9e vers les solutions.<\/p>\n<p class=\"fig-paragraph\">Loin d\u2019un quelconque revirement id\u00e9ologique, le milliardaire reste ainsi fid\u00e8le \u00e0 sa ligne\u00a0:<a href=\"https:\/\/www.lefigaro.fr\/flash-eco\/2018\/10\/17\/97002-20181017FILWWW00295-bill-gates-et-l-ue-lancent-un-fonds-d-investissement-pour-les-energies-propres.php\" data-fig-type=\"NewsFlash\" data-gtm-custom-categorie=\"navigation\" data-gtm-custom-action=\"crossclick\" data-gtm-custom-label=\"Contextuel\" data-gtm-event=\"customEventSPE\" data-fig-domain=\"LEFIGARO\" target=\"_blank\" rel=\"noopener\">\u00a0investir dans la technologie<\/a>\u00a0pour r\u00e9soudre les d\u00e9fis du si\u00e8cle. Depuis plusieurs ann\u00e9es, il finance des projets de g\u00e9oing\u00e9nierie et de capture du carbone via des soci\u00e9t\u00e9s comme Silver Lining ou Carbon Engineering Ltd.. En 2015, il a lanc\u00e9 Breakthrough Energy Ventures, un fonds d\u2019investissement dot\u00e9 d\u2019un milliard de dollars pour soutenir les \u00e9nergies propres \u2014 avec \u00e0 ses c\u00f4t\u00e9s Jeff Bezos ou Mark Zuckerberg.<\/p>\n<p><strong>Un discours qui divise<\/strong><\/p>\n<p class=\"fig-paragraph\">Pour Bill Gates, la plan\u00e8te peut attendre\u00a0: la priorit\u00e9 doit aller \u00e0 ses habitants. \u00abLes plus grandes menaces sont aujourd\u2019hui la pauvret\u00e9 et la maladie, comme elles l\u2019ont toujours \u00e9t\u00e9\u00bb, insiste-t-il, appelant les dirigeants de la COP30 \u00e0 recentrer leurs efforts sur \u00abl\u2019am\u00e9lioration des conditions de vie\u00bb. Une position en droite ligne avec l\u2019action de la\u00a0<a href=\"https:\/\/www.lefigaro.fr\/societes\/divorce-de-bill-et-melinda-gates-quel-avenir-pour-la-fondation-la-plus-puissante-au-monde-20210504\" data-fig-type=\"Article\" data-gtm-custom-categorie=\"navigation\" data-gtm-custom-action=\"crossclick\" data-gtm-custom-label=\"Contextuel\" data-gtm-event=\"customEventSPE\" data-fig-domain=\"LEFIGARO\" target=\"_blank\" rel=\"noopener\">Fondation Bill-et-Melinda-Gates<\/a>, qu\u2019il a fond\u00e9e avec son ex-\u00e9pouse en 2006.<\/p>\n<p>                                    <a class=\"fig-a11y-skip a11y-hidden\" href=\"#fig-a11y-skip-main-inarticle_mtf\"><br \/>\n        Passer la publicit\u00e9<br \/>\n    <\/a><\/p>\n<p class=\"fig-paragraph\">Mais cette hi\u00e9rarchie des urgences laisse sceptique une partie du monde scientifique. \u00abLe r\u00e9chauffement climatique sape les efforts d\u2019\u00e9radication de la pauvret\u00e9 et de d\u00e9veloppement humain\u00bb, rappelle Rachel Cleetus, de l\u2019Union of Concerned Scientists \u00e0 l\u2019AFP. D\u2019autres, comme le climatologue Michael Mann, ironisent aupr\u00e8s de l\u2019agence fran\u00e7aise\u00a0: \u00abBill Gates raisonne comme si la plan\u00e8te \u00e9tait un ordinateur qu\u2019on pouvait red\u00e9marrer apr\u00e8s un plantage. Le probl\u00e8me, c\u2019est qu\u2019une fois la plan\u00e8te plant\u00e9e, il n\u2019y a pas de bouton reset.\u00bb<\/p>\n<p class=\"fig-paragraph\">Son credo n\u2019a donc pas vari\u00e9\u00a0: il faut innover, pas renoncer. \u00abChaque dixi\u00e8me de degr\u00e9 de r\u00e9chauffement \u00e9vit\u00e9 est extr\u00eamement b\u00e9n\u00e9fique, car un climat stable favorise l\u2019am\u00e9lioration des conditions de vie\u00bb, a-t-il martel\u00e9 face \u00e0 la pol\u00e9mique.<\/p>\n","protected":false},"excerpt":{"rendered":"Accus\u00e9 par le pr\u00e9sident am\u00e9ricain d\u2019avoir reni\u00e9 ses positions \u00e9cologiques, l\u2019entrepreneur suscite la pol\u00e9mique apr\u00e8s avoir publi\u00e9 un&hellip;\n","protected":false},"author":2,"featured_media":525266,"comment_status":"","ping_status":"","sticky":false,"template":"","format":"standard","meta":{"footnotes":""},"categories":[5],"tags":[11,2714,63463,75,1011,27,14,12,5140,28],"class_list":{"0":"post-525265","1":"post","2":"type-post","3":"status-publish","4":"format-standard","5":"has-post-thumbnail","7":"category-international","8":"tag-actualites","9":"tag-bill-gates","10":"tag-cop-30","11":"tag-donald-trump","12":"tag-fr","13":"tag-france","14":"tag-international","15":"tag-news","16":"tag-rechauffement-climatique","17":"tag-world"},"share_on_mastodon":{"url":"https:\/\/pubeurope.com\/@fr\/115526404949746025","error":""},"_links":{"self":[{"href":"https:\/\/www.europesays.com\/fr\/wp-json\/wp\/v2\/posts\/525265","targetHints":{"allow":["GET"]}}],"collection":[{"href":"https:\/\/www.europesays.com\/fr\/wp-json\/wp\/v2\/posts"}],"about":[{"href":"https:\/\/www.europesays.com\/fr\/wp-json\/wp\/v2\/types\/post"}],"author":[{"embeddable":true,"href":"https:\/\/www.europesays.com\/fr\/wp-json\/wp\/v2\/users\/2"}],"replies":[{"embeddable":true,"href":"https:\/\/www.europesays.com\/fr\/wp-json\/wp\/v2\/comments?post=525265"}],"version-history":[{"count":0,"href":"https:\/\/www.europesays.com\/fr\/wp-json\/wp\/v2\/posts\/525265\/revisions"}],"wp:featuredmedia":[{"embeddable":true,"href":"https:\/\/www.europesays.com\/fr\/wp-json\/wp\/v2\/media\/525266"}],"wp:attachment":[{"href":"https:\/\/www.europesays.com\/fr\/wp-json\/wp\/v2\/media?parent=525265"}],"wp:term":[{"taxonomy":"category","embeddable":true,"href":"https:\/\/www.europesays.com\/fr\/wp-json\/wp\/v2\/categories?post=525265"},{"taxonomy":"post_tag","embeddable":true,"href":"https:\/\/www.europesays.com\/fr\/wp-json\/wp\/v2\/tags?post=525265"}],"curies":[{"name":"wp","href":"https:\/\/api.w.org\/{rel}","templated":true}]}}