{"id":525267,"date":"2025-11-10T16:43:12","date_gmt":"2025-11-10T16:43:12","guid":{"rendered":"https:\/\/www.europesays.com\/fr\/525267\/"},"modified":"2025-11-10T16:43:12","modified_gmt":"2025-11-10T16:43:12","slug":"direct-homme-arme-tue-a-lorient-laurent-nunez-salue-le-courage-et-la-reactivite-des-policiers","status":"publish","type":"post","link":"https:\/\/www.europesays.com\/fr\/525267\/","title":{"rendered":"DIRECT &#8211; Homme arm\u00e9 tu\u00e9 \u00e0 Lorient : Laurent Nu\u00f1ez salue le \u00ab\u00a0courage\u00a0\u00bb et la \u00ab\u00a0r\u00e9activit\u00e9\u00a0\u00bb des policiers"},"content":{"rendered":"<p>Fabrice Loher \u00e9voque une communication \u00e0 venir du parquet et appelle \u00ab\u00a0\u00e0 faire preuve de prudence et de responsabilit\u00e9\u00a0\u00bb<\/p>\n<p>Dans son post Facebook, le maire lorientais \u00e9voque une future communication du parquet sur le sujet. \u00ab\u00a0J\u2019ai \u00e9chang\u00e9 avec Madame le procureur de la R\u00e9publique qui s\u2019exprimera pour pr\u00e9ciser les circonstances des faits\u00a0\u00bb, pr\u00e9cise-t-il. \u00ab\u00a0\u00c0 ce stade, il serait inappropri\u00e9 de commenter davantage avant la communication officielle du parquet. J\u2019appelle chacun \u00e0 faire preuve de prudence et de responsabilit\u00e9, dans le respect du travail des enqu\u00eateurs et de la justice\u00a0\u00bb. Contact\u00e9e par l&rsquo;AFP, Laetitia Mirande, procureure de la R\u00e9publique de Lorient, a indiqu\u00e9 qu&rsquo;elle transmettrait un communiqu\u00e9 de presse ce lundi apr\u00e8s-midi.<\/p>\n","protected":false},"excerpt":{"rendered":"Fabrice Loher \u00e9voque une communication \u00e0 venir du parquet et appelle \u00ab\u00a0\u00e0 faire preuve de prudence et de&hellip;\n","protected":false},"author":2,"featured_media":525268,"comment_status":"","ping_status":"","sticky":false,"template":"","format":"standard","meta":{"footnotes":""},"categories":[4],"tags":[11,829,765,118,1011,27,1781,3729,12,25],"class_list":{"0":"post-525267","1":"post","2":"type-post","3":"status-publish","4":"format-standard","5":"has-post-thumbnail","7":"category-france","8":"tag-actualites","9":"tag-bretagne","10":"tag-en-continu","11":"tag-faits-divers","12":"tag-fr","13":"tag-france","14":"tag-lorient","15":"tag-morbihan","16":"tag-news","17":"tag-republique-francaise"},"share_on_mastodon":{"url":"https:\/\/pubeurope.com\/@fr\/115526408931316257","error":""},"_links":{"self":[{"href":"https:\/\/www.europesays.com\/fr\/wp-json\/wp\/v2\/posts\/525267","targetHints":{"allow":["GET"]}}],"collection":[{"href":"https:\/\/www.europesays.com\/fr\/wp-json\/wp\/v2\/posts"}],"about":[{"href":"https:\/\/www.europesays.com\/fr\/wp-json\/wp\/v2\/types\/post"}],"author":[{"embeddable":true,"href":"https:\/\/www.europesays.com\/fr\/wp-json\/wp\/v2\/users\/2"}],"replies":[{"embeddable":true,"href":"https:\/\/www.europesays.com\/fr\/wp-json\/wp\/v2\/comments?post=525267"}],"version-history":[{"count":0,"href":"https:\/\/www.europesays.com\/fr\/wp-json\/wp\/v2\/posts\/525267\/revisions"}],"wp:featuredmedia":[{"embeddable":true,"href":"https:\/\/www.europesays.com\/fr\/wp-json\/wp\/v2\/media\/525268"}],"wp:attachment":[{"href":"https:\/\/www.europesays.com\/fr\/wp-json\/wp\/v2\/media?parent=525267"}],"wp:term":[{"taxonomy":"category","embeddable":true,"href":"https:\/\/www.europesays.com\/fr\/wp-json\/wp\/v2\/categories?post=525267"},{"taxonomy":"post_tag","embeddable":true,"href":"https:\/\/www.europesays.com\/fr\/wp-json\/wp\/v2\/tags?post=525267"}],"curies":[{"name":"wp","href":"https:\/\/api.w.org\/{rel}","templated":true}]}}