{"id":525273,"date":"2025-11-10T16:46:11","date_gmt":"2025-11-10T16:46:11","guid":{"rendered":"https:\/\/www.europesays.com\/fr\/525273\/"},"modified":"2025-11-10T16:46:11","modified_gmt":"2025-11-10T16:46:11","slug":"meteo-des-temperatures-exceptionnelles-vont-toucher-la-loire-voici-a-quoi-sattendre","status":"publish","type":"post","link":"https:\/\/www.europesays.com\/fr\/525273\/","title":{"rendered":"M\u00e9t\u00e9o. Des temp\u00e9ratures \u00ab\u00a0exceptionnelles\u00a0\u00bb vont toucher la Loire : voici \u00e0 quoi s&rsquo;attendre"},"content":{"rendered":"<p>            Par<br \/>\n        <strong><br \/>\n            <a href=\"https:\/\/actu.fr\/auteur\/julien-sournies\" title=\"Consulter tous les articles de Julien Sournies\" rel=\"nofollow noopener\" target=\"_blank\">Julien Sournies<\/a><br \/>\n        <\/strong><\/p>\n<p>        Publi\u00e9 le<\/p>\n<p>            10 nov. 2025 \u00e0 17h32        <\/p>\n<p>L\u2019hiver n\u2019est pas tout \u00e0 fait proche en France et dans la <a href=\"https:\/\/actu.fr\/auvergne-rhone-alpes\/loire_42\" rel=\"nofollow noopener\" target=\"_blank\">Loire<\/a>. Alors que les journ\u00e9es sont rythm\u00e9es par des temp\u00e9ratures plus ou moins en phases avec les normales de saison ces derni\u00e8res semaines, le mercure va <strong>consid\u00e9rablement augmenter au cours des prochains jours<\/strong>. \u00ab\u2009Le fait m\u00e9t\u00e9orologique marquant de la semaine sera sans doute une puissante advection de sud d\u00e8s mercredi avec \u00e0 la clef de possibles records mensuels. 20 \u00e0 25\u00a0\u00b0C, voire plus possibles sur bon nombre de r\u00e9gions, parfois m\u00eame en montagne\u2009\u00bb, pr\u00e9vient Fran\u00e7ois Jobard, m\u00e9t\u00e9rologue \u00e0 <a href=\"https:\/\/actu.fr\/tag\/meteo-france\" rel=\"nofollow noopener\" target=\"_blank\">M\u00e9t\u00e9o-France<\/a>, lequel nous pr\u00e9voit une m\u00e9t\u00e9o \u00ab\u2009assez <strong>hallucinante<\/strong> pour une mi-novembre\u2009\u00bb.<\/p>\n<p>Jusqu\u2019\u00e0 22\u00b0C \u00e0 Montbrison et Roanne<\/p>\n<p class=\" wall-content\">\u00ab\u2009Cette nouvelle semaine devrait se d\u00e9rouler sous une <strong>douceur exceptionnelle<\/strong> et record pour la saison, gr\u00e2ce \u00e0 puissant flux de Sud\u2009\u00bb, explique de son c\u00f4t\u00e9 M\u00e9t\u00e9o-Loire. Si les moyennes saisonnales seront l\u00e9g\u00e8rement d\u00e9pass\u00e9es au cours de la journ\u00e9e de ce mardi 11\u00a0novembre dans la Loire, avec quelque 16\u00b0C attendus au thermom\u00e8tre, la douceur va s\u2019envoler \u00e0 compter de mercredi 12\u00a0novembre.<\/p>\n<p class=\" wall-content\">Selon les derni\u00e8res donn\u00e9es de M\u00e9t\u00e9o-France, le mercure affichera en effet jusqu\u2019\u00e0 19\u00b0C dans certaines communes lig\u00e9riennes.<\/p>\n<p class=\" wall-content\">Jeudi 13\u00a0novembre, les temp\u00e9ratures monteront encore d\u2019un cran\u2009: <strong>22\u00b0C<\/strong> sont notamment attendus sur les secteurs de Roanne et Montbrison, d\u2019apr\u00e8s M\u00e9t\u00e9o-France.\u00a0Vendredi 14\u00a0novembre, le mercure connaitra une l\u00e9g\u00e8re baisse, mais les maximales continueront de flirter avec la barre des 20\u00b0C dans plusieurs communes.<\/p>\n<p class=\" wall-content\">\n<p>Vers une d\u00e9gradation en fin de week-end<\/p>\n<p class=\" wall-content\">Les temp\u00e9ratures seront donc particuli\u00e8rement exceptionnelles. Pour rappel, durant cette p\u00e9riode de novembre, les temp\u00e9ratures maximales tournent autour des 10\u00b0C dans le d\u00e9partement de la Loire.<\/p>\n<blockquote class=\"ac-article-quote wall-content\">\n<p>Cet \u00e9pisode de douceur remarquable n\u2019en finit pas, mais on s\u2019y habitue et tout le monde s\u2019en fout\u2026 Pourtant, il faut savoir que jeudi prochain, les temp\u00e9ratures pourraient atteindre des niveaux records. Et ce n\u2019est pas un petit sujet.<\/p>\n<p>    <strong>Guillaume S\u00e9chet <\/strong><br \/>\n        M\u00e9t\u00e9orologiste    <\/p><\/blockquote>\n<p class=\" wall-content\">Mais ces temp\u00e9ratures \u00ab\u2009anormales\u2009\u00bb ne vont pas durer \u00e9ternellement. Toujours selon M\u00e9t\u00e9o-France, le temps va progressivement se d\u00e9grader en fin de week-end, avant une <strong>baisse marqu\u00e9e des temp\u00e9ratures<\/strong> la semaine prochaine.<\/p>\n<p class=\" wall-content\">Personnalisez votre actualit\u00e9 en ajoutant vos villes et m\u00e9dias en favori avec <a href=\"https:\/\/moncompte.actu.fr\" title=\"D\u00e9couvez Mon Actu\" rel=\"nofollow noopener\" data-trk=\"{&quot;cta&quot;:{&quot;action&quot;:&quot;https:\\\/\\\/moncompte.actu.fr&quot;,&quot;category&quot;:&quot;mon compte&quot;,&quot;from&quot;:&quot;article footer&quot;,&quot;name&quot;:&quot;Mon actu&quot;,&quot;type&quot;:&quot;cta&quot;}}\" target=\"_blank\">Mon Actu<\/a>.<\/p>\n","protected":false},"excerpt":{"rendered":"Par Julien Sournies Publi\u00e9 le 10 nov. 2025 \u00e0 17h32 L\u2019hiver n\u2019est pas tout \u00e0 fait proche en&hellip;\n","protected":false},"author":2,"featured_media":525274,"comment_status":"","ping_status":"","sticky":false,"template":"","format":"standard","meta":{"footnotes":""},"categories":[9653],"tags":[1111,11,2430,1777,674,1011,27,2487,2357,12,25,4001],"class_list":{"0":"post-525273","1":"post","2":"type-post","3":"status-publish","4":"format-standard","5":"has-post-thumbnail","7":"category-saint-etienne","8":"tag-actu","9":"tag-actualites","10":"tag-auvergne-rhone-alpes","11":"tag-eu","12":"tag-europe","13":"tag-fr","14":"tag-france","15":"tag-meteo","16":"tag-meteo-france","17":"tag-news","18":"tag-republique-francaise","19":"tag-saint-etienne"},"share_on_mastodon":{"url":"https:\/\/pubeurope.com\/@fr\/115526420692279111","error":""},"_links":{"self":[{"href":"https:\/\/www.europesays.com\/fr\/wp-json\/wp\/v2\/posts\/525273","targetHints":{"allow":["GET"]}}],"collection":[{"href":"https:\/\/www.europesays.com\/fr\/wp-json\/wp\/v2\/posts"}],"about":[{"href":"https:\/\/www.europesays.com\/fr\/wp-json\/wp\/v2\/types\/post"}],"author":[{"embeddable":true,"href":"https:\/\/www.europesays.com\/fr\/wp-json\/wp\/v2\/users\/2"}],"replies":[{"embeddable":true,"href":"https:\/\/www.europesays.com\/fr\/wp-json\/wp\/v2\/comments?post=525273"}],"version-history":[{"count":0,"href":"https:\/\/www.europesays.com\/fr\/wp-json\/wp\/v2\/posts\/525273\/revisions"}],"wp:featuredmedia":[{"embeddable":true,"href":"https:\/\/www.europesays.com\/fr\/wp-json\/wp\/v2\/media\/525274"}],"wp:attachment":[{"href":"https:\/\/www.europesays.com\/fr\/wp-json\/wp\/v2\/media?parent=525273"}],"wp:term":[{"taxonomy":"category","embeddable":true,"href":"https:\/\/www.europesays.com\/fr\/wp-json\/wp\/v2\/categories?post=525273"},{"taxonomy":"post_tag","embeddable":true,"href":"https:\/\/www.europesays.com\/fr\/wp-json\/wp\/v2\/tags?post=525273"}],"curies":[{"name":"wp","href":"https:\/\/api.w.org\/{rel}","templated":true}]}}