{"id":525279,"date":"2025-11-10T16:49:23","date_gmt":"2025-11-10T16:49:23","guid":{"rendered":"https:\/\/www.europesays.com\/fr\/525279\/"},"modified":"2025-11-10T16:49:23","modified_gmt":"2025-11-10T16:49:23","slug":"melvyn-jaminet-un-retour-a-point-nomme-pour-le-rct-contre-la-rochelle","status":"publish","type":"post","link":"https:\/\/www.europesays.com\/fr\/525279\/","title":{"rendered":"Melvyn Jaminet, un retour \u00e0 point nomm\u00e9 pour le RCT contre La Rochelle"},"content":{"rendered":"<p class=\"fs-5 \">Toute la semaine, le doute avait plan\u00e9. Jouera-t-il ? Ne jouera-t-il pas ? Aussi, l\u2019annonce de la composition du RCT, vendredi soir, avait eu l\u2019effet d\u2019un soulagement sur la rade.<\/p>\n<p class=\"fs-5 \">Malgr\u00e9 l\u2019entorse au coude droit contract\u00e9e \u00e0 Toulouse deux semaines plus t\u00f4t, Melvyn Jaminet, \u00ab courageux \u00bb d\u2019apr\u00e8s son entra\u00eeneur, \u00e9tait bien d\u2019attaque pour la r\u00e9ception de La Rochelle, samedi apr\u00e8s-midi. Grand bien lui en a pris.<\/p>\n<p class=\"fs-5 \">Comme souvent dans son jardin, le Hy\u00e9rois est sorti sous les acclamations du public, remplac\u00e9 par le l\u00e9gendaire Ma\u2019a Nonu \u00e0 la 64e minute de jeu.<\/p>\n<p class=\"fs-5 \">Sur le pr\u00e9 de Mayol, il n\u2019avait pourtant pas tout bien fait lors de cet ultime rendez-vous du bloc.<\/p>\n<p class=\"fs-5 \">Quelques couvertures hasardeuses (l\u2019une d\u2019elles menant \u00e0 un 50\/22 d\u2019Antoine Hastoy), un en-avant pr\u00e8s de la ligne adverse alors que l\u2019essai semblait tout fait (18e) et un nouveau ballon \u00e9chapp\u00e9 en l\u2019air (63e) avaient, entre autres, pu faire grincer Pierre Mignoni.<\/p>\n<p class=\"fs-5 \">M\u00eame face aux perches, ce buteur habituellement si fiable s\u2019\u00e9tait manqu\u00e9 \u00e0 trois reprises, sur deux transformations et une p\u00e9nalit\u00e9 (9e, 35e, 40e+2).<\/p>\n<p class=\"fs-5 \">Et pourtant. Il en fallait bien plus pour plonger le minot aux straps dans le doute. Face aux Maritimes, ces quelques bas ont \u00e9t\u00e9 compens\u00e9s par de tr\u00e8s nombreux hauts.<\/p>\n<p>                                                                                \u00ab Il ne se met pas la t\u00eate dans les choux \u00bb<\/p>\n<p class=\"fs-5 \">\u00ab Melvyn a eu des absences, notamment sur son placement. Il faut qu\u2019il rectifie \u00e7a. Il doit \u00eatre beaucoup plus concentr\u00e9 sur des choses qui paraissent basiques, comme le jeu sans ballon, le placement en troisi\u00e8me rideau \u00bb, pointait, apr\u00e8s la rencontre, l\u2019exigeant Mignoni. Avant de temp\u00e9rer : \u00ab Apr\u00e8s, il a aussi fait du Melvyn. M\u00eame s\u2019il loupe des coups de pied, il ne se met pas la t\u00eate dans les choux. C\u2019est quelqu\u2019un d\u2019assez fort mentalement. \u00bb<\/p>\n<p class=\"fs-5 \">Son 100 % au pied en deuxi\u00e8me mi-temps, sur des tentatives pas toujours simples, en est l\u2019une des preuves. Ses chandelles bien distill\u00e9es et son jeu au pied d\u2019occupation de mammouth, encore pr\u00e9cieux, \u00e9galement.<\/p>\n<p class=\"fs-5 \">Et puis, il y a eu ces actions d\u00e9cisives. D\u00e8s la 8e minute, c\u2019est lui qui ouvrait le score en passant la ligne apr\u00e8s une premi\u00e8re belle s\u00e9quence toulonnaise et un service id\u00e9al de Sinzelle.<\/p>\n<p class=\"fs-5 \">Dix minutes plus tard, sa r\u00e9ception bras en l\u2019air d\u2019un ballon haut, suivie d\u2019une passe parfaite pour le trois-quarts aile Mathis Fert\u00e9, \u00e9tait \u00e9galement \u00e0 deux doigts d\u2019aboutir au deuxi\u00e8me essai de la partie.<\/p>\n<p>                                                                                Plus fort au sprint<\/p>\n<p class=\"fs-5 \">Avant la rencontre, le jeune ailier de poche, qui occupait le poste d\u2019arri\u00e8re la semaine derni\u00e8re, \u00ab savait que [Jaminet] allait faire un tr\u00e8s gros match, comme il en fait depuis le d\u00e9but de la saison. \u00bb Et il n\u2019avait pas encore vu la course de l\u00e9vriers de la 46e minute\u2026 Sur un long jeu au pied rasant de son ami Mathieu Sma\u00efli, Melvyn Jaminet (26 ans, 20 s\u00e9lections) battait Leyds et Nowell au sprint pour r\u00e9cup\u00e9rer, apr\u00e8s quelques dizaines de m\u00e8tres de chevauch\u00e9e, la gonfle en terre promise (27-7).<\/p>\n<p class=\"fs-5 \">L\u2019acclamation et le titre d\u2019homme du match n\u2019\u00e9taient pas vol\u00e9s. Le coude droit, lui, avait bien tenu. Pour Toulon comme pour Jaminet, c\u2019\u00e9tait tout bonus.<\/p>\n","protected":false},"excerpt":{"rendered":"Toute la semaine, le doute avait plan\u00e9. Jouera-t-il ? Ne jouera-t-il pas ? Aussi, l\u2019annonce de la composition&hellip;\n","protected":false},"author":2,"featured_media":525280,"comment_status":"","ping_status":"","sticky":false,"template":"","format":"standard","meta":{"footnotes":""},"categories":[9619],"tags":[1111,11,1777,674,1011,27,12,882,3461,25,2310],"class_list":{"0":"post-525279","1":"post","2":"type-post","3":"status-publish","4":"format-standard","5":"has-post-thumbnail","7":"category-toulon","8":"tag-actu","9":"tag-actualites","10":"tag-eu","11":"tag-europe","12":"tag-fr","13":"tag-france","14":"tag-news","15":"tag-provence-alpes-cote-dazur","16":"tag-rct","17":"tag-republique-francaise","18":"tag-toulon"},"share_on_mastodon":{"url":"https:\/\/pubeurope.com\/@fr\/115526432528656351","error":""},"_links":{"self":[{"href":"https:\/\/www.europesays.com\/fr\/wp-json\/wp\/v2\/posts\/525279","targetHints":{"allow":["GET"]}}],"collection":[{"href":"https:\/\/www.europesays.com\/fr\/wp-json\/wp\/v2\/posts"}],"about":[{"href":"https:\/\/www.europesays.com\/fr\/wp-json\/wp\/v2\/types\/post"}],"author":[{"embeddable":true,"href":"https:\/\/www.europesays.com\/fr\/wp-json\/wp\/v2\/users\/2"}],"replies":[{"embeddable":true,"href":"https:\/\/www.europesays.com\/fr\/wp-json\/wp\/v2\/comments?post=525279"}],"version-history":[{"count":0,"href":"https:\/\/www.europesays.com\/fr\/wp-json\/wp\/v2\/posts\/525279\/revisions"}],"wp:featuredmedia":[{"embeddable":true,"href":"https:\/\/www.europesays.com\/fr\/wp-json\/wp\/v2\/media\/525280"}],"wp:attachment":[{"href":"https:\/\/www.europesays.com\/fr\/wp-json\/wp\/v2\/media?parent=525279"}],"wp:term":[{"taxonomy":"category","embeddable":true,"href":"https:\/\/www.europesays.com\/fr\/wp-json\/wp\/v2\/categories?post=525279"},{"taxonomy":"post_tag","embeddable":true,"href":"https:\/\/www.europesays.com\/fr\/wp-json\/wp\/v2\/tags?post=525279"}],"curies":[{"name":"wp","href":"https:\/\/api.w.org\/{rel}","templated":true}]}}