{"id":52528,"date":"2025-04-25T19:42:11","date_gmt":"2025-04-25T19:42:11","guid":{"rendered":"https:\/\/www.europesays.com\/fr\/52528\/"},"modified":"2025-04-25T19:42:11","modified_gmt":"2025-04-25T19:42:11","slug":"fermee-a-la-suite-dun-braquage-la-poste-des-hauts-de-rouen-va-enfin-rouvrir","status":"publish","type":"post","link":"https:\/\/www.europesays.com\/fr\/52528\/","title":{"rendered":"Ferm\u00e9e \u00e0 la suite d&rsquo;un braquage, La Poste des Hauts de Rouen va (enfin) rouvrir"},"content":{"rendered":"<p>            Par<br \/>\n        <strong><br \/>\n            <a href=\"https:\/\/actu.fr\/auteur\/adrien-filoche\" title=\"Consulter tous les articles de Adrien Filoche\" target=\"_blank\" rel=\"noopener\">Adrien Filoche<\/a><br \/>\n        <\/strong><\/p>\n<p>        Publi\u00e9 le<\/p>\n<p>            25 avr. 2025 \u00e0 17h08        <\/p>\n<p><strong>Bonne nouvelle pour les habitants des Hauts de Rouen.<\/strong> Le bureau de Poste de la Grand\u2019Mare va enfin rouvrir ses portes, et ce \u00e0 compter du lundi 28 avril 2025, \u00e0 14h. Il \u00e9tait ferm\u00e9 depuis le 11 f\u00e9vrier \u00e0 la suite <a href=\"https:\/\/actu.fr\/normandie\/rouen_76540\/braquage-dans-un-bureau-de-poste-des-hauts-de-rouen-une-enquete-ouverte_62237035.html\" target=\"_blank\" rel=\"noopener\">d\u2019un violent braquage<\/a>. Une employ\u00e9e avait notamment \u00e9t\u00e9 bless\u00e9e au visage.<\/p>\n<p>R\u00e9ouverture d\u00e8s le lundi 28\u00a0avril<\/p>\n<p class=\" wall-content\">Concernant les horaires, le centre de la rue C\u00e9sar-Franck sera de nouveau ouvert le lundi de 10h \u00e0 12h30 et de 14h \u00e0 17h, du mardi au vendredi de 9h \u00e0 12h30 et de 14h \u00e0 17h, ainsi que le samedi de 9h \u00e0 12h30.<\/p>\n<p class=\" wall-content\">En f\u00e9vrier dernier, \u00e0 la suite de ce braquage, mais aussi d\u2019un autre qui avait touch\u00e9 <a href=\"https:\/\/actu.fr\/normandie\/rouen_76540\/nouveau-braquage-eclair-a-la-grand-mare-a-rouen-ils-menacent-une-pharmacienne-avec-une-arme_62281145.html\" target=\"_blank\" rel=\"noopener\">une pharmacie<\/a> de la Grand\u2019Mare, le maire de Rouen avait <a href=\"https:\/\/actu.fr\/normandie\/rouen_76540\/braquages-a-la-grand-mare-nicolas-mayer-rossignol-en-remet-une-couche-sur-le-manque-de-policiers_62283018.html\" target=\"_blank\" rel=\"noopener\">alert\u00e9 les services de l\u2019\u00c9tat sur le manque de policiers.<\/a> \u00ab\u2009Comme cela m\u2019a \u00e9t\u00e9 express\u00e9ment confirm\u00e9 par les services du Premier ministre lors d\u2019un entretien \u00e0 Matignon il y a quelques semaines, il manque toujours \u2018une centaine d\u2019effectifs de police nationale\u2019 sur le secteur de Rouen et de son agglom\u00e9ration. C\u2019est inacceptable\u2009! Il y a urgence\u2009!\u2009\u00bb, s\u2019\u00e9tait fendu l\u2019\u00e9lu.<\/p>\n<p class=\" wall-content\">Aujourd\u2019hui, le maire de Rouen<strong> se f\u00e9licite de la r\u00e9ouverture de la Poste<\/strong>. Mais en seulement quelques semaines, difficile de croire que les questions d\u2019ins\u00e9curit\u00e9 et de manque d\u2019effectifs policiers ont \u00e9t\u00e9 totalement gomm\u00e9es.<\/p>\n<p>Suivez l\u2019actualit\u00e9 de Rouen sur <a href=\"https:\/\/www.whatsapp.com\/channel\/0029VaKfnf99hXF2ddApFB1D\" target=\"_blank\" rel=\"noopener\">notre cha\u00eene WhatsApp<\/a> et sur <a href=\"https:\/\/www.tiktok.com\/@76actu.fr?lang=fr\" target=\"_blank\" rel=\"noopener\">notre compte TikTok<\/a><\/p>\n<p class=\" wall-content\">Suivez toute l\u2019actualit\u00e9 de vos villes et m\u00e9dias favoris en vous inscrivant \u00e0 <a href=\"https:\/\/moncompte.actu.fr\" title=\"D\u00e9couvez Mon Actu\" rel=\"nofollow noopener\" data-trk=\"{&quot;cta&quot;:{&quot;action&quot;:&quot;https:\\\/\\\/moncompte.actu.fr&quot;,&quot;category&quot;:&quot;mon compte&quot;,&quot;from&quot;:&quot;article footer&quot;,&quot;name&quot;:&quot;Mon actu&quot;,&quot;type&quot;:&quot;cta&quot;}}\" target=\"_blank\">Mon Actu<\/a>.<\/p>\n<p>                    <script async src=\"\/\/www.tiktok.com\/embed.js\"><\/script><\/p>\n","protected":false},"excerpt":{"rendered":"Par Adrien Filoche Publi\u00e9 le 25 avr. 2025 \u00e0 17h08 Bonne nouvelle pour les habitants des Hauts de&hellip;\n","protected":false},"author":2,"featured_media":52529,"comment_status":"","ping_status":"","sticky":false,"template":"","format":"standard","meta":{"footnotes":""},"categories":[9587],"tags":[1111,11,1777,674,1011,27,12028,3316,12,13268,5161,25,9590,104],"class_list":{"0":"post-52528","1":"post","2":"type-post","3":"status-publish","4":"format-standard","5":"has-post-thumbnail","7":"category-rouen","8":"tag-actu","9":"tag-actualites","10":"tag-eu","11":"tag-europe","12":"tag-fr","13":"tag-france","14":"tag-hauts-de-rouen","15":"tag-la-poste","16":"tag-news","17":"tag-nicolas-mayer-rossignol","18":"tag-normandie","19":"tag-republique-francaise","20":"tag-rouen","21":"tag-societe"},"share_on_mastodon":{"url":"https:\/\/pubeurope.com\/@fr\/114400312992799336","error":""},"_links":{"self":[{"href":"https:\/\/www.europesays.com\/fr\/wp-json\/wp\/v2\/posts\/52528","targetHints":{"allow":["GET"]}}],"collection":[{"href":"https:\/\/www.europesays.com\/fr\/wp-json\/wp\/v2\/posts"}],"about":[{"href":"https:\/\/www.europesays.com\/fr\/wp-json\/wp\/v2\/types\/post"}],"author":[{"embeddable":true,"href":"https:\/\/www.europesays.com\/fr\/wp-json\/wp\/v2\/users\/2"}],"replies":[{"embeddable":true,"href":"https:\/\/www.europesays.com\/fr\/wp-json\/wp\/v2\/comments?post=52528"}],"version-history":[{"count":0,"href":"https:\/\/www.europesays.com\/fr\/wp-json\/wp\/v2\/posts\/52528\/revisions"}],"wp:featuredmedia":[{"embeddable":true,"href":"https:\/\/www.europesays.com\/fr\/wp-json\/wp\/v2\/media\/52529"}],"wp:attachment":[{"href":"https:\/\/www.europesays.com\/fr\/wp-json\/wp\/v2\/media?parent=52528"}],"wp:term":[{"taxonomy":"category","embeddable":true,"href":"https:\/\/www.europesays.com\/fr\/wp-json\/wp\/v2\/categories?post=52528"},{"taxonomy":"post_tag","embeddable":true,"href":"https:\/\/www.europesays.com\/fr\/wp-json\/wp\/v2\/tags?post=52528"}],"curies":[{"name":"wp","href":"https:\/\/api.w.org\/{rel}","templated":true}]}}