{"id":525287,"date":"2025-11-10T16:53:11","date_gmt":"2025-11-10T16:53:11","guid":{"rendered":"https:\/\/www.europesays.com\/fr\/525287\/"},"modified":"2025-11-10T16:53:11","modified_gmt":"2025-11-10T16:53:11","slug":"voici-ce-qui-est-ouvert-a-rouen-le-11-novembre","status":"publish","type":"post","link":"https:\/\/www.europesays.com\/fr\/525287\/","title":{"rendered":"voici ce qui est ouvert \u00e0 Rouen le 11 novembre"},"content":{"rendered":"<p>            Par<br \/>\n        <strong><br \/>\n            <a href=\"https:\/\/actu.fr\/auteur\/yann-rivallan\" title=\"Consulter tous les articles de Yann Rivallan\" target=\"_blank\" rel=\"noopener\">Yann Rivallan<\/a><br \/>\n        <\/strong><\/p>\n<p>        Publi\u00e9 le<\/p>\n<p>            10 nov. 2025 \u00e0 17h09        <\/p>\n<p>Besoin de <strong>faire des courses<\/strong> ou envie de sortir pour vous occuper en ce jour f\u00e9ri\u00e9\u2009? Le <strong>11-Novembre\u00a02025<\/strong>, plusieurs commerces, centres commerciaux et autres activit\u00e9s de loisirs restent ouverts \u00e0 <a href=\"https:\/\/actu.fr\/normandie\/rouen_76540\" target=\"_blank\" rel=\"noopener\">Rouen<\/a>. On fait le point sur ce qu\u2019il est possible de faire, en plus de comm\u00e9morer l\u2019armistice.<\/p>\n<p>Quels supermarch\u00e9s sont ouverts\u2009?<\/p>\n<p class=\" wall-content\">La grande majorit\u00e9 des centres commerciaux, supermarch\u00e9s et sup\u00e9rettes de Rouen <strong>seront ouverts<\/strong> le 11-Novembre, \u00e0 l\u2019exception du Intermarch\u00e9 de la place Saint-Marc. Voici la liste\u2009:<\/p>\n<p class=\" wall-content\">\u2022 <strong>Docks 76<\/strong>\u2009: ouvert\u2009;<\/p>\n<p class=\" wall-content\">\u2022 <strong>Centre commercial Saint-Sever<\/strong>\u2009: ouvert\u2009;<\/p>\n<p class=\" wall-content\">\u2022 <strong>Intermarch\u00e9<\/strong> rue Constantine, rue \u00c9cuy\u00e8re, Th\u00e9\u00e2tre des Arts, Jardin des Plantes\u2009: ouverts\u2009;<\/p>\n<p class=\" wall-content\">\u2022 <strong>Intermarch\u00e9<\/strong> place Saint-Marc\u2009: ferm\u00e9\u2009;<\/p>\n<p class=\" wall-content\">\u2022 <strong>Monoprix<\/strong> rue du Gros-Horloge\u2009: ouvert\u2009;<\/p>\n<p class=\" wall-content\">\u2022 <strong>E. Leclerc<\/strong> du centre commercial Saint-Sever\u2009: ouvert\u2009;<\/p>\n<p>Votre r\u00e9gion, votre actu !<\/p>\n<p>Recevez chaque jour les infos qui comptent pour vous.<\/p>\n<p>\t<a href=\"https:\/\/actu.fr\/newsletter\" class=\"ac-btn ac-btn--corner ac-btn--medium ac-btn--blue800\" target=\"_blank\" rel=\"noopener\">S&rsquo;incrire<\/a><\/p>\n<p class=\" wall-content\">\u2022 <strong>Carrefour City<\/strong> Pasteur, place des Carmes, place Cauchoise, rue Grand-Pont, place Saint-Marc, rue Saint-Hilaire, rue Saint-Julien, Saint-Sever, Docks 76, avenue de Caen et Martainville\u2009: ouverts\u2009;<\/p>\n<p class=\" wall-content\">\u2022 <strong>Carrefour Express<\/strong> rue Jeanne-d\u2019Arc, rue de la R\u00e9publique et avenue Jean-Rondeaux\u2009: ouverts\u2009;<\/p>\n<p class=\" wall-content\">\u2022 <strong>Utile<\/strong> Espace du Palais\u2009: ouvert\u2009;<\/p>\n<p class=\" wall-content\">\u2022 <strong>U Express<\/strong> place Cauchoise et H\u00f4tel de ville\u2009: ouverts.<\/p>\n<p class=\" wall-content\">Plusieurs <strong>commer\u00e7ants ind\u00e9pendants<\/strong> de la ville sont aussi susceptibles de rester ouverts. Tout comme les <strong>restaurants et bars<\/strong>.<\/p>\n<p>Foire Saint-Romain, mus\u00e9es, cin\u00e9mas\u2026<\/p>\n<p class=\" wall-content\">\u00c9videmment, comme chaque ann\u00e9e, <strong>la foire Saint-Romain<\/strong> est toujours install\u00e9e \u00e0 Rouen le 11 novembre. Et les habitudes ne seront pas bouscul\u00e9es. Si l\u2019envie de faire un tour de man\u00e8ge ou de manger des croustillons vous prend, la grande f\u00eate foraine sera <strong>ouverte aux horaires habituels<\/strong>. On avait d\u2019ailleurs tent\u00e9 de s\u2019y amuser avec un budget limit\u00e9 de 15\u00a0euros <a href=\"https:\/\/actu.fr\/normandie\/rouen_76540\/on-fait-quoi-avec-15-euros-a-la-foire-saint-romain-de-rouen-on-a-teste-pour-vous_61806903.html\" target=\"_blank\" rel=\"noopener\">dans cet article<\/a>.<\/p>\n<p class=\" wall-content\">En revanche, les mus\u00e9es de la r\u00e9union des mus\u00e9es m\u00e9tropolitains (Beaux-Arts, Beauvoisine, Flaubert, etc.) seront ferm\u00e9s, comme la plupart des jours f\u00e9ri\u00e9s. Mais d\u2019autres lieux culturels comme <a href=\"https:\/\/actu.fr\/normandie\/rouen_76540\/l-historial-jeanne-d-arc-de-rouen-a-10-ans-a-t-il-trouve-son-public_62492097.html\" target=\"_blank\" rel=\"noopener\">l\u2019Historial Jeanne d\u2019Arc<\/a> restent ouverts.<\/p>\n<p class=\" wall-content\">L\u2019ensemble des <strong>cin\u00e9mas de Rouen<\/strong> seront aussi accessibles tout au long de cette journ\u00e9e. Et si vous aviez envie de piquer une t\u00eate, sachez que <strong>les piscines<\/strong> de la ville seront ferm\u00e9es.<\/p>\n<p>Suivez l\u2019actualit\u00e9 de Rouen sur <a href=\"https:\/\/www.whatsapp.com\/channel\/0029VaKfnf99hXF2ddApFB1D\" target=\"_blank\" rel=\"noopener\">notre cha\u00eene WhatsApp<\/a> et sur <a href=\"https:\/\/www.tiktok.com\/@76actu.fr?lang=fr\" target=\"_blank\" rel=\"noopener\">notre compte TikTok<\/a><\/p>\n<p class=\" wall-content\">Personnalisez votre actualit\u00e9 en ajoutant vos villes et m\u00e9dias en favori avec <a href=\"https:\/\/moncompte.actu.fr\" title=\"D\u00e9couvez Mon Actu\" rel=\"nofollow noopener\" data-trk=\"{&quot;cta&quot;:{&quot;action&quot;:&quot;https:\\\/\\\/moncompte.actu.fr&quot;,&quot;category&quot;:&quot;mon compte&quot;,&quot;from&quot;:&quot;article footer&quot;,&quot;name&quot;:&quot;Mon actu&quot;,&quot;type&quot;:&quot;cta&quot;}}\" target=\"_blank\">Mon Actu<\/a>.<\/p>\n<p>                    <script async src=\"\/\/www.tiktok.com\/embed.js\"><\/script><\/p>\n","protected":false},"excerpt":{"rendered":"Par Yann Rivallan Publi\u00e9 le 10 nov. 2025 \u00e0 17h09 Besoin de faire des courses ou envie de&hellip;\n","protected":false},"author":2,"featured_media":525288,"comment_status":"","ping_status":"","sticky":false,"template":"","format":"standard","meta":{"footnotes":""},"categories":[9587],"tags":[1111,11,9086,215,1777,674,1011,27,1652,12,5161,25,9590],"class_list":{"0":"post-525287","1":"post","2":"type-post","3":"status-publish","4":"format-standard","5":"has-post-thumbnail","7":"category-rouen","8":"tag-actu","9":"tag-actualites","10":"tag-bon-plan-a-rouen","11":"tag-commerce","12":"tag-eu","13":"tag-europe","14":"tag-fr","15":"tag-france","16":"tag-loisirs-culture","17":"tag-news","18":"tag-normandie","19":"tag-republique-francaise","20":"tag-rouen"},"share_on_mastodon":{"url":"https:\/\/pubeurope.com\/@fr\/115526448359596544","error":""},"_links":{"self":[{"href":"https:\/\/www.europesays.com\/fr\/wp-json\/wp\/v2\/posts\/525287","targetHints":{"allow":["GET"]}}],"collection":[{"href":"https:\/\/www.europesays.com\/fr\/wp-json\/wp\/v2\/posts"}],"about":[{"href":"https:\/\/www.europesays.com\/fr\/wp-json\/wp\/v2\/types\/post"}],"author":[{"embeddable":true,"href":"https:\/\/www.europesays.com\/fr\/wp-json\/wp\/v2\/users\/2"}],"replies":[{"embeddable":true,"href":"https:\/\/www.europesays.com\/fr\/wp-json\/wp\/v2\/comments?post=525287"}],"version-history":[{"count":0,"href":"https:\/\/www.europesays.com\/fr\/wp-json\/wp\/v2\/posts\/525287\/revisions"}],"wp:featuredmedia":[{"embeddable":true,"href":"https:\/\/www.europesays.com\/fr\/wp-json\/wp\/v2\/media\/525288"}],"wp:attachment":[{"href":"https:\/\/www.europesays.com\/fr\/wp-json\/wp\/v2\/media?parent=525287"}],"wp:term":[{"taxonomy":"category","embeddable":true,"href":"https:\/\/www.europesays.com\/fr\/wp-json\/wp\/v2\/categories?post=525287"},{"taxonomy":"post_tag","embeddable":true,"href":"https:\/\/www.europesays.com\/fr\/wp-json\/wp\/v2\/tags?post=525287"}],"curies":[{"name":"wp","href":"https:\/\/api.w.org\/{rel}","templated":true}]}}