{"id":525289,"date":"2025-11-10T16:54:17","date_gmt":"2025-11-10T16:54:17","guid":{"rendered":"https:\/\/www.europesays.com\/fr\/525289\/"},"modified":"2025-11-10T16:54:17","modified_gmt":"2025-11-10T16:54:17","slug":"un-homme-simmole-par-le-feu-a-la-station-service-dun-supermarche","status":"publish","type":"post","link":"https:\/\/www.europesays.com\/fr\/525289\/","title":{"rendered":"un homme s&rsquo;immole par le feu \u00e0 la station-service d&rsquo;un supermarch\u00e9"},"content":{"rendered":"<p>            Par<br \/>\n        <strong><br \/>\n            <a href=\"https:\/\/actu.fr\/auteur\/julien-bouteiller\" title=\"Consulter tous les articles de Julien Bouteiller\" rel=\"nofollow noopener\" target=\"_blank\">Julien Bouteiller<\/a><br \/>\n        <\/strong><\/p>\n<p>        Publi\u00e9 le<\/p>\n<p>            10 nov. 2025 \u00e0 16h15        <\/p>\n<p><strong>L\u2019horreur sur le parking d\u2019un supermarch\u00e9<\/strong>, pr\u00e8s de Rouen. Ce lundi 10 novembre 2025, un homme s\u2019est <strong>immol\u00e9 par le feu<\/strong> au niveau de la station-service du magasin Carrefour de <a href=\"https:\/\/actu.fr\/normandie\/buchy_76146\" rel=\"nofollow noopener\" target=\"_blank\">Buchy<\/a>, apprend-on du Service d\u00e9partemental d\u2019incendie et de secours (Sdis).<\/p>\n<p>Un homme s\u2019immole \u00e0 la station-service<\/p>\n<p class=\" wall-content\">C\u2019est peu avant 13h30 que les secours ont \u00e9t\u00e9 appel\u00e9s pour porter secours \u00e0 \u00ab\u00a0un homme qui s\u2019est immol\u00e9 au pied de la station-service du centre commercial\u00a0\u00bb. Une autre source confirme ce qui semble \u00eatre <strong>une tentative de suicide<\/strong>.<\/p>\n<p class=\" wall-content\">D\u2019apr\u00e8s nos informations, l\u2019homme s\u2019est asperg\u00e9 avec le pistolet \u00e0 essence puis s\u2019est mis le feu un peu plus loin. L\u2019enqu\u00eate de gendarmerie devra \u00e9tablir toutes les circonstances de cet acte.<\/p>\n<p class=\" wall-content\">D\u2019importants moyens de secours ont \u00e9t\u00e9 d\u00e9ploy\u00e9s, <strong>dont l\u2019h\u00e9licopt\u00e8re Viking 76<\/strong>. \u00c0 leur arriv\u00e9e, les pompiers ont constat\u00e9 que le feu <strong>avait \u00e9t\u00e9 \u00e9teint \u00ab\u00a0par un t\u00e9moin et le personnel\u00a0\u00bb<\/strong>, et ont pris en charge la victime. Il s\u2019agirait d\u2019un homme d\u2019une trentaine d\u2019ann\u00e9es, gri\u00e8vement br\u00fbl\u00e9. Il a \u00e9t\u00e9 h\u00e9liport\u00e9 au CHU, avec un pronostic vital engag\u00e9, selon le Sdis.<\/p>\n<p class=\" wall-content\">Plusieurs t\u00e9moins, choqu\u00e9s, ont \u00e9t\u00e9 pris en charge par un infirmier.<\/p>\n<p>Vid\u00e9os : en ce moment sur Actu<\/p>\n<p class=\" wall-content\">Par s\u00e9curit\u00e9, une lance \u00e0 incendie a \u00e9t\u00e9 positionn\u00e9e \u00e0 proximit\u00e9 de la station-service, qui a \u00e9t\u00e9 coup\u00e9e en \u00e9nergie le temps de l\u2019intervention.<\/p>\n<p>Face au d\u00e9sespoir, il ne faut surtout pas rester seul. Des plateformes t\u00e9l\u00e9phoniques d\u2019\u00e9coute et structures d\u2019accueil existent partout sur le territoire normand pour aider les personnes les plus d\u00e9munies. <a href=\"https:\/\/www.normandie.ars.sante.fr\/prevention-du-suicide\" rel=\"nofollow noopener\" target=\"_blank\">Plus d\u2019informations ici<\/a>.<\/p>\n<p>Votre r\u00e9gion, votre actu !<\/p>\n<p>Recevez chaque jour les infos qui comptent pour vous.<\/p>\n<p>\t<a href=\"https:\/\/actu.fr\/newsletter\" class=\"ac-btn ac-btn--corner ac-btn--medium ac-btn--blue800\" rel=\"nofollow noopener\" target=\"_blank\">S&rsquo;incrire<\/a><br \/>\nSuivez l\u2019actualit\u00e9 de Rouen <a href=\"https:\/\/www.whatsapp.com\/channel\/0029VaKfnf99hXF2ddApFB1D\" rel=\"nofollow noopener\" target=\"_blank\">sur notre cha\u00eene WhatsApp<\/a> et <a href=\"https:\/\/www.tiktok.com\/@76actu.fr?lang=fr\" rel=\"nofollow noopener\" target=\"_blank\">sur notre compte TikTok<\/a><\/p>\n<p class=\" wall-content\">Personnalisez votre actualit\u00e9 en ajoutant vos villes et m\u00e9dias en favori avec <a href=\"https:\/\/moncompte.actu.fr\" title=\"D\u00e9couvez Mon Actu\" rel=\"nofollow noopener\" data-trk=\"{&quot;cta&quot;:{&quot;action&quot;:&quot;https:\\\/\\\/moncompte.actu.fr&quot;,&quot;category&quot;:&quot;mon compte&quot;,&quot;from&quot;:&quot;article footer&quot;,&quot;name&quot;:&quot;Mon actu&quot;,&quot;type&quot;:&quot;cta&quot;}}\" target=\"_blank\">Mon Actu<\/a>.<\/p>\n<p>                    <script async src=\"\/\/www.tiktok.com\/embed.js\"><\/script><\/p>\n","protected":false},"excerpt":{"rendered":"Par Julien Bouteiller Publi\u00e9 le 10 nov. 2025 \u00e0 16h15 L\u2019horreur sur le parking d\u2019un supermarch\u00e9, pr\u00e8s de&hellip;\n","protected":false},"author":2,"featured_media":525290,"comment_status":"","ping_status":"","sticky":false,"template":"","format":"standard","meta":{"footnotes":""},"categories":[9587],"tags":[1111,11,1777,674,118,1011,27,1310,12,5161,1311,25,9590],"class_list":{"0":"post-525289","1":"post","2":"type-post","3":"status-publish","4":"format-standard","5":"has-post-thumbnail","7":"category-rouen","8":"tag-actu","9":"tag-actualites","10":"tag-eu","11":"tag-europe","12":"tag-faits-divers","13":"tag-fr","14":"tag-france","15":"tag-incendie","16":"tag-news","17":"tag-normandie","18":"tag-pompiers","19":"tag-republique-francaise","20":"tag-rouen"},"share_on_mastodon":{"url":"https:\/\/pubeurope.com\/@fr\/115526452259593820","error":""},"_links":{"self":[{"href":"https:\/\/www.europesays.com\/fr\/wp-json\/wp\/v2\/posts\/525289","targetHints":{"allow":["GET"]}}],"collection":[{"href":"https:\/\/www.europesays.com\/fr\/wp-json\/wp\/v2\/posts"}],"about":[{"href":"https:\/\/www.europesays.com\/fr\/wp-json\/wp\/v2\/types\/post"}],"author":[{"embeddable":true,"href":"https:\/\/www.europesays.com\/fr\/wp-json\/wp\/v2\/users\/2"}],"replies":[{"embeddable":true,"href":"https:\/\/www.europesays.com\/fr\/wp-json\/wp\/v2\/comments?post=525289"}],"version-history":[{"count":0,"href":"https:\/\/www.europesays.com\/fr\/wp-json\/wp\/v2\/posts\/525289\/revisions"}],"wp:featuredmedia":[{"embeddable":true,"href":"https:\/\/www.europesays.com\/fr\/wp-json\/wp\/v2\/media\/525290"}],"wp:attachment":[{"href":"https:\/\/www.europesays.com\/fr\/wp-json\/wp\/v2\/media?parent=525289"}],"wp:term":[{"taxonomy":"category","embeddable":true,"href":"https:\/\/www.europesays.com\/fr\/wp-json\/wp\/v2\/categories?post=525289"},{"taxonomy":"post_tag","embeddable":true,"href":"https:\/\/www.europesays.com\/fr\/wp-json\/wp\/v2\/tags?post=525289"}],"curies":[{"name":"wp","href":"https:\/\/api.w.org\/{rel}","templated":true}]}}