{"id":525291,"date":"2025-11-10T16:55:15","date_gmt":"2025-11-10T16:55:15","guid":{"rendered":"https:\/\/www.europesays.com\/fr\/525291\/"},"modified":"2025-11-10T16:55:15","modified_gmt":"2025-11-10T16:55:15","slug":"sassenage-la-reconstruction-de-la-brasserie-du-theatre-est-en-marche","status":"publish","type":"post","link":"https:\/\/www.europesays.com\/fr\/525291\/","title":{"rendered":"Sassenage. La reconstruction de la Brasserie du th\u00e9\u00e2tre est en marche"},"content":{"rendered":"<p>Depuis la terrible nuit du 14\u00a0juillet 2023, le mythique bourg de Sassenage n\u2019a plus le m\u00eame visage. Ce jour-l\u00e0, les habitants du village assistaient avec effroi \u00e0 un violent incendie\u00a0: la Brasserie du th\u00e9\u00e2tre , situ\u00e9e \u00e0 l\u2019angle de la place Reverdy et de la rue Fran\u00e7ois-G\u00e9rin, \u00e9tait d\u00e9vast\u00e9e par les flammes. Mais vous l\u2019avez s\u00fbrement remarqu\u00e9, depuis le 8\u00a0octobre dernier, des travaux de reconstruction ont ainsi commenc\u00e9.<\/p>\n<p>Le b\u00e2timent, gravement sinistr\u00e9, a \u00e9t\u00e9 d\u00e9moli au cours des quatre derni\u00e8res semaines. Ce chantier a d\u2019ailleurs tr\u00e8s peu perturb\u00e9 la circulation. Durant cette p\u00e9riode, aucune fermeture totale de voie n\u2019a \u00e9t\u00e9 n\u00e9cessaire et le march\u00e9 dominical s\u2019est tenu comme \u00e0 l\u2019accoutum\u00e9e.<\/p>\n<p>Dans quelque temps, la soci\u00e9t\u00e9 en charge du chantier distribuera une note d\u2019information aux riverains, afin de leur donner une vision \u00e0 long terme de l\u2019avenir du bourg.<\/p>\n","protected":false},"excerpt":{"rendered":"Depuis la terrible nuit du 14\u00a0juillet 2023, le mythique bourg de Sassenage n\u2019a plus le m\u00eame visage. Ce&hellip;\n","protected":false},"author":2,"featured_media":525292,"comment_status":"","ping_status":"","sticky":false,"template":"","format":"standard","meta":{"footnotes":""},"categories":[9566],"tags":[1111,11,2430,4749,112,1777,674,1011,27,2731,12278,12,25,16668,104],"class_list":{"0":"post-525291","1":"post","2":"type-post","3":"status-publish","4":"format-standard","5":"has-post-thumbnail","7":"category-grenoble","8":"tag-actu","9":"tag-actualites","10":"tag-auvergne-rhone-alpes","11":"tag-btp-et-chantiers","12":"tag-edition-grenoble-agglomeration","13":"tag-eu","14":"tag-europe","15":"tag-fr","16":"tag-france","17":"tag-grenoble","18":"tag-lagglomeration-et-le-vercors","19":"tag-news","20":"tag-republique-francaise","21":"tag-sassenage","22":"tag-societe"},"share_on_mastodon":{"url":"https:\/\/pubeurope.com\/@fr\/115526456111981858","error":""},"_links":{"self":[{"href":"https:\/\/www.europesays.com\/fr\/wp-json\/wp\/v2\/posts\/525291","targetHints":{"allow":["GET"]}}],"collection":[{"href":"https:\/\/www.europesays.com\/fr\/wp-json\/wp\/v2\/posts"}],"about":[{"href":"https:\/\/www.europesays.com\/fr\/wp-json\/wp\/v2\/types\/post"}],"author":[{"embeddable":true,"href":"https:\/\/www.europesays.com\/fr\/wp-json\/wp\/v2\/users\/2"}],"replies":[{"embeddable":true,"href":"https:\/\/www.europesays.com\/fr\/wp-json\/wp\/v2\/comments?post=525291"}],"version-history":[{"count":0,"href":"https:\/\/www.europesays.com\/fr\/wp-json\/wp\/v2\/posts\/525291\/revisions"}],"wp:featuredmedia":[{"embeddable":true,"href":"https:\/\/www.europesays.com\/fr\/wp-json\/wp\/v2\/media\/525292"}],"wp:attachment":[{"href":"https:\/\/www.europesays.com\/fr\/wp-json\/wp\/v2\/media?parent=525291"}],"wp:term":[{"taxonomy":"category","embeddable":true,"href":"https:\/\/www.europesays.com\/fr\/wp-json\/wp\/v2\/categories?post=525291"},{"taxonomy":"post_tag","embeddable":true,"href":"https:\/\/www.europesays.com\/fr\/wp-json\/wp\/v2\/tags?post=525291"}],"curies":[{"name":"wp","href":"https:\/\/api.w.org\/{rel}","templated":true}]}}