{"id":525293,"date":"2025-11-10T16:56:18","date_gmt":"2025-11-10T16:56:18","guid":{"rendered":"https:\/\/www.europesays.com\/fr\/525293\/"},"modified":"2025-11-10T16:56:18","modified_gmt":"2025-11-10T16:56:18","slug":"trophees-sportifs-le-dauphine-libere","status":"publish","type":"post","link":"https:\/\/www.europesays.com\/fr\/525293\/","title":{"rendered":"Troph\u00e9es sportifs Le Dauphin\u00e9 Lib\u00e9r\u00e9"},"content":{"rendered":"<p>Le verdict est tomb\u00e9 ce lundi. Avec une avance assez confortable, c\u2019est le volleyeur et capitaine du Grenoble VUC Cl\u00e9ment Moracchini (25 ans) qui a \u00e9t\u00e9 \u00e9lu <a href=\"https:\/\/www.ledauphine.com\/sport\/2025\/11\/04\/elisez-le-sportif-du-mois-d-octobre-en-sud-isere\" target=\"_blank\" rel=\"nofollow noopener\">Sportif du mois d\u2019octobre en Sud-Is\u00e8re<\/a> dans le cadre de notre op\u00e9ration des Troph\u00e9es sportifs Le Dauphin\u00e9 Lib\u00e9r\u00e9\/Le Cercle 1\u00a0892. Le Grenoblois devance la basketteuse du Pays voironnais Marine Mulumba et le cycliste de Varces Paul Magnier.<\/p>\n<p>Apr\u00e8s une mise en route un peu d\u00e9licate en d\u00e9but de saison, les joueurs du Grenoble Volley Universit\u00e9 Club ont s\u00e9rieusement redress\u00e9 la barre dans le championnat \u00c9lite avec trois victoires en quatre matches en octobre. Capitaine et passeur du GVUC, Cl\u00e9ment Moracchini n\u2019est pas \u00e9tranger \u00e0 ce renouveau automnal. Il a r\u00e9colt\u00e9 les suffrages des internautes de notre titre.<\/p>\n","protected":false},"excerpt":{"rendered":"Le verdict est tomb\u00e9 ce lundi. Avec une avance assez confortable, c\u2019est le volleyeur et capitaine du Grenoble&hellip;\n","protected":false},"author":2,"featured_media":525294,"comment_status":"","ping_status":"","sticky":false,"template":"","format":"standard","meta":{"footnotes":""},"categories":[9566],"tags":[1111,11,2430,112,1777,674,1011,27,2731,2732,12,25,517,1632],"class_list":{"0":"post-525293","1":"post","2":"type-post","3":"status-publish","4":"format-standard","5":"has-post-thumbnail","7":"category-grenoble","8":"tag-actu","9":"tag-actualites","10":"tag-auvergne-rhone-alpes","11":"tag-edition-grenoble-agglomeration","12":"tag-eu","13":"tag-europe","14":"tag-fr","15":"tag-france","16":"tag-grenoble","17":"tag-grenoble-bassin","18":"tag-news","19":"tag-republique-francaise","20":"tag-sport","21":"tag-volley-ball"},"share_on_mastodon":{"url":"https:\/\/pubeurope.com\/@fr\/115526460013820272","error":""},"_links":{"self":[{"href":"https:\/\/www.europesays.com\/fr\/wp-json\/wp\/v2\/posts\/525293","targetHints":{"allow":["GET"]}}],"collection":[{"href":"https:\/\/www.europesays.com\/fr\/wp-json\/wp\/v2\/posts"}],"about":[{"href":"https:\/\/www.europesays.com\/fr\/wp-json\/wp\/v2\/types\/post"}],"author":[{"embeddable":true,"href":"https:\/\/www.europesays.com\/fr\/wp-json\/wp\/v2\/users\/2"}],"replies":[{"embeddable":true,"href":"https:\/\/www.europesays.com\/fr\/wp-json\/wp\/v2\/comments?post=525293"}],"version-history":[{"count":0,"href":"https:\/\/www.europesays.com\/fr\/wp-json\/wp\/v2\/posts\/525293\/revisions"}],"wp:featuredmedia":[{"embeddable":true,"href":"https:\/\/www.europesays.com\/fr\/wp-json\/wp\/v2\/media\/525294"}],"wp:attachment":[{"href":"https:\/\/www.europesays.com\/fr\/wp-json\/wp\/v2\/media?parent=525293"}],"wp:term":[{"taxonomy":"category","embeddable":true,"href":"https:\/\/www.europesays.com\/fr\/wp-json\/wp\/v2\/categories?post=525293"},{"taxonomy":"post_tag","embeddable":true,"href":"https:\/\/www.europesays.com\/fr\/wp-json\/wp\/v2\/tags?post=525293"}],"curies":[{"name":"wp","href":"https:\/\/api.w.org\/{rel}","templated":true}]}}