{"id":525295,"date":"2025-11-10T16:57:14","date_gmt":"2025-11-10T16:57:14","guid":{"rendered":"https:\/\/www.europesays.com\/fr\/525295\/"},"modified":"2025-11-10T16:57:14","modified_gmt":"2025-11-10T16:57:14","slug":"organise-dans-un-lieu-tenu-secret-un-gala-de-charite-juge-proche-de-lextreme-droite-dans-le-viseur-de-plusieurs-collectifs-a-rennes","status":"publish","type":"post","link":"https:\/\/www.europesays.com\/fr\/525295\/","title":{"rendered":"\u00ab\u00a0Organis\u00e9 dans un lieu tenu secret\u00a0\u00bb\u00a0: un gala de charit\u00e9 jug\u00e9 proche de l\u2019extr\u00eame droite dans le viseur de plusieurs collectifs \u00e0 Rennes"},"content":{"rendered":"<p>\u00ab Nous allons tout faire pour que cette mascarade naus\u00e9abonde et r\u00e9actionnaire n\u2019ait pas lieu \u00bb. C\u2019est par ces mots, publi\u00e9s sur les r\u00e9seaux sociaux en fin de semaine derni\u00e8re, que le collectif f\u00e9ministe NousToutes35 et plusieurs autres organisations de gauche appellent \u00e0 la mobilisation contre un gala caritatif, jug\u00e9 proche de l\u2019extr\u00eame droite, qui doit se tenir \u00e0 Rennes mercredi 19 novembre.<\/p>\n<p>Plus de 500 associations aid\u00e9es<\/p>\n<p>Cofond\u00e9e par <a href=\"https:\/\/www.letelegramme.fr\/france\/une-enquete-est-ouverte-sur-le-milliardaire-pierre-edouard-sterin-apres-son-refus-de-comparaitre-a-lassemblee-6890974.php\" target=\"_blank\" rel=\"noopener\">le controvers\u00e9 milliardaire ultraconservateur Pierre-\u00c9douard St\u00e9rin<\/a>, la Nuit du Bien Commun est un mouvement qui organise des lev\u00e9es de fonds au profit de diverses associations. Depuis 2017, plus de 26 millions d\u2019euros auraient \u00e9t\u00e9 r\u00e9colt\u00e9s via du m\u00e9c\u00e9nat pour plus de 500 structures diff\u00e9rentes &#8211; comme l\u2019association Lazare qui d\u00e9veloppe des colocations solidaires entre des jeunes actifs et des sans-abris, le collectif M\u00e9decins Solidaires qui vise \u00e0 lutter contre les d\u00e9serts m\u00e9dicaux ou encore l\u2019association Les Liens du Coeur qui accompagne les enfants atteints d\u2019une malformation cardiaque et leurs familles.<\/p>\n<blockquote class=\"instagram-media\" data-instgrm-captioned=\"\" data-instgrm-permalink=\"https:\/\/www.instagram.com\/p\/DQw78r_Cjxa\/?utm_source=ig_embed&amp;utm_campaign=loading\" data-instgrm-version=\"14\" style=\" background:#FFF; border:0; border-radius:3px; box-shadow:0 0 1px 0 rgba(0,0,0,0.5),0 1px 10px 0 rgba(0,0,0,0.15); margin: 1px; max-width:540px; min-width:326px; padding:0; width:99.375%; width:-webkit-calc(100% - 2px); width:calc(100% - 2px);\"\/>\n<p>Des soir\u00e9es philanthropiques pourtant de plus en plus critiqu\u00e9es. La Nuit du Bien Commun est notamment point\u00e9e du doigt pour avoir contribu\u00e9 \u00e0 financer des associations accus\u00e9es d\u2019\u00eatre anti IVG. Des organisations de gauche d\u00e9noncent \u00e9galement un \u00e9v\u00e8nement qui servirait d\u2019\u00ab outil de r\u00e9seautage pour l\u2019extr\u00eame droite \u00bb. L\u2019an pass\u00e9, des voix s\u2019\u00e9taient justement \u00e9lev\u00e9es chez des \u00e9lus \u00e9cologistes pour d\u00e9noncer la tenue de la seconde \u00e9dition du gala caritatif \u00e0 Rennes.<\/p>\n<p>Nathalie App\u00e9r\u00e9 monte au cr\u00e9neau<\/p>\n<p>La soir\u00e9e, qui s\u2019\u00e9tait d\u00e9roul\u00e9e au Couvent des Jacobins, avait permis de r\u00e9colter plus de 250 000 \u20ac. Si l\u2019ambiance avait \u00e9t\u00e9 festive \u00e0 l\u2019int\u00e9rieur, elle s\u2019\u00e9tait r\u00e9v\u00e9l\u00e9e bien plus tendue dehors, o\u00f9 plusieurs centaines de manifestants s\u2019\u00e9taient rassembl\u00e9es devant le b\u00e2timent pour d\u00e9noncer l\u2019organisation du gala. La police avait d\u00fb se r\u00e9soudre \u00e0 utiliser des gaz lacrymog\u00e8nes pour disperser le rassemblement.<\/p>\n<p>Depuis, la maire de Rennes, aux c\u00f4t\u00e9s de sept autres \u00e9diles de gauche, a pris publiquement la parole dans une tribune publi\u00e9e dans Le Monde d\u00e9non\u00e7ant \u00ab un \u00e9v\u00e9nement au vernis bienveillant \u00bb derri\u00e8re lequel \u00ab se cache une entreprise id\u00e9ologique structur\u00e9e \u00bb. \u00ab Sous couvert de philanthropie, c\u2019est une vision r\u00e9trograde de la soci\u00e9t\u00e9 qui s\u2019installe insidieusement dans nos territoires \u00bb, \u00e9tait-il \u00e9crit. \u00ab Une vision qui oppose la morale aux droits, la charit\u00e9 \u00e0 la justice sociale, la hi\u00e9rarchie \u00e0 l\u2019\u00e9galit\u00e9 \u00bb.<\/p>\n<p>Organis\u00e9 dans un lieu tenu secret<\/p>\n<p>Ces derniers mois, l\u2019\u00e9v\u00e9nement a continu\u00e9 de cr\u00e9er des remous partout o\u00f9 il est pass\u00e9. Pour tenter d\u2019apaiser les tensions, Pierre-\u00c9douard St\u00e9rin a r\u00e9cemment d\u00e9cid\u00e9 de quitter le conseil d\u2019administration de la soci\u00e9t\u00e9. En vain. Les pol\u00e9miques ont continu\u00e9 \u00e0 se multiplier.<\/p>\n<p>Comme en Charente-Maritime, o\u00f9 plusieurs associations qui devaient b\u00e9n\u00e9ficier de la lev\u00e9e de fonds se sont retir\u00e9es en derni\u00e8re minute dans un souci de \u00ab neutralit\u00e9 \u00bb. Ou encore \u00e0 Aix-en-Provence, le mois dernier, quand une gr\u00e8ve de techniciens et la pression des manifestants ont contraint les organisateurs \u00e0 annuler l\u2019\u00e9v\u00e9nement en pr\u00e9sentiel pour se limiter \u00e0 une diffusion en ligne.<\/p>\n<blockquote><p>Un spectacle pour la bourgeoisie locale<\/p><\/blockquote>\n<p>Plus vraiment en odeur de saintet\u00e9 aupr\u00e8s de la majorit\u00e9 politique \u00e0 Rennes, le gala n\u2019aura pas lieu cette ann\u00e9e au Couvent des Jacobins. \u00ab La soir\u00e9e sera organis\u00e9e dans un lieu tenu secret jusqu\u2019au dernier moment \u00bb, nous confie un participant sous couvert d\u2019anonymat. Sur le site officiel, il est pr\u00e9cis\u00e9 que les inscrits se verront transmettre \u00ab des pr\u00e9cisions ult\u00e9rieurement \u00bb. Contact\u00e9s par Le T\u00e9l\u00e9gramme, les organisateurs n\u2019ont pas donn\u00e9 suite.<\/p>\n<p>De leur c\u00f4t\u00e9, les collectifs rennais qui d\u00e9noncent \u00ab un spectacle pour la bourgeoisie locale \u00bb appellent \u00e0 une grande manifestation le soir de l\u2019\u00e9v\u00e9nement. \u00ab Nous devons continuer \u00e0 nous mobiliser contre tous les \u00e9v\u00e9nements qui renforcent les r\u00e9seaux conservateurs et r\u00e9actionnaires, notamment dans le contexte des prochaines \u00e9ch\u00e9ances \u00e9lectorales, dont les municipales \u00bb, ont-ils \u00e9crit.<\/p>\n<p><script async src=\"\/\/www.instagram.com\/embed.js\"><\/script><\/p>\n","protected":false},"excerpt":{"rendered":"\u00ab Nous allons tout faire pour que cette mascarade naus\u00e9abonde et r\u00e9actionnaire n\u2019ait pas lieu \u00bb. C\u2019est par&hellip;\n","protected":false},"author":2,"featured_media":525296,"comment_status":"","ping_status":"","sticky":false,"template":"","format":"standard","meta":{"footnotes":""},"categories":[2821],"tags":[1111,11,829,765,1777,674,1011,27,848,12,584,25],"class_list":{"0":"post-525295","1":"post","2":"type-post","3":"status-publish","4":"format-standard","5":"has-post-thumbnail","7":"category-rennes","8":"tag-actu","9":"tag-actualites","10":"tag-bretagne","11":"tag-en-continu","12":"tag-eu","13":"tag-europe","14":"tag-fr","15":"tag-france","16":"tag-ille-et-vilaine","17":"tag-news","18":"tag-rennes","19":"tag-republique-francaise"},"share_on_mastodon":{"url":"https:\/\/pubeurope.com\/@fr\/115526463985572809","error":""},"_links":{"self":[{"href":"https:\/\/www.europesays.com\/fr\/wp-json\/wp\/v2\/posts\/525295","targetHints":{"allow":["GET"]}}],"collection":[{"href":"https:\/\/www.europesays.com\/fr\/wp-json\/wp\/v2\/posts"}],"about":[{"href":"https:\/\/www.europesays.com\/fr\/wp-json\/wp\/v2\/types\/post"}],"author":[{"embeddable":true,"href":"https:\/\/www.europesays.com\/fr\/wp-json\/wp\/v2\/users\/2"}],"replies":[{"embeddable":true,"href":"https:\/\/www.europesays.com\/fr\/wp-json\/wp\/v2\/comments?post=525295"}],"version-history":[{"count":0,"href":"https:\/\/www.europesays.com\/fr\/wp-json\/wp\/v2\/posts\/525295\/revisions"}],"wp:featuredmedia":[{"embeddable":true,"href":"https:\/\/www.europesays.com\/fr\/wp-json\/wp\/v2\/media\/525296"}],"wp:attachment":[{"href":"https:\/\/www.europesays.com\/fr\/wp-json\/wp\/v2\/media?parent=525295"}],"wp:term":[{"taxonomy":"category","embeddable":true,"href":"https:\/\/www.europesays.com\/fr\/wp-json\/wp\/v2\/categories?post=525295"},{"taxonomy":"post_tag","embeddable":true,"href":"https:\/\/www.europesays.com\/fr\/wp-json\/wp\/v2\/tags?post=525295"}],"curies":[{"name":"wp","href":"https:\/\/api.w.org\/{rel}","templated":true}]}}