{"id":525297,"date":"2025-11-10T16:58:15","date_gmt":"2025-11-10T16:58:15","guid":{"rendered":"https:\/\/www.europesays.com\/fr\/525297\/"},"modified":"2025-11-10T16:58:15","modified_gmt":"2025-11-10T16:58:15","slug":"dans-le-quartier-de-brequigny-a-rennes-une-jeune-femme-en-arret-cardiaque-secourue","status":"publish","type":"post","link":"https:\/\/www.europesays.com\/fr\/525297\/","title":{"rendered":"dans le quartier de Br\u00e9quigny \u00e0 Rennes, une jeune femme en arr\u00eat cardiaque secourue"},"content":{"rendered":"<p>            Par<br \/>\n        <strong><br \/>\n            <a href=\"https:\/\/actu.fr\/auteur\/clemence-pays02-actu-fr\" title=\"Consulter tous les articles de Cl\u00e9mence Pays\" rel=\"nofollow noopener\" target=\"_blank\">Cl\u00e9mence Pays<\/a><br \/>\n        <\/strong><\/p>\n<p>        Publi\u00e9 le<\/p>\n<p>            10 nov. 2025 \u00e0 16h42        <\/p>\n<p>Des habitants du <strong>quartier Br\u00e9quigny,<\/strong> \u00e0 <a href=\"https:\/\/actu.fr\/rennes\/\" rel=\"nofollow noopener\" target=\"_blank\">Rennes<\/a>, ont \u00e9t\u00e9 surpris en d\u00e9but d\u2019apr\u00e8s-midi, lundi 10\u00a0novembre 2025. Ces derniers ont pu entendre <strong>\u00ab\u2009beaucoup de sir\u00e8nes\u2009\u00bb<\/strong> et se sont demand\u00e9 ce qu\u2019il se passait.<\/p>\n<p class=\" wall-content\">Les secours sont en effet bien intervenus, pour secourir <strong>une \u00ab\u2009femme de 25\u00a0ans\u2009\u00bb,<\/strong> indique une source polici\u00e8re \u00e0 actu Rennes. La victime, a \u00ab\u2009fait un malaise ou chut\u00e9\u2009\u00bb et se trouvait en <strong>\u00ab\u2009arr\u00eat cardiaque\u2009\u00bb<\/strong> \u00e0 l\u2019arriv\u00e9e des sapeurs-pompiers.<\/p>\n<p>Un pronostic vital \u00ab\u2009plus engag\u00e9\u2009\u00bb<\/p>\n<p class=\" wall-content\">Gr\u00e2ce \u00e0 leur intervention et celle du Samu, la jeune femme a pu \u00eatre<strong> r\u00e9anim\u00e9e.<\/strong> \u00ab\u2009Son <strong>pronostic vital n\u2019\u00e9tait plus engag\u00e9<\/strong> lorsqu\u2019elle a \u00e9t\u00e9 conduite au <a href=\"https:\/\/actu.fr\/tag\/chu-de-rennes\" rel=\"nofollow noopener\" target=\"_blank\">CHU de Rennes<\/a>\u2009\u00bb, conclut notre source.<\/p>\n<p class=\" wall-content\">Personnalisez votre actualit\u00e9 en ajoutant vos villes et m\u00e9dias en favori avec <a href=\"https:\/\/moncompte.actu.fr\" title=\"D\u00e9couvez Mon Actu\" rel=\"nofollow noopener\" data-trk=\"{&quot;cta&quot;:{&quot;action&quot;:&quot;https:\\\/\\\/moncompte.actu.fr&quot;,&quot;category&quot;:&quot;mon compte&quot;,&quot;from&quot;:&quot;article footer&quot;,&quot;name&quot;:&quot;Mon actu&quot;,&quot;type&quot;:&quot;cta&quot;}}\" target=\"_blank\">Mon Actu<\/a>.<\/p>\n","protected":false},"excerpt":{"rendered":"Par Cl\u00e9mence Pays Publi\u00e9 le 10 nov. 2025 \u00e0 16h42 Des habitants du quartier Br\u00e9quigny, \u00e0 Rennes, ont&hellip;\n","protected":false},"author":2,"featured_media":525298,"comment_status":"","ping_status":"","sticky":false,"template":"","format":"standard","meta":{"footnotes":""},"categories":[2821],"tags":[1111,11,829,1777,674,118,1011,27,12,1072,1311,584,25],"class_list":{"0":"post-525297","1":"post","2":"type-post","3":"status-publish","4":"format-standard","5":"has-post-thumbnail","7":"category-rennes","8":"tag-actu","9":"tag-actualites","10":"tag-bretagne","11":"tag-eu","12":"tag-europe","13":"tag-faits-divers","14":"tag-fr","15":"tag-france","16":"tag-news","17":"tag-police","18":"tag-pompiers","19":"tag-rennes","20":"tag-republique-francaise"},"share_on_mastodon":{"url":"https:\/\/pubeurope.com\/@fr\/115526467999100927","error":""},"_links":{"self":[{"href":"https:\/\/www.europesays.com\/fr\/wp-json\/wp\/v2\/posts\/525297","targetHints":{"allow":["GET"]}}],"collection":[{"href":"https:\/\/www.europesays.com\/fr\/wp-json\/wp\/v2\/posts"}],"about":[{"href":"https:\/\/www.europesays.com\/fr\/wp-json\/wp\/v2\/types\/post"}],"author":[{"embeddable":true,"href":"https:\/\/www.europesays.com\/fr\/wp-json\/wp\/v2\/users\/2"}],"replies":[{"embeddable":true,"href":"https:\/\/www.europesays.com\/fr\/wp-json\/wp\/v2\/comments?post=525297"}],"version-history":[{"count":0,"href":"https:\/\/www.europesays.com\/fr\/wp-json\/wp\/v2\/posts\/525297\/revisions"}],"wp:featuredmedia":[{"embeddable":true,"href":"https:\/\/www.europesays.com\/fr\/wp-json\/wp\/v2\/media\/525298"}],"wp:attachment":[{"href":"https:\/\/www.europesays.com\/fr\/wp-json\/wp\/v2\/media?parent=525297"}],"wp:term":[{"taxonomy":"category","embeddable":true,"href":"https:\/\/www.europesays.com\/fr\/wp-json\/wp\/v2\/categories?post=525297"},{"taxonomy":"post_tag","embeddable":true,"href":"https:\/\/www.europesays.com\/fr\/wp-json\/wp\/v2\/tags?post=525297"}],"curies":[{"name":"wp","href":"https:\/\/api.w.org\/{rel}","templated":true}]}}