{"id":52530,"date":"2025-04-25T19:43:10","date_gmt":"2025-04-25T19:43:10","guid":{"rendered":"https:\/\/www.europesays.com\/fr\/52530\/"},"modified":"2025-04-25T19:43:10","modified_gmt":"2025-04-25T19:43:10","slug":"vc-rouen-76-fantastique-pour-nous-actualite","status":"publish","type":"post","link":"https:\/\/www.europesays.com\/fr\/52530\/","title":{"rendered":"VC Rouen 76 : \u00ab Fantastique pour nous \u00bb &#8211; Actualit\u00e9"},"content":{"rendered":"<p style=\"text-align: justify;\"><strong>Retour gagnant pour le VC Rouen 76. 21 ans apr\u00e8s sa derni\u00e8re apparition sur le Tour de Bretagne (2.2), la Conti f\u00e9d\u00e9rale normande a frapp\u00e9 fort, ce vendredi, en s&rsquo;imposant d\u00e8s la premi\u00e8re \u00e9tape, gr\u00e2ce \u00e0 Ilan Larmet (<a href=\"https:\/\/www.directvelo.com\/actualite\/120146\/tour-de-bretagne-et-1-classements\" target=\"_blank\" rel=\"nofollow noopener\">voir classement<\/a>). Apr\u00e8s avoir obtenu de nombreuses victoires en \u00c9lite Nationale depuis le d\u00e9but de l&rsquo;exercice 2025, le club rouennais\u00a0confirme ainsi son excellente dynamique. Le directeur sportif Jean-Philippe Yon exprime sa joie au micro de DirectVelo.<\/strong><\/p>\n<p><strong>DirectVelo : Vous remportez la premi\u00e8re \u00e9tape du Tour de Bretagne avec Ilan Larmet ! L\u2019avais-tu r\u00eav\u00e9 ?<br \/><\/strong>Jean-Philippe Yon : J&rsquo;avais surtout imagin\u00e9 qu&rsquo;on prenne des bonifs et qu&rsquo;on se mette dans le game. C&rsquo;est tr\u00e8s dur \u00e0 ce niveau-l\u00e0 d&rsquo;\u00eatre plac\u00e9 dans le peloton. On n\u2019est pas la plus grosse \u00e9quipe ici. Je voulais qu&rsquo;on soit plac\u00e9\u00a0au\u00a0g\u00e9n\u00e9ral pour trouver notre place \u00e0 l&rsquo;avant du peloton et qu&rsquo;on soit respect\u00e9 dans un premier temps. C&rsquo;\u00e9tait \u00e7a l&rsquo;objectif. C&rsquo;est ce que j&rsquo;ai dit \u00e0 Ilan en route : prendre les bonifs et ne pas p\u00e9ter pour avoir une bonne place au g\u00e9n\u00e9ral. Apr\u00e8s je lui ai dit \u201chasta la vista\u201c, on verra bien. Si \u00e7a peut aller au bout, on ira jouer la victoire. C\u2019est juste fantastique pour nous de gagner \u00e0 ce niveau-l\u00e0 et sur la plus belle course fran\u00e7aise. Quoi qu&rsquo;il arrive, notre Tour de Bretagne est r\u00e9ussi. On avait termin\u00e9 deux fois 2e en Classe 2 cette saison (<strong><a href=\"https:\/\/www.directvelo.com\/equipe\/77\/vc-rouen-76\" target=\"_blank\" rel=\"nofollow noopener\">voir la fiche \u00e9quipe<\/a><\/strong>). On voulait absolument une victoire.<\/p>\n<p><strong>\u00ab ON A SU EN PROFITER \u00bb<br \/><\/strong><strong><br \/>Qu\u2019avais-tu pr\u00e9vu au briefing ?<br \/><\/strong>Le plan \u00e9tait d\u2019aller devant. J\u2019avais seulement gard\u00e9 un coureur en r\u00e9serve, Matthew Fox en cas de sprint. J&rsquo;avais demand\u00e9 aux cinq autres coureurs d&rsquo;\u00eatre hyper vigilants et de ne rater aucune \u00e9chapp\u00e9e. Il y a beaucoup de grosses \u00e9quipes. Elles ont tendance \u00e0 se regarder. On l&rsquo;a vu, quasiment personne n&rsquo;a aid\u00e9 Lidl. Je leur ai dit, s&rsquo;il y a bien une journ\u00e9e o\u00f9 l&rsquo;\u00e9chapp\u00e9e peut aller au bout, c&rsquo;est la premi\u00e8re car quand une grosse \u00e9quipe prend le pouvoir, la course est cadenass\u00e9e. \u00c7a me donne compl\u00e8tement raison. C&rsquo;est ce qui s&rsquo;est pass\u00e9 comme sc\u00e9nario. On a su en profiter.<\/p>\n<p><strong>Quand as-tu compris que l\u2019\u00e9chapp\u00e9e irait au bout ?<br \/><\/strong>\u00c0 un tour et demi de l\u2019arriv\u00e9e, je me suis dit qu&rsquo;ils ne les reverront pas, sachant qu\u2019ils avaient 1\u201920\u201c sur un circuit de huit kilom\u00e8tres sans faux-plat ni bosse. Devant, tu ne butes pas. Ils ont \u00e9t\u00e9 solides. Derri\u00e8re, ils n&rsquo;ont rien repris, ils ne se sont pas occup\u00e9s d\u2019eux, ils se sont regard\u00e9s et ont g\u00e9r\u00e9 en pensant au classement g\u00e9n\u00e9ral de jeudi prochain. Bravo aux audacieux qui ont su passer toute la journ\u00e9e \u00e0 l&rsquo;avant.<\/p>\n<p><strong>\u00ab IL NOUS DONNE RAISON \u00bb<\/strong><\/p>\n<p><strong>Ilan Larmet a su seulement dimanche dernier qu\u2019il \u00e9tait retenu pour le Tour de Bretagne (<a href=\"https:\/\/www.directvelo.com\/actualite\/120207\/ilan-larmet-le-tour-de-bretagne-cest-un-reve\" target=\"_blank\" rel=\"nofollow noopener\">lire ici<\/a>)\u2026.<br \/><\/strong>\u00c0 Rouen, on a une concurrence \u00e9norme dans l&rsquo;\u00e9quipe, le niveau est tr\u00e8s \u00e9lev\u00e9 cette ann\u00e9e. Ilan n&rsquo;est pas le coureur qui frotte le mieux dans l&rsquo;\u00e9quipe et sur ces courses-l\u00e0, il faut \u00e9norm\u00e9ment frotter. J&rsquo;\u00e9tais persuad\u00e9 qu&rsquo;il pouvait nous servir \u00e0 quelque chose, notamment sur les \u00e9chapp\u00e9es. Quand il est devant, il ne se rate jamais, il va tr\u00e8s vite. Il est tr\u00e8s solide si on a besoin de rouler. En sixi\u00e8me coureur, j\u2019aurais aussi pu prendre L\u00e9andre Huck qui a quasiment les m\u00eames qualit\u00e9s. Ilan revient bien depuis trois semaines. Il gagne \u00e0 Redon, il est breton, il est champion de Bretagne. Aujourd&rsquo;hui, il nous donne raison, c&rsquo;est top.<\/p>\n<p><strong>Comment vois-tu la suite de l\u2019\u00e9preuve ?<br \/><\/strong>Il faut qu&rsquo;on fasse le bilan sur l&rsquo;infirmerie ce soir. Un maillot de leader au Tour de Bretagne ne se l\u00e2che pas. On va se battre et essayer de le garder le plus longtemps possible. Une semaine, c&rsquo;est \u00e0 la fois tr\u00e8s long et tr\u00e8s court. Mais j&rsquo;ai peut-\u00eatre un ou deux coureurs qui ne vont pas partir demain. Matthew (Fox), Florentin (Lecamus-Lambert) et Jean-Louis (Le Ny) sont tomb\u00e9s. Si on est quatre, on ne peut pas contr\u00f4ler.<\/p>\n<p style=\"text-align: justify;\"><img loading=\"lazy\" decoding=\"async\" src=\"https:\/\/www.europesays.com\/fr\/wp-content\/uploads\/2025\/04\/680bd69e18104.jpg\" alt=\"\" width=\"650\" height=\"488\"\/><\/p>\n","protected":false},"excerpt":{"rendered":"Retour gagnant pour le VC Rouen 76. 21 ans apr\u00e8s sa derni\u00e8re apparition sur le Tour de Bretagne&hellip;\n","protected":false},"author":2,"featured_media":52531,"comment_status":"","ping_status":"","sticky":false,"template":"","format":"standard","meta":{"footnotes":""},"categories":[9587],"tags":[1111,11,834,828,836,829,837,827,83,826,824,823,207,814,817,815,816,822,821,1777,674,832,211,839,1011,27,820,818,819,12,5161,835,831,830,833,838,25,9590,212,208,825],"class_list":{"0":"post-52530","1":"post","2":"type-post","3":"status-publish","4":"format-standard","5":"has-post-thumbnail","7":"category-rouen","8":"tag-actu","9":"tag-actualites","10":"tag-attaque","11":"tag-belgique","12":"tag-braquet","13":"tag-bretagne","14":"tag-chute","15":"tag-competition","16":"tag-coupe-de-france","17":"tag-coureur","18":"tag-course-cyclisme","19":"tag-course-cycliste","20":"tag-cyclisme","21":"tag-direct","22":"tag-direct-velo","23":"tag-directvelo","24":"tag-directvelo-com","25":"tag-epreuve","26":"tag-epreuve-cycliste","27":"tag-eu","28":"tag-europe","29":"tag-federation-francaise-de-cyclisme","30":"tag-ffc","31":"tag-flandres","32":"tag-fr","33":"tag-france","34":"tag-live","35":"tag-live-course","36":"tag-live-epreuve","37":"tag-news","38":"tag-normandie","39":"tag-peloton","40":"tag-radio-peloton","41":"tag-radio-tour","42":"tag-ravitaillement","43":"tag-relance","44":"tag-republique-francaise","45":"tag-rouen","46":"tag-uci","47":"tag-velo","48":"tag-velos"},"share_on_mastodon":{"url":"","error":"Validation failed: Text character limit of 500 exceeded"},"_links":{"self":[{"href":"https:\/\/www.europesays.com\/fr\/wp-json\/wp\/v2\/posts\/52530","targetHints":{"allow":["GET"]}}],"collection":[{"href":"https:\/\/www.europesays.com\/fr\/wp-json\/wp\/v2\/posts"}],"about":[{"href":"https:\/\/www.europesays.com\/fr\/wp-json\/wp\/v2\/types\/post"}],"author":[{"embeddable":true,"href":"https:\/\/www.europesays.com\/fr\/wp-json\/wp\/v2\/users\/2"}],"replies":[{"embeddable":true,"href":"https:\/\/www.europesays.com\/fr\/wp-json\/wp\/v2\/comments?post=52530"}],"version-history":[{"count":0,"href":"https:\/\/www.europesays.com\/fr\/wp-json\/wp\/v2\/posts\/52530\/revisions"}],"wp:featuredmedia":[{"embeddable":true,"href":"https:\/\/www.europesays.com\/fr\/wp-json\/wp\/v2\/media\/52531"}],"wp:attachment":[{"href":"https:\/\/www.europesays.com\/fr\/wp-json\/wp\/v2\/media?parent=52530"}],"wp:term":[{"taxonomy":"category","embeddable":true,"href":"https:\/\/www.europesays.com\/fr\/wp-json\/wp\/v2\/categories?post=52530"},{"taxonomy":"post_tag","embeddable":true,"href":"https:\/\/www.europesays.com\/fr\/wp-json\/wp\/v2\/tags?post=52530"}],"curies":[{"name":"wp","href":"https:\/\/api.w.org\/{rel}","templated":true}]}}