{"id":525303,"date":"2025-11-10T17:01:14","date_gmt":"2025-11-10T17:01:14","guid":{"rendered":"https:\/\/www.europesays.com\/fr\/525303\/"},"modified":"2025-11-10T17:01:14","modified_gmt":"2025-11-10T17:01:14","slug":"une-immense-foule-attendue-dans-ce-quartier-les-bus-supprimes-ou-devies","status":"publish","type":"post","link":"https:\/\/www.europesays.com\/fr\/525303\/","title":{"rendered":"une immense foule attendue dans ce quartier, les bus supprim\u00e9s ou d\u00e9vi\u00e9s"},"content":{"rendered":"<p>            Par<br \/>\n        <strong><br \/>\n            <a href=\"https:\/\/actu.fr\/auteur\/arthur-frand\" title=\"Consulter tous les articles de Arthur Frand\" rel=\"nofollow noopener\" target=\"_blank\">Arthur Frand<\/a><br \/>\n        <\/strong><\/p>\n<p>        Publi\u00e9 le<\/p>\n<p>            10 nov. 2025 \u00e0 16h51        <\/p>\n<p>Ce mardi 11\u00a0novembre 2025 est une journ\u00e9e de comm\u00e9moration en France. On y c\u00e9l\u00e8bre l\u2019armistice de 1918. \u00c0 <a href=\"https:\/\/actu.fr\/nice\/\" rel=\"nofollow noopener\" target=\"_blank\">Nice<\/a> et dans les <a href=\"https:\/\/actu.fr\/provence-alpes-cote-d-azur\/alpes-maritimes_06\" rel=\"nofollow noopener\" target=\"_blank\">Alpes-Maritimes<\/a>, plusieurs c\u00e9r\u00e9monies sont organis\u00e9es tout au long de la journ\u00e9e.<\/p>\n<p>    <a href=\"https:\/\/www.google.com\/maps\/embed?pb=!1m18!1m12!1m3!1d5769.64475528073!2d7.278724677344628!3d43.69345597110022!2m3!1f0!2f0!3f0!3m2!1i1024!2i768!4f13.1!3m3!1m2!1s0x12cddabdee6f90a3%3A0xabeb2f69e511a037!2sMonument%20aux%20Morts%20de%20Rauba-Cape%C3%B9%20-%20Nice!5e0!3m2!1sfr!2sfr!4v1762787600876!5m2!1sfr!2sfr\" title=\"Ouvrie le lien\" rel=\"nofollow noopener\" target=\"_blank\">Cliquez ici pour visualiser le contenu<\/a><\/p>\n<p class=\" wall-content\">\u00c0 Nice, le rendez-vous est fix\u00e9 \u00e0 9h ce mardi 11\u00a0novembre, devant le monument aux morts de la ville du <strong>quai Rauba-Cap\u00e8u. <\/strong>Celui-ci est situ\u00e9 place Guynemer, sur la route du bord de mer, dans le prolongement de la Promenade des Anglais.<\/p>\n<p>Une c\u00e9r\u00e9monie en pr\u00e9sence du pr\u00e9fet<\/p>\n<p class=\" wall-content\">La c\u00e9r\u00e9monie sera pr\u00e9sid\u00e9e par le pr\u00e9fet des Alpes-Maritimes, Laurent Hottiaux, en pr\u00e9sence du maire de Nice, <a href=\"https:\/\/actu.fr\/tag\/christian-estrosi\" rel=\"nofollow noopener\" target=\"_blank\">Christian Estrosi<\/a>. Elle devrait <strong>entra\u00eener des perturbations de circulation<\/strong> dans le quartier, aux alentours de la Promenade des Anglais et un afflux de public entre les voitures, cyclistes, trottinettes et pi\u00e9tons. Plusieurs lignes de bus sont supprim\u00e9es pour l\u2019occasion.<\/p>\n<p>\u00ab\u2009Un r\u00e9seau adapt\u00e9\u2009\u00bb ce mardi 11\u00a0novembre \u00e0 Nice<\/p>\n<p class=\" wall-content\">\u00ab\u2009Votre r\u00e9seau est adapt\u00e9 \u00e0 l\u2019occasion de ce jour f\u00e9ri\u00e9\u2009\u00bb, pr\u00e9cise <a href=\"https:\/\/actu.fr\/tag\/lignes-dazur\" rel=\"nofollow noopener\" target=\"_blank\">Lignes d\u2019Azur.<\/a> Les bus suivants ne circuleront pas\u2009: NV30, 31, 34, 35, 37, 37, 39, 40, 41, 42, 43, 47, 49, 52, 58, 67, 68, 69, 75d, 77, 80, 84, 85, 86, 89, 92, 92, cadam Nord et Est, Exp 2, Exp 3, Exp 4, Navette c\u0153ur de Vence 1, 2 et 3.<\/p>\n<p class=\" wall-content\">Pour toutes les autres lignes, les horaires de dimanche et jours f\u00e9ri\u00e9s seront appliqu\u00e9s. Les parcs relais Parcazur restent ouverts. Certaines lignes sont adapt\u00e9es de la fa\u00e7on suivante\u2009:<\/p>\n<p class=\" wall-content\"><strong>Ligne 741\u2009:<\/strong><\/p>\n<ul class=\" wall-content\">\n<li>Le lundi 10\u00a0novembre 2025\u2009: deux d\u00e9parts sont mis en place \u00e0 17h00 depuis le Coll\u00e8ge Saint-Blaise en direction de Vauban.<\/li>\n<li>Le mercredi 12\u00a0novembre 2025\u2009: deux d\u00e9parts sont mis en place \u00e0 7h15 depuis Vauban\u00a0en direction du Coll\u00e8ge Saint-Blaise.<\/li>\n<\/ul>\n<p>Votre r\u00e9gion, votre actu !<\/p>\n<p>Recevez chaque jour les infos qui comptent pour vous.<\/p>\n<p>\t<a href=\"https:\/\/actu.fr\/newsletter\" class=\"ac-btn ac-btn--corner ac-btn--medium ac-btn--blue800\" rel=\"nofollow noopener\" target=\"_blank\">S&rsquo;incrire<\/a><\/p>\n<p class=\" wall-content\"><strong>Ligne 742\u2009:<\/strong><\/p>\n<ul class=\" wall-content\">\n<li>Le lundi 10\u00a0novembre 2025\u2009: deux d\u00e9parts sont mis en place \u00e0 16h45 depuis le Coll\u00e8ge Jean Franco en direction de Vauban.<\/li>\n<li>Le mercredi 12\u00a0novembre 2025\u2009: deux d\u00e9parts sont mis en place \u00e0 7h10 depuis Vauban\u00a0en direction du Coll\u00e8ge Jean Franco.<\/li>\n<\/ul>\n<p class=\" wall-content\"><strong>Ligne 743\u2009<\/strong>:<br \/>Le lundi 10\u00a0novembre 2025\u2009: quatre d\u00e9parts sont mis en place \u00e0 16h50 depuis La Bolline Lyc\u00e9e\u00a0en direction de Vauban.<br \/>Le mercredi 12\u00a0novembre 2025\u2009: quatre\u00a0d\u00e9parts sont mis en place \u00e0 7h00 depuis Vauban\u00a0en direction de La Bolline Lyc\u00e9e.<\/p>\n<p class=\" wall-content\"><strong>Ligne 744<\/strong>\u2009:<\/p>\n<ul class=\" wall-content\">\n<li>Le lundi 10\u00a0novembre 2025\u2009: un d\u00e9part est mis en place \u00e0 15h20 depuis le Coll\u00e8ge Jean Salines en direction de Vauban.<\/li>\n<li>Le mercredi 12\u00a0novembre 2025\u2009: un d\u00e9part est mis en place \u00e0 7h10 depuis Vauban\u00a0en direction du Coll\u00e8ge Jean Salines.<\/li>\n<\/ul>\n<p class=\" wall-content\">Personnalisez votre actualit\u00e9 en ajoutant vos villes et m\u00e9dias en favori avec <a href=\"https:\/\/moncompte.actu.fr\" title=\"D\u00e9couvez Mon Actu\" rel=\"nofollow noopener\" data-trk=\"{&quot;cta&quot;:{&quot;action&quot;:&quot;https:\\\/\\\/moncompte.actu.fr&quot;,&quot;category&quot;:&quot;mon compte&quot;,&quot;from&quot;:&quot;article footer&quot;,&quot;name&quot;:&quot;Mon actu&quot;,&quot;type&quot;:&quot;cta&quot;}}\" target=\"_blank\">Mon Actu<\/a>.<\/p>\n","protected":false},"excerpt":{"rendered":"Par Arthur Frand Publi\u00e9 le 10 nov. 2025 \u00e0 16h51 Ce mardi 11\u00a0novembre 2025 est une journ\u00e9e de&hellip;\n","protected":false},"author":2,"featured_media":525304,"comment_status":"","ping_status":"","sticky":false,"template":"","format":"standard","meta":{"footnotes":""},"categories":[2819],"tags":[1111,11,3542,1777,674,1011,27,12,2401,882,25,104,2803],"class_list":{"0":"post-525303","1":"post","2":"type-post","3":"status-publish","4":"format-standard","5":"has-post-thumbnail","7":"category-nice","8":"tag-actu","9":"tag-actualites","10":"tag-circulation","11":"tag-eu","12":"tag-europe","13":"tag-fr","14":"tag-france","15":"tag-news","16":"tag-nice","17":"tag-provence-alpes-cote-dazur","18":"tag-republique-francaise","19":"tag-societe","20":"tag-transport"},"share_on_mastodon":{"url":"https:\/\/pubeurope.com\/@fr\/115526479763709438","error":""},"_links":{"self":[{"href":"https:\/\/www.europesays.com\/fr\/wp-json\/wp\/v2\/posts\/525303","targetHints":{"allow":["GET"]}}],"collection":[{"href":"https:\/\/www.europesays.com\/fr\/wp-json\/wp\/v2\/posts"}],"about":[{"href":"https:\/\/www.europesays.com\/fr\/wp-json\/wp\/v2\/types\/post"}],"author":[{"embeddable":true,"href":"https:\/\/www.europesays.com\/fr\/wp-json\/wp\/v2\/users\/2"}],"replies":[{"embeddable":true,"href":"https:\/\/www.europesays.com\/fr\/wp-json\/wp\/v2\/comments?post=525303"}],"version-history":[{"count":0,"href":"https:\/\/www.europesays.com\/fr\/wp-json\/wp\/v2\/posts\/525303\/revisions"}],"wp:featuredmedia":[{"embeddable":true,"href":"https:\/\/www.europesays.com\/fr\/wp-json\/wp\/v2\/media\/525304"}],"wp:attachment":[{"href":"https:\/\/www.europesays.com\/fr\/wp-json\/wp\/v2\/media?parent=525303"}],"wp:term":[{"taxonomy":"category","embeddable":true,"href":"https:\/\/www.europesays.com\/fr\/wp-json\/wp\/v2\/categories?post=525303"},{"taxonomy":"post_tag","embeddable":true,"href":"https:\/\/www.europesays.com\/fr\/wp-json\/wp\/v2\/tags?post=525303"}],"curies":[{"name":"wp","href":"https:\/\/api.w.org\/{rel}","templated":true}]}}