{"id":525305,"date":"2025-11-10T17:02:16","date_gmt":"2025-11-10T17:02:16","guid":{"rendered":"https:\/\/www.europesays.com\/fr\/525305\/"},"modified":"2025-11-10T17:02:16","modified_gmt":"2025-11-10T17:02:16","slug":"le-gym-en-plein-doute-apres-la-defaite-a-metz","status":"publish","type":"post","link":"https:\/\/www.europesays.com\/fr\/525305\/","title":{"rendered":"le Gym en plein doute apr\u00e8s la d\u00e9faite \u00e0 Metz"},"content":{"rendered":"<p class=\"fs-5 \">Les interrogations \u00e9taient multiples avant ce d\u00e9placement en Moselle.<\/p>\n<p class=\"fs-5 \">Le discours \u00e0 c\u0153ur ouvert de <strong>Franck Haise<\/strong> apr\u00e8s le revers en<strong> Ligue Europa<\/strong> allait-il \u00eatre suivi d\u2019une r\u00e9ponse forte de son groupe\u00a0?<\/p>\n<p class=\"fs-5 \">Et le <strong>Gym<\/strong> allait-il \u00eatre capable de gagner en \u00e9tant plus ambitieux dans le jeu, lui qui s\u2019en \u00e9tait surtout sorti ces derniers temps en d\u00e9fendant tr\u00e8s bas\u00a0?<\/p>\n<p class=\"fs-5 \">Et bien, ce fut deux fois non. Un constat froid et brutal que le coach ni\u00e7ois tirait lui-m\u00eame face \u00e0 la presse.<\/p>\n<p class=\"fs-5 \">\u00ab\u00a0On est loin du compte\u00a0\u00bb, a-t-il l\u00e2ch\u00e9 sans \u00e9quivoque apr\u00e8s la d\u00e9faite 2-1 contre le promu messin, auteur certes de son troisi\u00e8me succ\u00e8s de rang.<\/p>\n<p> \u00ab\u00a0Je suis tr\u00e8s d\u00e9\u00e7u de notre niveau. J\u2019aimerais qu\u2019on propose autre chose et le premier responsable, c\u2019est moi\u00a0\u00bb.<\/p>\n<p>            <img src=\"https:\/\/www.europesays.com\/fr\/wp-content\/uploads\/2025\/11\/1762794135_478_d8bb65e_upload-1-5j1rjryzpimi-image-afp-83jb7uh.jpg\"   loading=\"lazy\" decoding=\"async\" alt=\"35e minute\u00a0: Cho enroule une frappe du gauche et ouvre le score pour Nice. La suite sera moins rose... \" class=\"img-fluid position-absolute w-100 object-fit-cover rounded-2\" width=\"600\" height=\"400\"\/><\/p>\n<p>                                                                                Un Gym sans rep\u00e8res et un entra\u00eeneur en qu\u00eate de r\u00e9ponses<\/p>\n<p class=\"fs-5 \">Comme contre Fribourg, les Ni\u00e7ois ont frapp\u00e9 les premiers et \u00e9t\u00e9 renvers\u00e9s ensuite, au gr\u00e9 de leur faillite aussi bien technique que mentale.<\/p>\n<p class=\"fs-5 \">Le <strong>penalty <\/strong>s\u00e9v\u00e8re siffl\u00e9 contre Juma Bah, pour un tirage de maillot sur Diallo, n\u2019a \u00e9videmment pas fait leurs affaires.<\/p>\n<p class=\"fs-5 \">Mais ce Gym-l\u00e0, balad\u00e9 dans les grandes largeurs, \u00e0 contretemps, et trop facilement transperc\u00e9, ne m\u00e9ritait rien et surtout pas la victoire.<\/p>\n<p class=\"fs-5 \">Ce n\u2019est plus une histoire d\u2019attitudes, m\u00eame si l\u2019apport fam\u00e9lique des entrants en seconde p\u00e9riode (<strong>Boga<\/strong>, <strong>Sanson<\/strong>\u2026) pose forc\u00e9ment question, c\u2019est tout simplement une question de niveau et de profils.<\/p>\n<p class=\"fs-5 \">C\u2019est \u00e9videmment plus grave car il ne semble plus y avoir beaucoup de leviers \u00e0 activer pour l\u2019entra\u00eeneur de Nice et son staff.<\/p>\n<p class=\"fs-5 \">Lequel n\u2019imaginait sans doute pas au moment de prolonger cet \u00e9t\u00e9 que l\u2019An 2 de son chapitre azur\u00e9en l\u2019emm\u00e8nerait par la force des choses sur le chemin difficile du reniement de ses id\u00e9es.<\/p>\n<p class=\"fs-5 \">\u00ab\u00a0On r\u00e9cup\u00e8re trop peu de ballons hauts, on manque d\u2019intensit\u00e9, de jambes. Il y a beaucoup de choses \u00e0 r\u00e9gler. Il faut peut-\u00eatre compl\u00e8tement changer de fusil d\u2019\u00e9paule, de syst\u00e8me, certains principes de jeu\u2026 Et si encore j\u2019\u00e9tais certain que ce soit la solution\u2026 \u00a0\u00bb, a confi\u00e9 Haise.<\/p>\n<p class=\"fs-5 \">Impuissant actuellement pour donner des id\u00e9es et du corps \u00e0 son \u00e9quipe, le coach sait que \u00ab\u00a0c\u2019est \u00e0 lui d\u2019insuffler un nouveau souffle\u00a0\u00bb au Gym, et ce malgr\u00e9 les manques criants d\u2019un effectif qui ne lui correspond plus.<\/p>\n<p class=\"fs-5 \">\u00ab\u00a0C\u2019est notre d\u00e9fi \u00e0 mon staff et moi pour qu\u2019on continue \u00e0 prendre des points, \u00e0 renforcer la confiance des uns et des autres, \u00e0 avancer m\u00eame si ce n\u2019est pas le visage que j\u2019aimerais voir de mon \u00e9quipe, en tout cas \u00e0 court terme\u00a0\u00bb.<\/p>\n<p>            <img src=\"https:\/\/www.europesays.com\/fr\/wp-content\/uploads\/2025\/11\/b1e8e0a_upload-1-clfbku1knj9d-image-afp-79uh8xq-small-small.jpg\"   loading=\"lazy\" decoding=\"async\" alt=\"Borja Iglesias devance Oppong\u00a0: Vigo a fini par s\u2019imposer face au Gym r\u00e9duit \u00e0 dix.\" class=\"img-fluid position-absolute w-100 object-fit-cover rounded-2\" width=\"600\" height=\"400\"\/><\/p>\n<p>                                                                                Franck Haise regarde surtout derri\u00e8re au classement&#8230;<\/p>\n<p class=\"fs-5 \"><strong>L\u2019OGC Nice est ce matin neuvi\u00e8me de Ligue 1<\/strong> \u00e0 seulement trois points des places qualificatives pour l\u2019Europe.<\/p>\n<p class=\"fs-5 \">Comptablement, il n\u2019y a donc pas p\u00e9ril en la demeure. Mais au vu du niveau affich\u00e9 par son Gym, d\u00e9pendant de ses individualit\u00e9s autant que de leurs ego, c\u2019est surtout derri\u00e8re que l\u2019entra\u00eeneur ni\u00e7ois confie regarder.<\/p>\n<p class=\"fs-5 \">Ce qui est assez logique finalement pour ces Aiglons qui ont certes gagn\u00e9 contre <a href=\"https:\/\/www.nicematin.com\/sports\/football\/ligue-1-comment-l-ogc-nice-a-resiste-aux-assauts-rennais-jusqu-au-bout-10654296\" target=\"_blank\" rel=\"noopener\">Rennes<\/a>, <a href=\"https:\/\/www.nicematin.com\/sports\/football\/pragmatisme-choix-tactiques-collectif-comment-l-ogc-nice-a-corrige-lille-2-0-10654613\" target=\"_blank\" rel=\"noopener\">Lille<\/a> ou <a href=\"https:\/\/www.nicematin.com\/sports\/football\/ligue-1-l-ogc-nice-confirme-sa-montee-en-puissance-et-construit-un-collectif-solide-apres-son-succes-contre-lyon-10653193\" target=\"_blank\" rel=\"noopener\">Lyon<\/a> mais se sont surtout inclin\u00e9s au <a href=\"https:\/\/www.nicematin.com\/sports\/football\/un-tout-petit-ogc-nice-s-incline-au-havre-3-1-999990\" target=\"_blank\" rel=\"noopener\">Havre<\/a>, \u00e0 <a href=\"https:\/\/www.nicematin.com\/sports\/football\/on-etait-pourtant-prevenu-l-ogc-nice-coule-a-brest-largement-battu-4-1-1002816\" target=\"_blank\" rel=\"noopener\">Brest<\/a> et donc d\u00e9sormais \u00e0 <a href=\"https:\/\/www.nicematin.com\/sports\/football\/l-ogc-nice-renverse-par-metz-2-1-10655915\" target=\"_blank\" rel=\"noopener\">Metz<\/a>.<\/p>\n<p class=\"fs-5 \">L\u2019aveu empreint de r\u00e9alisme en dit beaucoup sur les doutes qui r\u00e8gnent actuellement dans les couloirs du club.<\/p>\n<p class=\"fs-5 \">La titularisation de<a href=\"https:\/\/www.nicematin.com\/sports\/football\/ce-qui-est-sur-c-est-que-s-il-est-absent-plusieurs-semaines-ce-n-est-pas-a-cause-du-genou-a-nice-l-imbroglio-clauss-10654423\" target=\"_blank\" rel=\"noopener\"> Jonathan Clauss, ce dimanche, apr\u00e8s tout l\u2019imbroglio autour de son genou bless\u00e9<\/a>, est d\u2019ailleurs assez symptomatique de tout ce qui cloche en ce moment au Gym.<\/p>\n<p class=\"fs-5 \">\u00ab\u00a0C\u2019est le seul vrai piston droit de l\u2019effectif. Et <strong>Tiago (Gouveia)<\/strong> avait beaucoup encha\u00een\u00e9. Donc je ne me suis pas pos\u00e9 tellement de questions\u00a0\u00bb.<\/p>\n<p class=\"fs-5 \">Des questions, les dirigeants ni\u00e7ois vont devoir, eux, s\u2019en poser quelques-unes \u00e0 l\u2019approche du mercato d\u2019hiver, apr\u00e8s avoir rat\u00e9 celui de cet \u00e9t\u00e9.<\/p>\n<p class=\"fs-5 \">\u00ab\u00a0On va trouver les solutions tous ensemble\u00a0\u00bb, a promis le pr\u00e9sident-directeur g\u00e9n\u00e9ral <strong>Fabrice Bocquet<\/strong> au micro du diffuseur alors que l\u2019OGC Nice, qui affrontera l\u2019<strong>OM<\/strong> apr\u00e8s la tr\u00eave, se situe sur une pente tr\u00e8s glissante. Il ne faudrait surtout pas l\u00e2cher la rampe.<br \/><\/p>\n","protected":false},"excerpt":{"rendered":"Les interrogations \u00e9taient multiples avant ce d\u00e9placement en Moselle. Le discours \u00e0 c\u0153ur ouvert de Franck Haise apr\u00e8s&hellip;\n","protected":false},"author":2,"featured_media":525306,"comment_status":"","ping_status":"","sticky":false,"template":"","format":"standard","meta":{"footnotes":""},"categories":[2819],"tags":[1111,11,1777,674,1011,27,12,2401,54521,882,25],"class_list":{"0":"post-525305","1":"post","2":"type-post","3":"status-publish","4":"format-standard","5":"has-post-thumbnail","7":"category-nice","8":"tag-actu","9":"tag-actualites","10":"tag-eu","11":"tag-europe","12":"tag-fr","13":"tag-france","14":"tag-news","15":"tag-nice","16":"tag-ogcnice","17":"tag-provence-alpes-cote-dazur","18":"tag-republique-francaise"},"share_on_mastodon":{"url":"https:\/\/pubeurope.com\/@fr\/115526484326675811","error":""},"_links":{"self":[{"href":"https:\/\/www.europesays.com\/fr\/wp-json\/wp\/v2\/posts\/525305","targetHints":{"allow":["GET"]}}],"collection":[{"href":"https:\/\/www.europesays.com\/fr\/wp-json\/wp\/v2\/posts"}],"about":[{"href":"https:\/\/www.europesays.com\/fr\/wp-json\/wp\/v2\/types\/post"}],"author":[{"embeddable":true,"href":"https:\/\/www.europesays.com\/fr\/wp-json\/wp\/v2\/users\/2"}],"replies":[{"embeddable":true,"href":"https:\/\/www.europesays.com\/fr\/wp-json\/wp\/v2\/comments?post=525305"}],"version-history":[{"count":0,"href":"https:\/\/www.europesays.com\/fr\/wp-json\/wp\/v2\/posts\/525305\/revisions"}],"wp:featuredmedia":[{"embeddable":true,"href":"https:\/\/www.europesays.com\/fr\/wp-json\/wp\/v2\/media\/525306"}],"wp:attachment":[{"href":"https:\/\/www.europesays.com\/fr\/wp-json\/wp\/v2\/media?parent=525305"}],"wp:term":[{"taxonomy":"category","embeddable":true,"href":"https:\/\/www.europesays.com\/fr\/wp-json\/wp\/v2\/categories?post=525305"},{"taxonomy":"post_tag","embeddable":true,"href":"https:\/\/www.europesays.com\/fr\/wp-json\/wp\/v2\/tags?post=525305"}],"curies":[{"name":"wp","href":"https:\/\/api.w.org\/{rel}","templated":true}]}}