{"id":525309,"date":"2025-11-10T17:04:13","date_gmt":"2025-11-10T17:04:13","guid":{"rendered":"https:\/\/www.europesays.com\/fr\/525309\/"},"modified":"2025-11-10T17:04:13","modified_gmt":"2025-11-10T17:04:13","slug":"un-kilo-de-cocaine-et-une-kalachnikov-chargee-retrouves-dans-une-cave-par-la-police","status":"publish","type":"post","link":"https:\/\/www.europesays.com\/fr\/525309\/","title":{"rendered":"un kilo de coca\u00efne et une kalachnikov charg\u00e9e retrouv\u00e9s dans une cave par la police"},"content":{"rendered":"<p>En enqu\u00eatant sur une affaire d\u2019enl\u00e8vement, les policiers de Nantes (<a target=\"_self\" href=\"https:\/\/www.lanouvellerepublique.fr\/loire-atlantique\" rel=\"noopener\">Loire-Atlantique<\/a>) sont tomb\u00e9s, entre autres, sur une kalachnikov et une grande quantit\u00e9 de coca\u00efne dans une cave, rapporte <a target=\"_blank\" href=\"https:\/\/www.ouest-france.fr\/societe\/faits-divers\/les-policiers-enquetent-sur-un-passage-a-tabac-a-nantes-ils-tombent-sur-une-kalachnikov-chargee-dans-une-cave-3ab9e7ec-bb34-11f0-a456-5b350733c580\" rel=\"noopener\">Ouest-France<\/a> vendredi 7\u00a0novembre 2025.<\/p>\n<p>Deux enqu\u00eates en cours<\/p>\n<p>La d\u00e9couverte a \u00e9t\u00e9 r\u00e9alis\u00e9e apr\u00e8s le t\u00e9moignage d\u2019un homme dont le visage portait des traces de coups. Il a affirm\u00e9 aux fonctionnaires avoir \u00e9t\u00e9 pass\u00e9 \u00e0 tabac dans la nuit de jeudi \u00e0 vendredi dans une cave, indique <a target=\"_blank\" href=\"https:\/\/www.ouest-france.fr\/societe\/faits-divers\/une-kalachnikov-1-kg-de-cocaine-et-une-arme-de-poing-decouverts-dans-une-cave-a-nantes-b76e0e82-bbf0-11f0-9782-2e849b0bafb0\" rel=\"noopener\">Presse Oc\u00e9an<\/a>. En fouillant plusieurs endroits correspondant \u00e0 ce signalement, les policiers, assist\u00e9s d\u2019un chien sp\u00e9cialis\u00e9, ont saisi une kalachnikov charg\u00e9e, une arme de poing et un kilo de coca\u00efne.<\/p>\n<p>Ils n\u2019ont toutefois pas trouv\u00e9 de trace de sang dans la cave. La division de la criminalit\u00e9 organis\u00e9e et sp\u00e9cialis\u00e9e pour les armes a \u00e9t\u00e9 saisie par le parquet de Nantes pour enqu\u00eater. Concernant les faits d\u00e9nonc\u00e9s par l\u2019homme bless\u00e9, l\u2019enqu\u00eate se poursuit. Aucune interpellation n\u2019avait \u00e9t\u00e9 r\u00e9alis\u00e9e ce vendredi dans les deux affaires.<\/p>\n","protected":false},"excerpt":{"rendered":"En enqu\u00eatant sur une affaire d\u2019enl\u00e8vement, les policiers de Nantes (Loire-Atlantique) sont tomb\u00e9s, entre autres, sur une kalachnikov&hellip;\n","protected":false},"author":2,"featured_media":525310,"comment_status":"","ping_status":"","sticky":false,"template":"","format":"standard","meta":{"footnotes":""},"categories":[2818],"tags":[1111,11,1674,1777,674,274,1011,27,3047,766,12,2636,25],"class_list":{"0":"post-525309","1":"post","2":"type-post","3":"status-publish","4":"format-standard","5":"has-post-thumbnail","7":"category-nantes","8":"tag-actu","9":"tag-actualites","10":"tag-communes","11":"tag-eu","12":"tag-europe","13":"tag-faits-divers-justice","14":"tag-fr","15":"tag-france","16":"tag-loire-atlantique","17":"tag-nantes","18":"tag-news","19":"tag-pays-de-la-loire","20":"tag-republique-francaise"},"share_on_mastodon":{"url":"https:\/\/pubeurope.com\/@fr\/115526491423417036","error":""},"_links":{"self":[{"href":"https:\/\/www.europesays.com\/fr\/wp-json\/wp\/v2\/posts\/525309","targetHints":{"allow":["GET"]}}],"collection":[{"href":"https:\/\/www.europesays.com\/fr\/wp-json\/wp\/v2\/posts"}],"about":[{"href":"https:\/\/www.europesays.com\/fr\/wp-json\/wp\/v2\/types\/post"}],"author":[{"embeddable":true,"href":"https:\/\/www.europesays.com\/fr\/wp-json\/wp\/v2\/users\/2"}],"replies":[{"embeddable":true,"href":"https:\/\/www.europesays.com\/fr\/wp-json\/wp\/v2\/comments?post=525309"}],"version-history":[{"count":0,"href":"https:\/\/www.europesays.com\/fr\/wp-json\/wp\/v2\/posts\/525309\/revisions"}],"wp:featuredmedia":[{"embeddable":true,"href":"https:\/\/www.europesays.com\/fr\/wp-json\/wp\/v2\/media\/525310"}],"wp:attachment":[{"href":"https:\/\/www.europesays.com\/fr\/wp-json\/wp\/v2\/media?parent=525309"}],"wp:term":[{"taxonomy":"category","embeddable":true,"href":"https:\/\/www.europesays.com\/fr\/wp-json\/wp\/v2\/categories?post=525309"},{"taxonomy":"post_tag","embeddable":true,"href":"https:\/\/www.europesays.com\/fr\/wp-json\/wp\/v2\/tags?post=525309"}],"curies":[{"name":"wp","href":"https:\/\/api.w.org\/{rel}","templated":true}]}}