{"id":525315,"date":"2025-11-10T17:07:14","date_gmt":"2025-11-10T17:07:14","guid":{"rendered":"https:\/\/www.europesays.com\/fr\/525315\/"},"modified":"2025-11-10T17:07:14","modified_gmt":"2025-11-10T17:07:14","slug":"jour-de-grande-foule-a-toulouse","status":"publish","type":"post","link":"https:\/\/www.europesays.com\/fr\/525315\/","title":{"rendered":"jour de grande foule \u00e0 Toulouse"},"content":{"rendered":"<p>            Par<br \/>\n        <strong><br \/>\n            <a href=\"https:\/\/actu.fr\/auteur\/david-saint-sernin\" title=\"Consulter tous les articles de David Saint-Sernin\" target=\"_blank\" rel=\"noopener\">David Saint-Sernin<\/a><br \/>\n        <\/strong><\/p>\n<p>        Publi\u00e9 le<\/p>\n<p>            10 nov. 2025 \u00e0 17h34        <\/p>\n<p>Lundi 10\u00a0novembre 2025, il a fait tr\u00e8s doux<a href=\"https:\/\/actu.fr\/toulouse\/\" target=\"_blank\" rel=\"noopener\"> \u00e0 Toulouse<\/a> et, visiblement, de nombreux Toulousains avaient opt\u00e9 pour un long pont avant <a href=\"https:\/\/actu.fr\/occitanie\/toulouse_31555\/11-novembre-commerces-equipements-sportifs-administration-ce-qui-est-ouvert-a-toulouse-en-ce-jour-ferie_63414688.html\" target=\"_blank\" rel=\"noopener\">ce mardi\u00a011 f\u00e9ri\u00e9.<\/a> Terrasses bond\u00e9es, file d\u2019attente (encore plus longues que d\u2019habitude) devant certains restaurants du centre-ville, un magasin Primark pris d\u2019assaut\u2026 Les images de ce lundi assez exceptionnel dans la Ville rose.<\/p>\n<p>Air de vacances sur la Ville rose<\/p>\n<p class=\" wall-content\">Tr\u00e8s clairement, ce lundi avait des airs de vacances \u00e0 Toulouse. Le temps \u00e9tait printanier avec un soleil omnipr\u00e9sent et des temp\u00e9ratures rares pour un mois de novembre.<\/p>\n<p class=\" wall-content\">\n    <img   decoding=\"async\" loading=\"lazy\" src=\"https:\/\/www.europesays.com\/fr\/wp-content\/uploads\/2025\/11\/capture-decran-2025-11-10-171652-906x640.png\" alt=\"Lundi 10 novembre 2025, avec le soleil, les terrasses \u00e9taient bond\u00e9es place du Capitole.\" width=\"906\" height=\"640\"\/><br \/>\n    Lundi 10\u00a0novembre 2025, avec le soleil, les terrasses \u00e9taient bond\u00e9es place du Capitole. (\u00a9David Saint-Sernin\/Actu Toulouse)<br \/>\n    <img   decoding=\"async\" loading=\"lazy\" src=\"https:\/\/www.europesays.com\/fr\/wp-content\/uploads\/2025\/11\/20251110-131551-960x640.jpg\" alt=\"Lundi 10 novembre 2025, square de Gaulle \u00e0 Toulouse : un air bien printanier sur la Ville rose.\" width=\"960\" height=\"640\"\/><br \/>\n    Lundi 10\u00a0novembre 2025, square de Gaulle \u00e0 Toulouse\u2009: un air bien printanier sur la Ville rose. (\u00a9David Saint-Sernin\/Actu Toulouse)<\/p>\n<p>Primark pris d\u2019assaut<\/p>\n<p class=\" wall-content\">\u00c0 la mi-journ\u00e9e, les Toulousains \u00e9taient nombreux \u00e0 faire (ou anticiper\u2009?) leurs emplettes. Primark a \u00e9t\u00e9 pris d\u2019assaut comme certains week-ends de fin d\u2019ann\u00e9e. Les files d\u2019attente aux caisses \u00e9taient importantes.<\/p>\n<p>File d\u2019attente devant des restos<\/p>\n<p class=\" wall-content\">C\u2019\u00e9tait la m\u00eame chose devant certains restaurants de la Ville rose. Il fallait en effet (encore plus) s\u2019armer de patience devant L\u2019Entrec\u00f4te et Bouillon Capitole pour s\u2019installer \u00e0 une table.<\/p>\n<blockquote class=\"tiktok-embed\" cite=\"https:\/\/www.tiktok.com\/@actutoulouse\/video\/7571120794261146902\" data-video-id=\"7571120794261146902\" data-embed-from=\"oembed\" style=\"max-width:605px; min-width:325px;\"><p>\n<a target=\"_blank\" title=\"@actutoulouse\" href=\"https:\/\/www.tiktok.com\/@actutoulouse?refer=embed\" rel=\"noopener\">@actutoulouse<\/a> <\/p>\n<p>Une longue file d\u2019attente devant le Bouillon Capitole, place du Capitole, lundi 10 novembre 2025. Le restaurant ne d\u00e9semplit pas depuis que le concept a \u00e9t\u00e9 lanc\u00e9 \u00e0 la place du Grand Caf\u00e9 de l\u2019Op\u00e9ra, en avril 2025.<\/p>\n<p> <a target=\"_blank\" title=\"\u266c original sound - \ud835\ude71\ud835\ude74\ud835\ude83\ud835\ude83\" href=\"https:\/\/www.tiktok.com\/music\/original-sound-7276131326733814560?refer=embed\" rel=\"noopener\">\u266c original sound \u2013 \ud835\ude71\ud835\ude74\ud835\ude83\ud835\ude83<\/a> <\/p>\n<\/blockquote>\n<p>Vid\u00e9os : en ce moment sur ActuTerrasses bond\u00e9es dans l\u2019hypercentre<\/p>\n<p class=\" wall-content\">De mani\u00e8re g\u00e9n\u00e9rale, les terrasses des restaurants et des bars \u00e9taient bond\u00e9es dans l\u2019hypercentre, notamment place du Capitole et alentours. Idem pour les grandes all\u00e9es commer\u00e7antes.<\/p>\n<blockquote class=\"tiktok-embed\" cite=\"https:\/\/www.tiktok.com\/@actutoulouse\/video\/7571117856230739222\" data-video-id=\"7571117856230739222\" data-embed-from=\"oembed\" style=\"max-width:605px; min-width:325px;\"><p>\n<a target=\"_blank\" title=\"@actutoulouse\" href=\"https:\/\/www.tiktok.com\/@actutoulouse?refer=embed\" rel=\"noopener\">@actutoulouse<\/a> <\/p>\n<p>Toulouse le 10 novembre 2025. Les Toulousains profitent du soleil et de la douceur pendant ce long pont.<\/p>\n<p> <a target=\"_blank\" title=\"\u266c son original - Actu Toulouse\" href=\"https:\/\/www.tiktok.com\/music\/son-original-7571117863453444886?refer=embed\" rel=\"noopener\">\u266c son original \u2013 Actu Toulouse<\/a> <\/p>\n<\/blockquote>\n<p class=\" wall-content\">Personnalisez votre actualit\u00e9 en ajoutant vos villes et m\u00e9dias en favori avec <a href=\"https:\/\/moncompte.actu.fr\" title=\"D\u00e9couvez Mon Actu\" rel=\"nofollow noopener\" data-trk=\"{&quot;cta&quot;:{&quot;action&quot;:&quot;https:\\\/\\\/moncompte.actu.fr&quot;,&quot;category&quot;:&quot;mon compte&quot;,&quot;from&quot;:&quot;article footer&quot;,&quot;name&quot;:&quot;Mon actu&quot;,&quot;type&quot;:&quot;cta&quot;}}\" target=\"_blank\">Mon Actu<\/a>.<\/p>\n<p>                    <script async src=\"\/\/www.tiktok.com\/embed.js\"><\/script><\/p>\n","protected":false},"excerpt":{"rendered":"Par David Saint-Sernin Publi\u00e9 le 10 nov. 2025 \u00e0 17h34 Lundi 10\u00a0novembre 2025, il a fait tr\u00e8s doux&hellip;\n","protected":false},"author":2,"featured_media":525316,"comment_status":"","ping_status":"","sticky":false,"template":"","format":"standard","meta":{"footnotes":""},"categories":[2816],"tags":[1111,11,1777,674,1011,27,1652,12,2680,25,2312],"class_list":{"0":"post-525315","1":"post","2":"type-post","3":"status-publish","4":"format-standard","5":"has-post-thumbnail","7":"category-toulouse","8":"tag-actu","9":"tag-actualites","10":"tag-eu","11":"tag-europe","12":"tag-fr","13":"tag-france","14":"tag-loisirs-culture","15":"tag-news","16":"tag-occitanie","17":"tag-republique-francaise","18":"tag-toulouse"},"share_on_mastodon":{"url":"https:\/\/pubeurope.com\/@fr\/115526504413569595","error":""},"_links":{"self":[{"href":"https:\/\/www.europesays.com\/fr\/wp-json\/wp\/v2\/posts\/525315","targetHints":{"allow":["GET"]}}],"collection":[{"href":"https:\/\/www.europesays.com\/fr\/wp-json\/wp\/v2\/posts"}],"about":[{"href":"https:\/\/www.europesays.com\/fr\/wp-json\/wp\/v2\/types\/post"}],"author":[{"embeddable":true,"href":"https:\/\/www.europesays.com\/fr\/wp-json\/wp\/v2\/users\/2"}],"replies":[{"embeddable":true,"href":"https:\/\/www.europesays.com\/fr\/wp-json\/wp\/v2\/comments?post=525315"}],"version-history":[{"count":0,"href":"https:\/\/www.europesays.com\/fr\/wp-json\/wp\/v2\/posts\/525315\/revisions"}],"wp:featuredmedia":[{"embeddable":true,"href":"https:\/\/www.europesays.com\/fr\/wp-json\/wp\/v2\/media\/525316"}],"wp:attachment":[{"href":"https:\/\/www.europesays.com\/fr\/wp-json\/wp\/v2\/media?parent=525315"}],"wp:term":[{"taxonomy":"category","embeddable":true,"href":"https:\/\/www.europesays.com\/fr\/wp-json\/wp\/v2\/categories?post=525315"},{"taxonomy":"post_tag","embeddable":true,"href":"https:\/\/www.europesays.com\/fr\/wp-json\/wp\/v2\/tags?post=525315"}],"curies":[{"name":"wp","href":"https:\/\/api.w.org\/{rel}","templated":true}]}}