{"id":525319,"date":"2025-11-10T17:09:24","date_gmt":"2025-11-10T17:09:24","guid":{"rendered":"https:\/\/www.europesays.com\/fr\/525319\/"},"modified":"2025-11-10T17:09:24","modified_gmt":"2025-11-10T17:09:24","slug":"titanic-en-vr-brocantes-magasins-spectacles-nos-idees-de-sorties-pour-le-mardi-11-novembre-a-lille","status":"publish","type":"post","link":"https:\/\/www.europesays.com\/fr\/525319\/","title":{"rendered":"Titanic en VR, brocantes, magasins, spectacles&#8230; Nos id\u00e9es de sorties pour le mardi 11 novembre \u00e0 Lille"},"content":{"rendered":"<p>            Par<br \/>\n        <strong><br \/>\n            <a href=\"https:\/\/actu.fr\/auteur\/amandine-vachez\" title=\"Consulter tous les articles de Amandine Vachez\" target=\"_blank\" rel=\"noopener\">Amandine Vachez<\/a><br \/>\n        <\/strong><\/p>\n<p>        Publi\u00e9 le<\/p>\n<p>            10 nov. 2025 \u00e0 16h53        <\/p>\n<p>Si vous ne travaillez pas, vous ne savez peut-\u00eatre pas quoi faire le <b>mardi 11 novembre 2025<\/b> \u00e0 <a href=\"https:\/\/actu.fr\/lille\/\" target=\"_blank\" rel=\"noopener\">Lille<\/a> (Nord) et dans ses alentours. En plus du classique petit resto (vous savez peut-\u00eatre que <a href=\"https:\/\/actu.fr\/hauts-de-france\/faches-thumesnil_59220\/faches-thumesnil-le-food-court-cageot-se-transforme-en-village-dhiver-avec-une-avalanche-de-nouveautes_63324794.html\" target=\"_blank\" rel=\"noopener\">Cageot<\/a> et la <a href=\"https:\/\/actu.fr\/hauts-de-france\/saint-andre-lez-lille_59527\/pres-de-lille-la-friche-gourmande-se-transforme-en-station-de-ski-avec-telecabines-et-fromage-fondu_63360813.html\" target=\"_blank\" rel=\"noopener\">Friche gourmande<\/a> sont pass\u00e9s en mode hiver\u2026) , voici quelques pistes, pour profiter de ce<b> jour f\u00e9ri\u00e9<\/b>, pendant lequel des <a href=\"https:\/\/actu.fr\/societe\/11-novembre-que-commemore-t-on-en-ce-jour-ferie_60319360.html\" target=\"_blank\" rel=\"noopener\">comm\u00e9morations<\/a> seront organis\u00e9es le matin partout en France.<\/p>\n<p>Jeux ext\u00e9rieurs et balades<\/p>\n<p class=\" wall-content\">Rien ne vaut une bonne balade en plein air ! Et normalement, nous devrions <a href=\"https:\/\/actu.fr\/meteo\/averses-orageuses-temps-sec-puis-chute-des-temperatures-la-meteo-de-la-semaine-dans-le-nord-pas-de-calais_63415791.html\" target=\"_blank\" rel=\"noopener\">rester au sec ce mardi, selon les pr\u00e9visions m\u00e9t\u00e9o<\/a>. Une bonne nouvelle, si l\u2019id\u00e9e de vous promener \u00e0 la citadelle, poumon vert de Lille, o\u00f9 il y a une aire de jeux et plusieurs propositions de restauration vous pla\u00eet. Attention, le Cita Parc et le zoo de Lille ont ferm\u00e9 leurs portes pour l\u2019hiver.<\/p>\n<p class=\" wall-content\">D\u2019autres parcs sont ouverts : Jean-Baptiste Lebas pr\u00e8s de la gare Saint-Sauveur ou encore le Jardin des plantes dont <a href=\"https:\/\/actu.fr\/hauts-de-france\/lille_59350\/a-lille-les-insectes-et-les-plantes-inspirent-la-nouvelle-aire-de-jeux-du-2eme-plus-grand-parc-de-la-ville_62480607.html\" target=\"_blank\" rel=\"noopener\">l\u2019aire de jeux a \u00e9t\u00e9 r\u00e9cemment r\u00e9nov\u00e9e<\/a>. Il y a aussi de quoi s\u2019offrir de belles sensations au <a href=\"https:\/\/actu.fr\/hauts-de-france\/lille_59350\/decouvrez-en-images-le-nouveau-skatepark-de-la-halle-de-glisse-de-lille_63223493.html\" target=\"_blank\" rel=\"noopener\">tout nouveau skate-park ext\u00e9rieur de la Halle de Glisse<\/a> \u00e0 Lille-Sud.<\/p>\n<p class=\" wall-content\">Dans le centre, la ferme Marcel Dhenin est aussi ouverte cette journ\u00e9e (9h \u00e0 17h), annonce la Ville de Lille, qui ouvre les portes de la mairie pour accueillir un concert. L\u2019Harmonie municipale de Lille-Centre interpr\u00e8tera <a href=\"https:\/\/www.lille.fr\/Evenements\/Concert-autour-du-cor\" target=\"_blank\" rel=\"noopener\">Autour du cor<\/a><a href=\"https:\/\/www.lille.fr\/Evenements\/Concert-autour-du-cor\" target=\"_blank\" rel=\"noopener\"> (16h-18h)<\/a>.\u00a0<\/p>\n<p>Mus\u00e9e de l\u2019illusion et le Titanic en 3D<\/p>\n<p class=\" wall-content\">Comme nous serons mardi, la plupart des mus\u00e9es seront ferm\u00e9s au public. Mais \u00e0 Lille, vous pouvez visiter le <a href=\"https:\/\/actu.fr\/hauts-de-france\/lille_59350\/lille-le-musee-de-lillusion-ouvre-ses-portes-vous-nallez-pas-en-croire-vos-yeux_61244327.html\" target=\"_blank\" rel=\"noopener\">Mus\u00e9e de l\u2019illusion<\/a>, situ\u00e9 en plein centre-ville. De quoi \u00eatre subjugu\u00e9 voire\u2026 compl\u00e8tement d\u00e9rout\u00e9 !\u00a0<\/p>\n<p class=\" wall-content\">Si vous aimez \u00eatre impressionn\u00e9, il faut absolument tester l\u2019exp\u00e9rience de r\u00e9alit\u00e9 virtuelle\u00a0Titanic, le r\u00eave englouti, en ce moment propos\u00e9e dans la galerie des Tanneurs \u00e0 Lille. On vous en parle plus en d\u00e9tails <a href=\"https:\/\/actu.fr\/hauts-de-france\/lille_59350\/lille-que-vaut-lexperience-en-realite-virtuelle-titanic-le-reve-englouti-on-a-teste-en-avant-premiere_63287849.html\" target=\"_blank\" rel=\"noopener\">dans cet article<\/a>.\u00a0<\/p>\n<p>Faire les magasins\u00a0<\/p>\n<p class=\" wall-content\">Cette ann\u00e9e, de nombreux magasins restent ouverts au public dans la m\u00e9tropole lilloise le 11 novembre. Attention, les horaires sont parfois modifi\u00e9s. Euralille, Lillenium, V2, Englos, McArthurGlen\u2026 On vous donne les infos pratiques \u00e0 avoir en t\u00eate <a href=\"https:\/\/actu.fr\/hauts-de-france\/lille_59350\/metropole-de-lille-quels-magasins-seront-ouverts-ce-mardi-11-novembre_63403770.html\" target=\"_blank\" rel=\"noopener\">dans un article cibl\u00e9<\/a>.<\/p>\n<p>Votre r\u00e9gion, votre actu !<\/p>\n<p>Recevez chaque jour les infos qui comptent pour vous.<\/p>\n<p>\t<a href=\"https:\/\/actu.fr\/newsletter\" class=\"ac-btn ac-btn--corner ac-btn--medium ac-btn--blue800\" target=\"_blank\" rel=\"noopener\">S&rsquo;incrire<\/a><br \/>\nChiner dans les brocantes<\/p>\n<p class=\" wall-content\">Envie d\u2019aller \u00e0 la chasse aux\u00a0bonnes affaires ? Plusieurs\u00a0brocantes,\u00a0bourses aux jouets et autres vide-greniers sont organis\u00e9s sur le secteur. On vous liste celles pr\u00e9vues dans le Nord et le Pas-de-Calais <a href=\"https:\/\/actu.fr\/loisirs-culture\/voici-les-brocantes-et-vide-greniers-organises-mardi-11-novembre-dans-le-nord-et-le-pas-de-calais_63415542.html\" target=\"_blank\" rel=\"noopener\">dans un article consacr\u00e9 au sujet<\/a>.<\/p>\n<p>S\u2019essayer \u00e0 l\u2019escalade\u00a0<\/p>\n<p class=\" wall-content\">Que vous soyez averti ou novice, vous pourrez escalader des murs \u00e0 Lille, ce 11 novembre. L\u2019offre est large dans la m\u00e9tropole, avec plusieurs salles : <a href=\"https:\/\/arkose.com\/lille-bloc\" target=\"_blank\" rel=\"noopener\">Arkose<\/a> (9h-minuit), <a href=\"https:\/\/lille-centre.climb-up.fr\/\" target=\"_blank\" rel=\"noopener\">Climb Up<\/a> (9h-22h), <a href=\"https:\/\/lille.vertical-art.fr\/\" target=\"_blank\" rel=\"noopener\">Vertical\u2019Art<\/a> (9h-21h) \u00e0 Lezennes et <a href=\"https:\/\/bonspot.fr\/\" target=\"_blank\" rel=\"noopener\">Bon Spot<\/a> (9h-21h) \u00e0 Marcq-en-Bar\u0153ul. De quoi s\u2019offrir de belles sensations !<\/p>\n<p>Une bonne dose de rire \u00e0 Solf\u00e9<\/p>\n<p class=\" wall-content\">Comme \u00e0 son habitude, la Com\u00e9die de Lille accueille plusieurs spectacles, ce jour f\u00e9ri\u00e9. Ce mardi, vous pourrez y voir :\u00a0<\/p>\n<ul class=\" wall-content\">\n<li>Mission sp\u00e9ciale vers les \u00e9toiles<b> <\/b>\u00e0 15h (5 ans et plus) ;<\/li>\n<li>Ados en vacances, parents en souffrance \u00e0 18h ;<\/li>\n<li>C\u2019est d\u00e9cid\u00e9, je deviens une connasse !, \u00e0 20h.<\/li>\n<\/ul>\n<p class=\" wall-content\">Comedy club au Spotlight, \u00e0 19h et 21h ce samedi. L\u2019occasion de d\u00e9couvrir ce que vous r\u00e9serve la sc\u00e8ne \u00e9mergente de l\u2019humour !<\/p>\n<p>R\u00e9soudre une \u00e9nigme\u00a0<\/p>\n<p class=\" wall-content\">Si vous \u00eates plut\u00f4t amateur de myst\u00e8res \u00e0 r\u00e9soudre, on vous renvoie vers les escape-games, dans lesquels vous \u00eates invit\u00e9s \u00e0 percer un myst\u00e8re en \u00e9quipe. La proposition est large \u00e0 Lille ! <a href=\"https:\/\/www.john-doe.fr\/lille\" target=\"_blank\" rel=\"noopener\">John Doe<\/a>, <a href=\"https:\/\/team-break.fr\/cities\/escape-game-lille#\/\" target=\"_blank\" rel=\"noopener\">Team Break<\/a>, <a href=\"https:\/\/lille.getout.fr\/\" target=\"_blank\" rel=\"noopener\">Get Out<\/a>\u2026 A vous de choisir quelle ambiance vous parle le plus !<\/p>\n<p class=\" wall-content\">Dans un style un peu diff\u00e9rent, des murder parties en int\u00e9rieur vous attendent \u00e0 Moulins, dans les locaux de <a href=\"https:\/\/just-escape.fr\/\" target=\"_blank\" rel=\"noopener\">Just Escape<\/a>. L\u2019\u00e9quipe vous invite \u00e0 vous immerger <a href=\"https:\/\/actu.fr\/hauts-de-france\/lille_59350\/a-lille-plongez-dans-lunivers-de-la-magie-et-des-sorciers-avec-cette-murder-party-immersive-inedite_62442852.html\" target=\"_blank\" rel=\"noopener\">dans une \u00e9cole de sorcellerie<\/a> ou dans un saloon. Vous n\u2019avez plus qu\u2019\u00e0 camper votre r\u00f4le !<\/p>\n<p>Lancer des haches, devenir agent secret ou manger au milieu de pirates\u2026<\/p>\n<p class=\" wall-content\">Le temps n\u2019est pas toujours au top dans le Nord. Nous avons donc <a href=\"https:\/\/actu.fr\/hauts-de-france\/lille_59350\/trampolines-toboggans-ou-emmener-les-enfants-se-defouler-dans-la-metropole-de-lille_60526237.html\" target=\"_blank\" rel=\"noopener\">une tr\u00e8s riche offre pour emmener les enfants se d\u00e9fouler<\/a> notamment, en plus de la classique sortie \u00e0 l\u2019aire de jeux. Si vous voulez aussi vous amuser avec vos petits loups, <a href=\"https:\/\/actu.fr\/hauts-de-france\/villeneuve-d-ascq_59009\/decouvrez-palomano-le-parc-de-jeux-pour-les-enfants-et-les-parents-qui-ouvre-a-villeneuve-dascq_62781849.html\" target=\"_blank\" rel=\"noopener\">allez d\u00e9couvrir Palomano<\/a> (9h20-19h) \u00e0 Villeneuve-d\u2019Ascq !<\/p>\n<p class=\" wall-content\">Pour les plus grands, \u00e0 Lesquin, vous pouvez vous essayer au lancer de haches, faire du trampoline \u00e0 So Jump, vous \u00e9chapper de Prison Island ou faire un vol en chute libre \u00e0 Weembi. On vous d\u00e9taille l\u2019offre compl\u00e8te de la grande zone de loisirs <a href=\"https:\/\/actu.fr\/hauts-de-france\/lesquin_59343\/manger-samuser-jouer-que-trouve-t-on-dans-la-grande-zone-de-loisirs-de-lesquin_62987978.html\" target=\"_blank\" rel=\"noopener\">par ici<\/a>.\u00a0<\/p>\n<p class=\" wall-content\">A Villeneuve-d\u2019Ascq, l\u2019incontournable Koezio n\u2019a pas fini de faire vivre des sensations fortes \u00e0 ses visiteurs. La mission historique \u00ab\u00a0agents d\u2019\u00e9lite\u00a0\u00bb est compl\u00e9t\u00e9e par la mission \u00ab\u00a0hors de contr\u00f4le et un quiz musical notamment\u2026 Le plus difficile, choisir dans un catalogue de <a href=\"https:\/\/actu.fr\/publi-communique\/villeneuve-d-ascq-testez-les-trois-nouvelles-activites-ludiques-chez-koezio-lille_61613175.html\" target=\"_blank\" rel=\"noopener\">propositions toutes plus originales les unes que les autres<\/a>.<\/p>\n<p class=\" wall-content\">Enfin, si vous ne connaissez pas la fameuse Promenade de Flandre \u00e0 Roncq, il est peut-\u00eatre temps de vous y rendre. Il y a des magasins, certes, mais aussi <a href=\"https:\/\/promenade-de-flandre.aushopping.com\/actualites\/decouvrez-un-univers-de-loisir-exceptionnel\" target=\"_blank\" rel=\"noopener\">une belle offre de loisirs dont vous pouvez profiter en famille ou entre amis<\/a>\u00a0et le restaurant Pirates paradise, o\u00f9 vous mangez au milieu\u2026 de vrais pirates !\u00a0<\/p>\n<p class=\" wall-content\">Ce n\u2019est \u00e9videmment qu\u2019un petit aper\u00e7u de ce qu\u2019il est possible de faire dans la m\u00e9tropole lilloise.<\/p>\n<p class=\" wall-content\">Personnalisez votre actualit\u00e9 en ajoutant vos villes et m\u00e9dias en favori avec <a href=\"https:\/\/moncompte.actu.fr\" title=\"D\u00e9couvez Mon Actu\" rel=\"nofollow noopener\" data-trk=\"{&quot;cta&quot;:{&quot;action&quot;:&quot;https:\\\/\\\/moncompte.actu.fr&quot;,&quot;category&quot;:&quot;mon compte&quot;,&quot;from&quot;:&quot;article footer&quot;,&quot;name&quot;:&quot;Mon actu&quot;,&quot;type&quot;:&quot;cta&quot;}}\" target=\"_blank\">Mon Actu<\/a>.<\/p>\n","protected":false},"excerpt":{"rendered":"Par Amandine Vachez Publi\u00e9 le 10 nov. 2025 \u00e0 16h53 Si vous ne travaillez pas, vous ne savez&hellip;\n","protected":false},"author":2,"featured_media":525320,"comment_status":"","ping_status":"","sticky":false,"template":"","format":"standard","meta":{"footnotes":""},"categories":[2815],"tags":[1111,11,677,1777,674,652,1011,27,811,39144,1307,1652,12,25],"class_list":{"0":"post-525319","1":"post","2":"type-post","3":"status-publish","4":"format-standard","5":"has-post-thumbnail","7":"category-lille","8":"tag-actu","9":"tag-actualites","10":"tag-bons-plans","11":"tag-eu","12":"tag-europe","13":"tag-famille","14":"tag-fr","15":"tag-france","16":"tag-hauts-de-france","17":"tag-jours-feries","18":"tag-lille","19":"tag-loisirs-culture","20":"tag-news","21":"tag-republique-francaise"},"share_on_mastodon":{"url":"https:\/\/pubeurope.com\/@fr\/115526511115429273","error":""},"_links":{"self":[{"href":"https:\/\/www.europesays.com\/fr\/wp-json\/wp\/v2\/posts\/525319","targetHints":{"allow":["GET"]}}],"collection":[{"href":"https:\/\/www.europesays.com\/fr\/wp-json\/wp\/v2\/posts"}],"about":[{"href":"https:\/\/www.europesays.com\/fr\/wp-json\/wp\/v2\/types\/post"}],"author":[{"embeddable":true,"href":"https:\/\/www.europesays.com\/fr\/wp-json\/wp\/v2\/users\/2"}],"replies":[{"embeddable":true,"href":"https:\/\/www.europesays.com\/fr\/wp-json\/wp\/v2\/comments?post=525319"}],"version-history":[{"count":0,"href":"https:\/\/www.europesays.com\/fr\/wp-json\/wp\/v2\/posts\/525319\/revisions"}],"wp:featuredmedia":[{"embeddable":true,"href":"https:\/\/www.europesays.com\/fr\/wp-json\/wp\/v2\/media\/525320"}],"wp:attachment":[{"href":"https:\/\/www.europesays.com\/fr\/wp-json\/wp\/v2\/media?parent=525319"}],"wp:term":[{"taxonomy":"category","embeddable":true,"href":"https:\/\/www.europesays.com\/fr\/wp-json\/wp\/v2\/categories?post=525319"},{"taxonomy":"post_tag","embeddable":true,"href":"https:\/\/www.europesays.com\/fr\/wp-json\/wp\/v2\/tags?post=525319"}],"curies":[{"name":"wp","href":"https:\/\/api.w.org\/{rel}","templated":true}]}}