{"id":525321,"date":"2025-11-10T17:10:19","date_gmt":"2025-11-10T17:10:19","guid":{"rendered":"https:\/\/www.europesays.com\/fr\/525321\/"},"modified":"2025-11-10T17:10:19","modified_gmt":"2025-11-10T17:10:19","slug":"lille-va-porter-plainte-apres-des-comportements-racistes-dans-son-parcage","status":"publish","type":"post","link":"https:\/\/www.europesays.com\/fr\/525321\/","title":{"rendered":"Lille va porter plainte apr\u00e8s des comportements racistes dans son parcage"},"content":{"rendered":"<p>\n    Le club lillois a annonc\u00e9 lundi, qu\u2019il allait d\u00e9poser plusieurs plaintes apr\u00e8s des \u00abpropos haineux et insultes racistes\u00bb, survenues lors des r\u00e9cents d\u00e9placements \u00e0 Belgrade et \u00e0 Strasbourg.<\/p>\n<p class=\"fig-paragraph\"><a href=\"http:\/\/www.lefigaro.fr\/sports\/football\/ligue-1\/ligue-1-bruno-genesio-regrette-les-erreurs-de-lille-qui-ont-coute-cher-face-a-strasbourg-20251109\" data-fig-type=\"NewsFlash\" data-gtm-custom-categorie=\"navigation\" data-gtm-custom-action=\"crossclick\" data-gtm-custom-label=\"Contextuel\" data-gtm-event=\"customEventSPE\" data-fig-domain=\"LEFIGARO\" target=\"_blank\" rel=\"noopener\">Le club de foot de Lille<\/a>\u00a0a annonc\u00e9 lundi qu&rsquo;il allait d\u00e9poser plusieurs plaintes apr\u00e8s les \u00abcomportements intol\u00e9rables\u00bb de certains supporters lors des r\u00e9cents d\u00e9placements \u00e0 Belgrade et \u00e0\u00a0<a href=\"http:\/\/www.lefigaro.fr\/sports\/football\/ligue-1\/ligue-1-olivier-giroud-coupable-le-double-d-emegha-nice-et-auxerre-s-enfoncent-les-tops-et-flops-du-multiplex-20251109\" data-fig-type=\"NewsFlash\" data-gtm-custom-categorie=\"navigation\" data-gtm-custom-action=\"crossclick\" data-gtm-custom-label=\"Contextuel\" data-gtm-event=\"customEventSPE\" data-fig-domain=\"LEFIGARO\" target=\"_blank\" rel=\"noopener\">Strasbourg,<\/a>\u00a0dont des \u00abpropos haineux et insultes racistes\u00bb.<\/p>\n<p class=\"fig-paragraph\">Le Losc \u00e9crit dans un communiqu\u00e9 qu&rsquo;\u00abune proc\u00e9dure d&rsquo;identification des individus mis en cause est actuellement en cours, en vue du d\u00e9p\u00f4t de plusieurs plaintes aupr\u00e8s des autorit\u00e9s polici\u00e8res\u00bb. Le club \u00abentend obtenir \u00e0 leur encontre des poursuites judiciaires ainsi que les sanctions appropri\u00e9es\u00bb, ajoute-t-il.<\/p>\n<p>                                    <a class=\"fig-a11y-skip a11y-hidden\" href=\"#fig-a11y-skip-main-inarticle\"><br \/>\n        Passer la publicit\u00e9<br \/>\n    <\/a><\/p>\n<p class=\"fig-paragraph\">Ce communiqu\u00e9 fait suite \u00e0 la diffusion, sur les r\u00e9seaux sociaux, d&rsquo;une vid\u00e9o film\u00e9e dimanche lors de la d\u00e9faite 2-0 de Lille \u00e0 Strasbourg.<\/p>\n<p class=\"fig-paragraph\">Dans ce court extrait qui circule notamment sur Instagram, X et Tiktok, des supporters lillois font des doigts d&rsquo;honneur et crient des insultes racistes, visiblement en direction d&rsquo;une tribune de supporters de Strasbourg.<\/p>\n<p class=\"fig-paragraph\">Depuis dimanche soir, des supporters lillois ont \u00e9galement relay\u00e9 des propos racistes lors du d\u00e9placement de Lille \u00e0 Belgrade, jeudi en Ligue Europa face \u00e0 l&rsquo;Etoile rouge (d\u00e9faite 1-0). \u00abSi on chante pour le Losc, on chante pour le Reich\u00bb, aurait notamment dit l&rsquo;un des supporters ayant fait le d\u00e9placement, selon une publication sur X.<\/p>\n<p class=\"fig-paragraph\">\u00abCes agissements sont inacceptables et totalement contraires aux valeurs que le club d\u00e9fend et promeut avec constance\u00bb, assure le Losc. \u00abCes personnes ne seront jamais les bienvenues au sein de la communaut\u00e9 du Losc et ne sauraient en aucun cas \u00eatre consid\u00e9r\u00e9es comme des supporters\u00bb, ajoute le club, qui entend prononcer \u00e0 leur encontre des interdictions d&rsquo;acc\u00e8s au stade.<\/p>\n<p class=\"fig-paragraph\">Le s\u00e9nateur PS du Nord Patrick Kanner, ancien ministre des Sports, a d\u00e9nonc\u00e9 sur X des \u00abinjures racistes (&#8230;) inacceptables\u00bb. \u00abLe sport doit rassembler, jamais diviser. J&rsquo;ai confiance en la justice et en les instances du football pour sanctionner ces comportements indignes\u00bb, a ajout\u00e9 le patron des s\u00e9nateurs socialistes.<\/p>\n<p>                                    <a class=\"fig-a11y-skip a11y-hidden\" href=\"#fig-a11y-skip-main-inarticle_mtf\"><br \/>\n        Passer la publicit\u00e9<br \/>\n    <\/a><\/p>\n<p class=\"fig-paragraph\">En janvier 2024, des supporters des Dogues avaient d\u00e9j\u00e0 t\u00e9moign\u00e9, notamment sur les r\u00e9seaux sociaux, de propos racistes envers des joueurs ou supporters noirs et arabes, \u00e9manant de la tribune visiteurs lors d&rsquo;un d\u00e9placement du Losc \u00e0 Chambly (Oise). Le Losc avait d\u00e9j\u00e0, \u00e0 l&rsquo;\u00e9poque, annonc\u00e9 sa volont\u00e9 de porter plainte contre X et lanc\u00e9 un appel \u00e0 t\u00e9moignages.<\/p>\n","protected":false},"excerpt":{"rendered":"Le club lillois a annonc\u00e9 lundi, qu\u2019il allait d\u00e9poser plusieurs plaintes apr\u00e8s des \u00abpropos haineux et insultes racistes\u00bb,&hellip;\n","protected":false},"author":2,"featured_media":525322,"comment_status":"","ping_status":"","sticky":false,"template":"","format":"standard","meta":{"footnotes":""},"categories":[2815],"tags":[1111,11,1777,674,1011,27,811,1307,2267,12,25],"class_list":{"0":"post-525321","1":"post","2":"type-post","3":"status-publish","4":"format-standard","5":"has-post-thumbnail","7":"category-lille","8":"tag-actu","9":"tag-actualites","10":"tag-eu","11":"tag-europe","12":"tag-fr","13":"tag-france","14":"tag-hauts-de-france","15":"tag-lille","16":"tag-losc","17":"tag-news","18":"tag-republique-francaise"},"share_on_mastodon":{"url":"https:\/\/pubeurope.com\/@fr\/115526515119195464","error":""},"_links":{"self":[{"href":"https:\/\/www.europesays.com\/fr\/wp-json\/wp\/v2\/posts\/525321","targetHints":{"allow":["GET"]}}],"collection":[{"href":"https:\/\/www.europesays.com\/fr\/wp-json\/wp\/v2\/posts"}],"about":[{"href":"https:\/\/www.europesays.com\/fr\/wp-json\/wp\/v2\/types\/post"}],"author":[{"embeddable":true,"href":"https:\/\/www.europesays.com\/fr\/wp-json\/wp\/v2\/users\/2"}],"replies":[{"embeddable":true,"href":"https:\/\/www.europesays.com\/fr\/wp-json\/wp\/v2\/comments?post=525321"}],"version-history":[{"count":0,"href":"https:\/\/www.europesays.com\/fr\/wp-json\/wp\/v2\/posts\/525321\/revisions"}],"wp:featuredmedia":[{"embeddable":true,"href":"https:\/\/www.europesays.com\/fr\/wp-json\/wp\/v2\/media\/525322"}],"wp:attachment":[{"href":"https:\/\/www.europesays.com\/fr\/wp-json\/wp\/v2\/media?parent=525321"}],"wp:term":[{"taxonomy":"category","embeddable":true,"href":"https:\/\/www.europesays.com\/fr\/wp-json\/wp\/v2\/categories?post=525321"},{"taxonomy":"post_tag","embeddable":true,"href":"https:\/\/www.europesays.com\/fr\/wp-json\/wp\/v2\/tags?post=525321"}],"curies":[{"name":"wp","href":"https:\/\/api.w.org\/{rel}","templated":true}]}}