{"id":525323,"date":"2025-11-10T17:11:11","date_gmt":"2025-11-10T17:11:11","guid":{"rendered":"https:\/\/www.europesays.com\/fr\/525323\/"},"modified":"2025-11-10T17:11:11","modified_gmt":"2025-11-10T17:11:11","slug":"le-corps-dune-jeune-femme-retrouve-dans-des-buissons-a-lescale-borely-a-marseille","status":"publish","type":"post","link":"https:\/\/www.europesays.com\/fr\/525323\/","title":{"rendered":"Le corps d&rsquo;une jeune femme retrouv\u00e9 dans des buissons \u00e0 l&rsquo;escale Bor\u00e9ly \u00e0 Marseille"},"content":{"rendered":"<p>Macabre d\u00e9couverte pour des touristes qui d\u00e9ambulaient entre la plage du <a href=\"https:\/\/www.laprovence.com\/article\/faits-divers-justice\/42298018392232\/un-sexagenaire-s-est-donne-la-mort-avec-un-cutter-au-bricorama-du-prado-a-marseille\" target=\"_blank\" rel=\"noopener\">Prado<\/a> et la Promenade Georges Pompidou ce lundi apr\u00e8s-midi. Il \u00e9tait aux alentours de 15h45 lorsque \u00e0 hauteur de l\u2019<a href=\"https:\/\/www.laprovence.com\/article\/faits-divers-justice\/3035048198404215\/viols-a-l-escale-borely-a-marseille-le-calvaire-d-une-etudiante-et-la-culpabilite-d-un-ami-qui-n-a-rien-pu-faire\" target=\"_blank\" rel=\"noopener\">escale Bor\u00e9ly<\/a>, ils sont tomb\u00e9s sur un corps inerte d\u00e9passant d\u2019un sac de couchage.<\/p>\n<p>Ils ont aussit\u00f4t alert\u00e9 les secours, mais il \u00e9tait d\u00e9j\u00e0 trop tard lorsque les marins-pompiers sont intervenus. Apr\u00e8s l\u2019\u00e9tape des constatations et le relev\u00e9 minutieux des traces et indices par les services de police technique et scientifique, le corps de cette jeune femme retrouv\u00e9 \u00e0 moiti\u00e9 d\u00e9nud\u00e9, entre des buissons, a \u00e9t\u00e9 transport\u00e9 en vue d\u2019une <a href=\"https:\/\/www.laprovence.com\/article\/faits-divers-justice\/59899565533322\/le-corps-dun-homme-disparu-depuis-une-semaine-retrouve-au-pied-de-la-forteresse-de-mornas-la-piste-du-suicide-privilegiee\" target=\"_blank\" rel=\"noopener\">autopsie<\/a> qui devra au moins permettre d\u2019\u00e9tablir les causes du d\u00e9c\u00e8s.<\/p>\n<p>Les premiers de l\u2019enqu\u00eate qui d\u00e9bute \u00e0 peine semblent indiquer qu\u2019il pourrait s\u2019agir d\u2019une SDF \u00e2g\u00e9e entre 20 et 30\u00a0ans.<\/p>\n","protected":false},"excerpt":{"rendered":"Macabre d\u00e9couverte pour des touristes qui d\u00e9ambulaient entre la plage du Prado et la Promenade Georges Pompidou ce&hellip;\n","protected":false},"author":2,"featured_media":525324,"comment_status":"","ping_status":"","sticky":false,"template":"","format":"standard","meta":{"footnotes":""},"categories":[2814],"tags":[17,1111,11,1102,6725,1446,154,4440,1777,674,274,1294,1011,27,3913,884,12,882,25,4256],"class_list":{"0":"post-525323","1":"post","2":"type-post","3":"status-publish","4":"format-standard","5":"has-post-thumbnail","7":"category-marseille","8":"tag-17","9":"tag-actu","10":"tag-actualites","11":"tag-breakingnews","12":"tag-corps","13":"tag-dans","14":"tag-des","15":"tag-dune","16":"tag-eu","17":"tag-europe","18":"tag-faits-divers-justice","19":"tag-femme","20":"tag-fr","21":"tag-france","22":"tag-jeune","23":"tag-marseille","24":"tag-news","25":"tag-provence-alpes-cote-dazur","26":"tag-republique-francaise","27":"tag-retrouve"},"share_on_mastodon":{"url":"https:\/\/pubeurope.com\/@fr\/115526519061803181","error":""},"_links":{"self":[{"href":"https:\/\/www.europesays.com\/fr\/wp-json\/wp\/v2\/posts\/525323","targetHints":{"allow":["GET"]}}],"collection":[{"href":"https:\/\/www.europesays.com\/fr\/wp-json\/wp\/v2\/posts"}],"about":[{"href":"https:\/\/www.europesays.com\/fr\/wp-json\/wp\/v2\/types\/post"}],"author":[{"embeddable":true,"href":"https:\/\/www.europesays.com\/fr\/wp-json\/wp\/v2\/users\/2"}],"replies":[{"embeddable":true,"href":"https:\/\/www.europesays.com\/fr\/wp-json\/wp\/v2\/comments?post=525323"}],"version-history":[{"count":0,"href":"https:\/\/www.europesays.com\/fr\/wp-json\/wp\/v2\/posts\/525323\/revisions"}],"wp:featuredmedia":[{"embeddable":true,"href":"https:\/\/www.europesays.com\/fr\/wp-json\/wp\/v2\/media\/525324"}],"wp:attachment":[{"href":"https:\/\/www.europesays.com\/fr\/wp-json\/wp\/v2\/media?parent=525323"}],"wp:term":[{"taxonomy":"category","embeddable":true,"href":"https:\/\/www.europesays.com\/fr\/wp-json\/wp\/v2\/categories?post=525323"},{"taxonomy":"post_tag","embeddable":true,"href":"https:\/\/www.europesays.com\/fr\/wp-json\/wp\/v2\/tags?post=525323"}],"curies":[{"name":"wp","href":"https:\/\/api.w.org\/{rel}","templated":true}]}}