{"id":525327,"date":"2025-11-10T17:13:13","date_gmt":"2025-11-10T17:13:13","guid":{"rendered":"https:\/\/www.europesays.com\/fr\/525327\/"},"modified":"2025-11-10T17:13:13","modified_gmt":"2025-11-10T17:13:13","slug":"lyon-carmen-maria-vega-a-laffiche-du-lyon-burlesque-festival","status":"publish","type":"post","link":"https:\/\/www.europesays.com\/fr\/525327\/","title":{"rendered":"Lyon. Carmen Maria Vega \u00e0 l\u2019affiche du Lyon Burlesque festival"},"content":{"rendered":"<p>L\u2019ancienne Lyonnaise Carmen Maria Vega est de retour dans son fief cette fin de semaine. La chanteuse se mue en performeuse pour donner un concert \u00ab\u00a0sp\u00e9cial cabaret\u00a0\u00bb dans le cadre du Lyon Burlesque festival samedi soir. Elle partagera l\u2019affiche avec une dizaine d\u2019artistes adeptes de l\u2019effeuillage et de shows extravertis bourr\u00e9s d\u2019humour et d\u2019\u00e9nergie. Le festival d\u00e9bute d\u00e8s le vendredi soir dans une ambiance r\u00e9tro en clin d\u2019\u0153il aux bars clandestins de la p\u00e9riode de la Prohibition.<\/p>\n<p class=\"note\">Le 14\u00a0novembre de 20\u00a0h \u00e0 0\u00a0h\u00a030 (entr\u00e9e 36\u00a0\u20ac), le 15\u00a0novembre de 20\u00a0h\u00a030 \u00e0 1\u00a0h\u00a030 (entr\u00e9e 40\u00a0euros). <a href=\"https:\/\/marchegare.fr\/\" target=\"_blank\" rel=\"nofollow noopener\">https:\/\/marchegare.fr\/<\/a><\/p>\n","protected":false},"excerpt":{"rendered":"L\u2019ancienne Lyonnaise Carmen Maria Vega est de retour dans son fief cette fin de semaine. La chanteuse se&hellip;\n","protected":false},"author":2,"featured_media":525328,"comment_status":"","ping_status":"","sticky":false,"template":"","format":"standard","meta":{"footnotes":""},"categories":[1889],"tags":[1111,11,2430,1687,2757,1777,674,1011,27,2428,2756,12,25,3140],"class_list":{"0":"post-525327","1":"post","2":"type-post","3":"status-publish","4":"format-standard","5":"has-post-thumbnail","7":"category-lyon","8":"tag-actu","9":"tag-actualites","10":"tag-auvergne-rhone-alpes","11":"tag-culture-loisirs","12":"tag-edition-lyon-villeurbanne","13":"tag-eu","14":"tag-europe","15":"tag-fr","16":"tag-france","17":"tag-lyon","18":"tag-lyon-bassin","19":"tag-news","20":"tag-republique-francaise","21":"tag-spectacle"},"share_on_mastodon":{"url":"https:\/\/pubeurope.com\/@fr\/115526526933859165","error":""},"_links":{"self":[{"href":"https:\/\/www.europesays.com\/fr\/wp-json\/wp\/v2\/posts\/525327","targetHints":{"allow":["GET"]}}],"collection":[{"href":"https:\/\/www.europesays.com\/fr\/wp-json\/wp\/v2\/posts"}],"about":[{"href":"https:\/\/www.europesays.com\/fr\/wp-json\/wp\/v2\/types\/post"}],"author":[{"embeddable":true,"href":"https:\/\/www.europesays.com\/fr\/wp-json\/wp\/v2\/users\/2"}],"replies":[{"embeddable":true,"href":"https:\/\/www.europesays.com\/fr\/wp-json\/wp\/v2\/comments?post=525327"}],"version-history":[{"count":0,"href":"https:\/\/www.europesays.com\/fr\/wp-json\/wp\/v2\/posts\/525327\/revisions"}],"wp:featuredmedia":[{"embeddable":true,"href":"https:\/\/www.europesays.com\/fr\/wp-json\/wp\/v2\/media\/525328"}],"wp:attachment":[{"href":"https:\/\/www.europesays.com\/fr\/wp-json\/wp\/v2\/media?parent=525327"}],"wp:term":[{"taxonomy":"category","embeddable":true,"href":"https:\/\/www.europesays.com\/fr\/wp-json\/wp\/v2\/categories?post=525327"},{"taxonomy":"post_tag","embeddable":true,"href":"https:\/\/www.europesays.com\/fr\/wp-json\/wp\/v2\/tags?post=525327"}],"curies":[{"name":"wp","href":"https:\/\/api.w.org\/{rel}","templated":true}]}}