{"id":525341,"date":"2025-11-10T17:21:14","date_gmt":"2025-11-10T17:21:14","guid":{"rendered":"https:\/\/www.europesays.com\/fr\/525341\/"},"modified":"2025-11-10T17:21:14","modified_gmt":"2025-11-10T17:21:14","slug":"une-jeune-fille-interpelle-vladimir-poutine-sur-le-sort-de-son-oncle-blesse-en-ukraine","status":"publish","type":"post","link":"https:\/\/www.europesays.com\/fr\/525341\/","title":{"rendered":"une jeune fille interpelle Vladimir Poutine sur le sort de son oncle bless\u00e9 en Ukraine"},"content":{"rendered":"<p>\n    <strong>VID\u00c9O &#8211; <\/strong>Lors des c\u00e9l\u00e9brations de la Journ\u00e9e de l\u2019unit\u00e9 nationale \u00e0 Moscou, une jeune fille a interrompu la c\u00e9r\u00e9monie pour demander \u00e0 Vladimir Poutine d\u2019aider son oncle bless\u00e9 en Ukraine.<\/p>\n<p class=\"fig-paragraph\">\u00c0 Moscou, ce mardi 4 novembre,<a href=\"https:\/\/www.lefigaro.fr\/tag\/vladimir-poutine\" target=\"_blank\" rel=\"sponsored noopener nofollow\" data-gtm-custom-categorie=\"navigation\" data-gtm-custom-action=\"crossclick\" data-gtm-custom-label=\"Contextuel\" data-gtm-event=\"customEventSPE\">\u00a0le pr\u00e9sident russe Vladimir Poutine<\/a>\u00a0a d\u00e9pos\u00e9 des fleurs au pied d\u2019un monument comm\u00e9morant les chefs du soul\u00e8vement de 1612, \u00e0 l\u2019occasion de la Journ\u00e9e de l\u2019Unit\u00e9 nationale. La Journ\u00e9e de l\u2019Unit\u00e9 comm\u00e9more l\u2019expulsion, en 1612, des forces polono-lituaniennes qui occupaient Moscou lors d\u2019un soul\u00e8vement men\u00e9 par les h\u00e9ros nationaux, le prince Dmitri Pojarski et Kouzma Minine.<\/p>\n<p class=\"fig-paragraph\">Mais c\u2019est un \u00e9change inattendu avec une jeune fille qui a marqu\u00e9 la c\u00e9r\u00e9monie. Entour\u00e9 d\u2019enfants et de membres d\u2019organisations de jeunesse, Vladimir Poutine a \u00e9t\u00e9 interpell\u00e9 par la fillette. \u00abMon oncle est actuellement au front, il a \u00e9t\u00e9 bless\u00e9 au bras. \u00c0 l\u2019h\u00f4pital, on ne le soignait pas, et maintenant on veut le renvoyer en mission. J\u2019aimerais qu\u2019il soit transf\u00e9r\u00e9 dans un bon h\u00f4pital en Russie\u00bb, a d\u00e9clar\u00e9 la fillette, \u00e9mue.<\/p>\n<p>                                    <a class=\"fig-a11y-skip a11y-hidden\" href=\"#fig-a11y-skip-main-inarticle\"><br \/>\n        Passer la publicit\u00e9<br \/>\n    <\/a><\/p>\n<p class=\"fig-paragraph\">Le pr\u00e9sident lui a r\u00e9pondu calmement\u00a0: \u00abNous allons le retrouver, d\u2019accord\u00a0?\u00bb La jeune fille a alors pr\u00e9cis\u00e9 le nom de son oncle\u00a0: \u00abAnton Fesyura\u00bb. \u00abNous le retrouverons certainement. Merci de penser \u00e0 lui\u00bb, a ajout\u00e9 Vladimir Poutine, au milieu de la foule. Le pr\u00e9sident russe a \u00e9galement remis des distinctions d\u2019\u00c9tat pour contributions au renforcement de l\u2019unit\u00e9 nationale.<\/p>\n","protected":false},"excerpt":{"rendered":"VID\u00c9O &#8211; Lors des c\u00e9l\u00e9brations de la Journ\u00e9e de l\u2019unit\u00e9 nationale \u00e0 Moscou, une jeune fille a interrompu&hellip;\n","protected":false},"author":2,"featured_media":525342,"comment_status":"","ping_status":"","sticky":false,"template":"","format":"standard","meta":{"footnotes":""},"categories":[1591],"tags":[11,1887,12,1885,1886,132,135],"class_list":{"0":"post-525341","1":"post","2":"type-post","3":"status-publish","4":"format-standard","5":"has-post-thumbnail","7":"category-russie","8":"tag-actualites","9":"tag-federation-de-russie","10":"tag-news","11":"tag-russia","12":"tag-russian-federation","13":"tag-russie","14":"tag-vladimir-poutine"},"share_on_mastodon":{"url":"https:\/\/pubeurope.com\/@fr\/115526558432189986","error":""},"_links":{"self":[{"href":"https:\/\/www.europesays.com\/fr\/wp-json\/wp\/v2\/posts\/525341","targetHints":{"allow":["GET"]}}],"collection":[{"href":"https:\/\/www.europesays.com\/fr\/wp-json\/wp\/v2\/posts"}],"about":[{"href":"https:\/\/www.europesays.com\/fr\/wp-json\/wp\/v2\/types\/post"}],"author":[{"embeddable":true,"href":"https:\/\/www.europesays.com\/fr\/wp-json\/wp\/v2\/users\/2"}],"replies":[{"embeddable":true,"href":"https:\/\/www.europesays.com\/fr\/wp-json\/wp\/v2\/comments?post=525341"}],"version-history":[{"count":0,"href":"https:\/\/www.europesays.com\/fr\/wp-json\/wp\/v2\/posts\/525341\/revisions"}],"wp:featuredmedia":[{"embeddable":true,"href":"https:\/\/www.europesays.com\/fr\/wp-json\/wp\/v2\/media\/525342"}],"wp:attachment":[{"href":"https:\/\/www.europesays.com\/fr\/wp-json\/wp\/v2\/media?parent=525341"}],"wp:term":[{"taxonomy":"category","embeddable":true,"href":"https:\/\/www.europesays.com\/fr\/wp-json\/wp\/v2\/categories?post=525341"},{"taxonomy":"post_tag","embeddable":true,"href":"https:\/\/www.europesays.com\/fr\/wp-json\/wp\/v2\/tags?post=525341"}],"curies":[{"name":"wp","href":"https:\/\/api.w.org\/{rel}","templated":true}]}}