{"id":525343,"date":"2025-11-10T17:22:17","date_gmt":"2025-11-10T17:22:17","guid":{"rendered":"https:\/\/www.europesays.com\/fr\/525343\/"},"modified":"2025-11-10T17:22:17","modified_gmt":"2025-11-10T17:22:17","slug":"au-premier-qui-craquera-les-frappes-sur-les-infrastructures-energetiques-la-cle-de-la-fin-de-la-guerre-en-ukraine","status":"publish","type":"post","link":"https:\/\/www.europesays.com\/fr\/525343\/","title":{"rendered":"\u00ab\u00a0Au premier qui craquera\u00a0\u00bb : les frappes sur les infrastructures \u00e9nerg\u00e9tiques, la cl\u00e9 de la fin de la guerre en Ukraine ?"},"content":{"rendered":"<ul class=\"jsx-862013697 ArticleChapo__List\">\n<li class=\"jsx-862013697 ArticleChapo__List_Item flex\">La Russie et l&rsquo;Ukraine attaquent mutuellement leurs infrastructures \u00e9nerg\u00e9tiques.<\/li>\n<li class=\"jsx-862013697 ArticleChapo__List_Item flex\">De quoi compliquer la vie des personnes affect\u00e9es par des coupures d&rsquo;\u00e9lectricit\u00e9&#8230; et pousser le camp adverse \u00e0 plier ?<\/li>\n<li class=\"jsx-862013697 ArticleChapo__List_Item flex\">Le g\u00e9n\u00e9ral Fran\u00e7ois Chauvancy, consultant g\u00e9opolitique LCI, r\u00e9pond \u00e0 TF1info.<\/li>\n<\/ul>\n<p><a href=\"https:\/\/www.tf1info.fr\/actualite\/invasion-de-l-ukraine-par-la-russie-une-guerre-qui-dure-12951\/\" rel=\"noopener\" class=\"jsx-484472199 Link jsx-1428418400 jsx-554215408\" target=\"_blank\"><\/p>\n<p style=\"font-weight:400\" class=\"jsx-1837267516\">Suivez la couverture compl\u00e8te<\/p>\n<p style=\"font-weight:800\" class=\"jsx-1837267516\">Ukraine : 4\u1d49 ann\u00e9e de guerre<\/p>\n<p><\/a><\/p>\n<p data-module=\"article-paragraph\" class=\"jsx-3046738180 Paragraph Paragraph__End\">C&rsquo;est devenu une habitude dans la guerre entre Moscou et Kiev. Depuis l&rsquo;invasion de l&rsquo;Ukraine par la Russie en 2022, l&rsquo;arm\u00e9e de <a href=\"https:\/\/www.tf1info.fr\/actualite\/vladimir-poutine-10297\/\" target=\"_blank\" rel=\"noopener\">Vladimir Poutine<\/a> ne cesse de frapper les infrastructures \u00e9nerg\u00e9tiques ukrainiennes. D&rsquo;apr\u00e8s la ministre de l&rsquo;\u00c9nergie Svitlana Grintchouk, la nuit de samedi \u00e0 dimanche a \u00e9t\u00e9 \u00ab\u00a0l&rsquo;une des plus difficiles\u00a0\u00bb : les centrales \u00e9lectriques et les installations gazi\u00e8res ukrainiennes ont encore \u00e9t\u00e9 cibl\u00e9es, provoquant des coupures \u00e0 travers le pays. De quoi faire craindre un nouvel hiver difficile ? Le g\u00e9n\u00e9ral Fran\u00e7ois Chauvancy, consultant g\u00e9opolitique LCI, nous \u00e9claire.<\/p>\n<p data-module=\"article-paragraph\" class=\"jsx-3046738180 Paragraph\"><strong>L&rsquo;arriv\u00e9e des basses temp\u00e9ratures signifie-t-elle le retour de <\/strong><a href=\"https:\/\/www.tf1info.fr\/international\/guerre-russie-ukraine-4000-centres-d-invincibilite-pour-lutter-contre-la-guerre-energetique-de-poutine-2239663.html\" target=\"_blank\" rel=\"noopener\"><strong>la guerre \u00e9nerg\u00e9tique<\/strong><\/a><strong> entre la Russie et l&rsquo;Ukraine ?<\/strong><\/p>\n<p data-module=\"article-paragraph\" class=\"jsx-3046738180 Paragraph Paragraph__End\"><strong>Fran\u00e7ois Chauvancy : <\/strong>En r\u00e9alit\u00e9, la guerre \u00e9nerg\u00e9tique n&rsquo;a jamais cess\u00e9. Nous l&rsquo;observons sur le seul aspect des conditions de vie aggrav\u00e9es pour les populations, mais l&rsquo;\u00e9nergie permet notamment aux usines de fonctionner. Et donc \u00e0 produire des armements. \u00c0 mon avis, l&rsquo;objectif prioritaire des frappes russes est plut\u00f4t de d\u00e9truire les capacit\u00e9s industrielles de l&rsquo;Ukraine.<\/p>\n<blockquote class=\"jsx-2786790838 Quote__Text\"><p>Ni les Russes ni les Ukrainiens ne parviennent \u00e0 obtenir une \u00e9tanch\u00e9it\u00e9 totale de l&rsquo;espace a\u00e9rien<\/p><\/blockquote>\n<p>G\u00e9n\u00e9ral Fran\u00e7ois Chauvancy<\/p>\n<p data-module=\"article-paragraph\" class=\"jsx-3046738180 Paragraph\"><strong>L&rsquo;Ukraine a r\u00e9pondu samedi en frappant \u00e0 son tour des infrastructures \u00e9nerg\u00e9tiques, provoquant des coupures d&rsquo;\u00e9lectricit\u00e9 <\/strong><a href=\"https:\/\/www.tf1info.fr\/international\/russie-des-frappes-ukrainiennes-touchent-des-infrastructures-energetiques-plus-de-20-000-foyers-prives-d-electricite-2405621.html\" target=\"_blank\" rel=\"noopener\"><strong>pour au moins 20.000 personnes en Russie<\/strong><\/a><strong>. C&rsquo;est la nouveaut\u00e9 de cette ann\u00e9e ?<\/strong><\/p>\n<p data-module=\"article-paragraph\" class=\"jsx-3046738180 Paragraph Paragraph__End\">Absolument. Pour les Ukrainiens, l&rsquo;objectif est de d\u00e9truire les capacit\u00e9s de production de p\u00e9trole russe. Ils esp\u00e8rent certes provoquer les m\u00eames d\u00e9g\u00e2ts sur la population russe, avec des coupures d&rsquo;\u00e9lectricit\u00e9, mais surtout interf\u00e9rer sur les capacit\u00e9s militaires de la Russie.<\/p>\n<p data-module=\"article-paragraph\" class=\"jsx-3046738180 Paragraph\"><strong>En ont-ils les moyens ?<\/strong><\/p>\n<p data-module=\"article-paragraph\" class=\"jsx-3046738180 Paragraph Paragraph__End\">L&rsquo;Ukraine a d\u00e9velopp\u00e9 les moyens militaires pour frapper en profondeur la Russie. Nous nous apercevons bien que ni les Russes, ni les Ukrainiens, ne parviennent \u00e0 obtenir une \u00e9tanch\u00e9it\u00e9 totale de l&rsquo;espace a\u00e9rien. Toutes les infrastructures importantes pour la guerre sont donc vuln\u00e9rables. Nous verrons la r\u00e9solution du conflit au premier qui craquera.<\/p>\n<p><a href=\"https:\/\/www.tf1info.fr\/international\/ukraine-victoire-illusoire-situation-difficile-du-reseau-electrique-le-point-sur-la-situation-2405877.html\" rel=\"noopener\" class=\"jsx-3308031228 Link flex\" target=\"_blank\"><img decoding=\"async\" src=\"https:\/\/www.europesays.com\/fr\/wp-content\/uploads\/2025\/11\/drapeau-ukraine-2023-2b4230-0@1x.jpeg\" alt=\"Drapeau Ukraine\" loading=\"lazy\" importance=\"low\" fetchpriority=\"low\" class=\"\" aria-hidden=\"true\"\/><\/p>\n<p class=\"jsx-3657663356 ReadMoreArticle__Title\">Lire aussi<\/p>\n<p class=\"jsx-3657663356\">Ukraine : victoire \u00ab\u00a0illusoire\u00a0\u00bb, situation \u00ab\u00a0difficile\u00a0\u00bb du r\u00e9seau \u00e9lectrique&#8230; le point sur la situation<\/p>\n<p><\/a><\/p>\n<p data-module=\"article-paragraph\" class=\"jsx-3046738180 Paragraph\"><strong>Attaquer les infrastructures \u00e9nerg\u00e9tiques ukrainiennes, est-ce une strat\u00e9gie payante pour Moscou ?<\/strong><\/p>\n<p data-module=\"article-paragraph\" class=\"jsx-3046738180 Paragraph Paragraph__End\">La Russie les attaque d\u00e9j\u00e0 depuis trois ans et demi. Si cela avait \u00e9t\u00e9 efficace, il y aurait eu d&rsquo;une part un effondrement des capacit\u00e9s industrielles de l&rsquo;Ukraine, et d&rsquo;autre part un affaiblissement de la population \u00e0 r\u00e9sister. Or, cela n&rsquo;a pas chang\u00e9 grand-chose. L&rsquo;efficacit\u00e9 est relative, d&rsquo;autant que l&rsquo;Ukraine a la comp\u00e9tence pour restaurer ce qui a \u00e9t\u00e9 d\u00e9truit. Les grandes destructions russes que l&rsquo;on nous annonce ne seraient-elles pas vite r\u00e9par\u00e9es ? Ce n&rsquo;est qu&rsquo;une hypoth\u00e8se, mais cela relativiserait l&rsquo;effet des frappes.<\/p>\n<p>Id\u00e8r NABILI<\/p>\n","protected":false},"excerpt":{"rendered":"La Russie et l&rsquo;Ukraine attaquent mutuellement leurs infrastructures \u00e9nerg\u00e9tiques. De quoi compliquer la vie des personnes affect\u00e9es par&hellip;\n","protected":false},"author":2,"featured_media":525344,"comment_status":"","ping_status":"","sticky":false,"template":"","format":"standard","meta":{"footnotes":""},"categories":[1590],"tags":[1111,11,1921,5925,4427,1777,674,1922,1916,12,132,220,1917,133,1920,135],"class_list":{"0":"post-525343","1":"post","2":"type-post","3":"status-publish","4":"format-standard","5":"has-post-thumbnail","7":"category-ukraine","8":"tag-actu","9":"tag-actualites","10":"tag-article-video","11":"tag-conflits-et-guerre","12":"tag-energies","13":"tag-eu","14":"tag-europe","15":"tag-info","16":"tag-moscou","17":"tag-news","18":"tag-russie","19":"tag-ukraine","20":"tag-ukraine-4-annee-de-guerre","21":"tag-video","22":"tag-video-international","23":"tag-vladimir-poutine"},"share_on_mastodon":{"url":"https:\/\/pubeurope.com\/@fr\/115526562872222663","error":""},"_links":{"self":[{"href":"https:\/\/www.europesays.com\/fr\/wp-json\/wp\/v2\/posts\/525343","targetHints":{"allow":["GET"]}}],"collection":[{"href":"https:\/\/www.europesays.com\/fr\/wp-json\/wp\/v2\/posts"}],"about":[{"href":"https:\/\/www.europesays.com\/fr\/wp-json\/wp\/v2\/types\/post"}],"author":[{"embeddable":true,"href":"https:\/\/www.europesays.com\/fr\/wp-json\/wp\/v2\/users\/2"}],"replies":[{"embeddable":true,"href":"https:\/\/www.europesays.com\/fr\/wp-json\/wp\/v2\/comments?post=525343"}],"version-history":[{"count":0,"href":"https:\/\/www.europesays.com\/fr\/wp-json\/wp\/v2\/posts\/525343\/revisions"}],"wp:featuredmedia":[{"embeddable":true,"href":"https:\/\/www.europesays.com\/fr\/wp-json\/wp\/v2\/media\/525344"}],"wp:attachment":[{"href":"https:\/\/www.europesays.com\/fr\/wp-json\/wp\/v2\/media?parent=525343"}],"wp:term":[{"taxonomy":"category","embeddable":true,"href":"https:\/\/www.europesays.com\/fr\/wp-json\/wp\/v2\/categories?post=525343"},{"taxonomy":"post_tag","embeddable":true,"href":"https:\/\/www.europesays.com\/fr\/wp-json\/wp\/v2\/tags?post=525343"}],"curies":[{"name":"wp","href":"https:\/\/api.w.org\/{rel}","templated":true}]}}