{"id":525346,"date":"2025-11-10T17:24:15","date_gmt":"2025-11-10T17:24:15","guid":{"rendered":"https:\/\/www.europesays.com\/fr\/525346\/"},"modified":"2025-11-10T17:24:15","modified_gmt":"2025-11-10T17:24:15","slug":"quand-ambitions-technologiques-heurtent-realites-rh-et-budgetaires","status":"publish","type":"post","link":"https:\/\/www.europesays.com\/fr\/525346\/","title":{"rendered":"quand ambitions technologiques heurtent r\u00e9alit\u00e9s RH et budg\u00e9taires"},"content":{"rendered":"<p>Le minist\u00e8re britannique a confirm\u00e9 qu\u2019aucune date de mise en service n\u2019\u00e9tait communiqu\u00e9e pour le Type 32 et que les d\u00e9cisions seraient int\u00e9gr\u00e9es au prochain Plan d\u2019investissement de la d\u00e9fense. La mise en attente renvoie \u00e0 des choix capacitaires, mais surtout \u00e0 un arbitrage strat\u00e9gique remis \u00e0 plus tard. En filigrane, la promesse d\u2019une marine hybride, apte \u00e0 conjuguer plates\u2011formes habit\u00e9es et syst\u00e8mes non habit\u00e9s, se heurte \u00e0 la r\u00e9alit\u00e9 d\u2019une base humaine contrainte, d\u2019une industrie satur\u00e9e et d\u2019un budget agr\u00e9g\u00e9 sous pression.<\/p>\n<p>L\u2019\u00e9cart entre l\u2019ambition technologique et la soutenabilit\u00e9 du mod\u00e8le s\u2019\u00e9largit. Fr\u00e9gate modulaire, int\u00e9gration massive d\u2019engins non habit\u00e9s et \u00e9quipage ramen\u00e9 \u00e0 50 ont servi de boussole aux promoteurs du Type 32. Or, l\u2019absence de calendrier, l\u2019empilement des priorit\u00e9s et l\u2019exposition r\u00e9cente des fragilit\u00e9s du dispositif britannique interrogent la cr\u00e9dibilit\u00e9 op\u00e9rationnelle \u00e0 court et moyen terme. \u00c0 partir de la suspension officielle, il s\u2019agit d\u2019\u00e9clairer la logique et la chronologie des faits, puis d\u2019en mesurer les cons\u00e9quences pour la flotte et la posture strat\u00e9gique du Royaume\u2011Uni.\u00a0<\/p>\n<p>De 2020 \u00e0 2025, le Type 32 de la Royal Navy s\u2019enlise entre concept et priorit\u00e9s<\/p>\n<p>L\u2019initiative Type 32 remonte \u00e0 2020 avec la National Shipbuilding Strategy, comme l\u2019a rappel\u00e9 Naval News. La phase de concept a d\u00e9but\u00e9 en septembre 2022, puis une \u00e9tude de cas initiale \u00e9tait annonc\u00e9e pour le printemps 2024, sans qu\u2019un jalon ferme n\u2019ait suivi, selon\u00a0<a href=\"https:\/\/www.navalnews.com\/naval-news\/2023\/02\/type-32-frigate-remains-a-future-uk-platform-requirement\" target=\"_blank\" rel=\"noreferrer noopener nofollow\">Naval News<\/a>. Dans le m\u00eame temps, Londres menait de front les programmes Type 26 City et Type 31 Inspiration, d\u00e9j\u00e0 prioritaires. Cette chronologie a cr\u00e9\u00e9 une friction croissante entre l\u2019ambition affich\u00e9e pour une fr\u00e9gate modulaire et la r\u00e9alit\u00e9 d\u2019une cha\u00eene industrielle occup\u00e9e. En cons\u00e9quence, le Type 32 est rest\u00e9 \u00e0 l\u2019\u00e9tat de besoin futur, en attente d\u2019un cadrage budg\u00e9taire stabilis\u00e9.<\/p>\n<p>Cette mise en file d\u2019attente s\u2019est aussi nourrie d\u2019un contexte humain d\u00e9grad\u00e9. La Revue de D\u00e9fense Strat\u00e9gique, d\u00e9taill\u00e9e\u00a0<a href=\"https:\/\/meta-defense.fr\/2025\/06\/03\/revue-de-defense-strategique-uk-rh-num\" target=\"_blank\" rel=\"noreferrer noopener nofollow\">ici\u2011m\u00eame en juin 2025<\/a>, souligne que les effectifs th\u00e9oriques ont gliss\u00e9 d\u2019environ 185 000 militaires en 2012 \u00e0 pr\u00e8s de 155 000 aujourd\u2019hui. Le document acte des difficult\u00e9s de recrutement et de fid\u00e9lisation, \u00e9valu\u00e9es \u00e0 plusieurs milliers de d\u00e9parts nets par an. Cette contrainte dimensionne les ambitions navales, car chaque nouvelle classe exige des \u00e9quipages form\u00e9s et des soutiens \u00e0 terre. La voie technologique est assum\u00e9e, mais elle ne supprime pas l\u2019exigence en comp\u00e9tences.<\/p>\n<p><img fetchpriority=\"high\" decoding=\"async\" width=\"1024\" height=\"683\" src=\"data:image\/svg+xml,%3Csvg%20xmlns=\" http:=\"\" alt=\"Type 26 HMS Glasgow royal navy\" data-lazy- data-lazy- data-lazy-src=\"https:\/\/www.europesays.com\/fr\/wp-content\/uploads\/2025\/11\/HMS-Glasgow-BAE-Systems-1024x683-1.jpg\"\/><\/p>\n<p>HMS Glasgow, premi\u00e8re unit\u00e9 de la classe City Type 26 aux chantiers navals BAE Systems<\/p>\n<p>Par ailleurs, la logique d\u2019encha\u00eenement des programmes reste d\u00e9terminante pour l\u2019\u00e9quilibre de la flotte. Les Type 26, \u00e0 vocation anti\u2011sous\u2011marine, et les Type 31, g\u00e9n\u00e9ralistes, doivent succ\u00e9der aux Type 23 \u00e0 un rythme soutenu. La bascule de g\u00e9n\u00e9ration impose de ma\u00eetriser les risques de transition, sous peine de creuser des trous capacitaires dans la pr\u00e9sence en mer et la permanence de l\u2019escorte. \u00c0 bien y regarder, l\u2019effet de masse recherch\u00e9 par l\u2019avionneur naval d\u00e9pend autant des cadences industrielles que des arbitrages budg\u00e9taires \u00e0 court terme.<\/p>\n<p>Enfin, la place du Type 32 a \u00e9t\u00e9 pens\u00e9e comme un prolongement de cette transition, avec l\u2019objectif d\u2019absorber les technologies \u00e9mergentes et d\u2019augmenter la flexibilit\u00e9 op\u00e9rationnelle. L\u2019id\u00e9e d\u2019un b\u00e2timent apte \u00e0 mettre en \u0153uvre des syst\u00e8mes non habit\u00e9s et \u00e0 reconfigurer ses effets selon les missions a trouv\u00e9 un \u00e9cho doctrinal. Toutefois, l\u2019absence de calendrier ferme a r\u00e9duit la lisibilit\u00e9 du projet, tandis que la pression sur les ressources humaines et financi\u00e8res a rappel\u00e9 que la planification reste un exercice de coh\u00e9rence avant d\u2019\u00eatre une vitrine technologique.\u00a0<\/p>\n<p>Hybrid Navy et DIP, la suspension du Type 32 d\u00e9cale l\u2019\u00e9ch\u00e9ance<\/p>\n<p>Le pivot est intervenu lorsque le minist\u00e8re a refus\u00e9 de donner une date d\u2019admission au service pour la premi\u00e8re unit\u00e9 et a renvoy\u00e9 les choix capacitaires au Plan d\u2019investissement de la d\u00e9fense. Comme le rapporte\u00a0<a href=\"https:\/\/ukdefencejournal.org.uk\/uk-holds-off-on-type-32-frigate-plans-pending-review\" target=\"_blank\" rel=\"noreferrer noopener nofollow\">UK Defence Journal<\/a>, Luke Pollard a pr\u00e9cis\u00e9 que la planification future s\u2019inscrivait dans une Hybrid Navy combinant navires habit\u00e9s et non habit\u00e9s. Il a \u00e9voqu\u00e9 des technologies modulaires et reconfigurables pour acc\u00e9l\u00e9rer l\u2019acquisition et accro\u00eetre la masse d\u2019effets. Cette position a fig\u00e9 l\u2019entr\u00e9e en phase op\u00e9rationnelle et prolong\u00e9 l\u2019incertitude sur le dimensionnement des s\u00e9ries et le profil de mission.<\/p>\n<p class=\"has-text-align-center\" style=\"font-size:18px\"><strong>Il reste 75 % de cet article \u00e0 lire, Abonnez-vous pour y acc\u00e9der !<\/strong><\/p>\n<p><img loading=\"lazy\" decoding=\"async\" width=\"93\" height=\"93\" src=\"https:\/\/www.europesays.com\/fr\/wp-content\/uploads\/2025\/06\/Logo-Metadefense-93x93-2.jpg\" alt=\"Logo Metadefense 93x93 2 Constructions Navales militaires | Actualit\u00e9s D\u00e9fense | Budgets des arm\u00e9es et effort de D\u00e9fense\"\/><\/p>\n<p class=\"has-text-align-center\">Les <strong>abonnements Classiques<\/strong> donnent acc\u00e8s aux <br \/><strong>articles dans leur version int\u00e9grale<\/strong>, et <strong>sans publicit\u00e9<\/strong>, <br \/>\u00e0 partir de 1,99 \u20ac. Les abonnements <strong>Premium<\/strong> permettent d\u2019acc\u00e9der \u00e9galement aux <strong>archives<\/strong> (articles de plus de deux ans)<\/p>\n<p class=\"has-text-align-center\"><strong>ABONN\u00c9S : Si vous voyez ce panneau, malgr\u00e9 votre abonnement, <a href=\"https:\/\/meta-defense.fr\/questions-frequentes-meta-defense-fr\/#malgre-mon-abonnement-je-vois-toujours-le-panneau-dabonnement-qui-masque-larticle\" rel=\"nofollow noopener\" target=\"_blank\">videz le cache de votre navigateur<\/a> pour r\u00e9gler le probl\u00e8me. <\/strong><\/p>\n","protected":false},"excerpt":{"rendered":"Le minist\u00e8re britannique a confirm\u00e9 qu\u2019aucune date de mise en service n\u2019\u00e9tait communiqu\u00e9e pour le Type 32 et&hellip;\n","protected":false},"author":2,"featured_media":525347,"comment_status":"","ping_status":"","sticky":false,"template":"","format":"standard","meta":{"footnotes":""},"categories":[1588],"tags":[11,1777,674,12,473,1853,1851,1850,1852],"class_list":{"0":"post-525346","1":"post","2":"type-post","3":"status-publish","4":"format-standard","5":"has-post-thumbnail","7":"category-royaume-uni","8":"tag-actualites","9":"tag-eu","10":"tag-europe","11":"tag-news","12":"tag-royaume-uni","13":"tag-royaume-uni-de-grande-bretagne-et-dirlande-du-nord","14":"tag-uk","15":"tag-united-kingdom","16":"tag-united-kingdom-of-great-britain-and-northern-ireland"},"share_on_mastodon":{"url":"https:\/\/pubeurope.com\/@fr\/115526570863111697","error":""},"_links":{"self":[{"href":"https:\/\/www.europesays.com\/fr\/wp-json\/wp\/v2\/posts\/525346","targetHints":{"allow":["GET"]}}],"collection":[{"href":"https:\/\/www.europesays.com\/fr\/wp-json\/wp\/v2\/posts"}],"about":[{"href":"https:\/\/www.europesays.com\/fr\/wp-json\/wp\/v2\/types\/post"}],"author":[{"embeddable":true,"href":"https:\/\/www.europesays.com\/fr\/wp-json\/wp\/v2\/users\/2"}],"replies":[{"embeddable":true,"href":"https:\/\/www.europesays.com\/fr\/wp-json\/wp\/v2\/comments?post=525346"}],"version-history":[{"count":0,"href":"https:\/\/www.europesays.com\/fr\/wp-json\/wp\/v2\/posts\/525346\/revisions"}],"wp:featuredmedia":[{"embeddable":true,"href":"https:\/\/www.europesays.com\/fr\/wp-json\/wp\/v2\/media\/525347"}],"wp:attachment":[{"href":"https:\/\/www.europesays.com\/fr\/wp-json\/wp\/v2\/media?parent=525346"}],"wp:term":[{"taxonomy":"category","embeddable":true,"href":"https:\/\/www.europesays.com\/fr\/wp-json\/wp\/v2\/categories?post=525346"},{"taxonomy":"post_tag","embeddable":true,"href":"https:\/\/www.europesays.com\/fr\/wp-json\/wp\/v2\/tags?post=525346"}],"curies":[{"name":"wp","href":"https:\/\/api.w.org\/{rel}","templated":true}]}}