{"id":525348,"date":"2025-11-10T17:25:14","date_gmt":"2025-11-10T17:25:14","guid":{"rendered":"https:\/\/www.europesays.com\/fr\/525348\/"},"modified":"2025-11-10T17:25:14","modified_gmt":"2025-11-10T17:25:14","slug":"a-halle-une-foire-aux-livres-critiquee-pour-ses-liens-avec-lextreme-droite","status":"publish","type":"post","link":"https:\/\/www.europesays.com\/fr\/525348\/","title":{"rendered":"\u00c0 Halle, une foire aux livres critiqu\u00e9e pour ses liens avec l\u2019extr\u00eame droite"},"content":{"rendered":"\n<p>Dans la petite ville de Halle, dans l\u2019est de l\u2019Allemagne, la plupart des vitrines de librairie ont pris une tournure politique. Des citations engag\u00e9es y sont affich\u00e9es, comme en \u00e9cho aux manifestations qui se sont empar\u00e9es de la ville depuis le lancement, le 8\u00a0novembre, du salon litt\u00e9raire Nouvelle Page. \u201cLa propagande nazie n\u2019a rien de l\u00e9gale\u201d, scandent plusieurs protestataires, <a href=\"https:\/\/www.zeit.de\/kultur\/literatur\/2025-11\/buchmesse-seitenwechsel-halle-rechtsextremismus-verlage-antaios-compact\/komplettansicht\" target=\"_blank\" rel=\"noopener\">cit\u00e9s par l\u2019hebdomadaire de gauche<strong> Die Zeit<\/strong><\/a><strong>.<\/strong> \u201cJe ne mettrais m\u00eame pas vos livres dans mes toilettes\u201d, lit-on sur une banderole <a href=\"https:\/\/www.faz.net\/aktuell\/feuilleton\/debatten\/rechte-buechermesse-in-halle-accg-110772392.html\" target=\"_blank\" rel=\"noopener\">rep\u00e9r\u00e9e par le titre conservateur<strong> Frankfurter Allgemeine Zeitung<\/strong><\/a><strong>.<\/strong><\/p>\n<p>\u201cL\u2019organisation de Nouvelle Page est controvers\u00e9e, car ce salon rassemble non seulement des exposants conservateurs ou orient\u00e9s \u00e0 droite, mais aussi des personnalit\u00e9s issues des milieux d\u2019extr\u00eame droite\u201d, <a href=\"https:\/\/www.mdr.de\/nachrichten\/sachsen-anhalt\/halle\/halle\/buchmesse-seitenwechsel-demo-festival-bilanz-kultur-news-100.html\" target=\"_blank\" rel=\"noopener\">contextualise le m\u00e9dia r\u00e9gional <strong>Mitteldeutscher Rundfunk <\/strong>(MDR)<\/a>. Le magazine Compact, <a href=\"https:\/\/www.courrierinternational.com\/article\/medias-le-magazine-d-extreme-droite-compact-interdit-en-allemagne\" target=\"_blank\" rel=\"noopener\">que le minist\u00e8re de l\u2019Int\u00e9rieur a cherch\u00e9 \u00e0 interdire en raison de ses positions radicales<\/a>, y a un stand, tout comme la \u201cmaison d\u2019\u00e9dition Antaios, class\u00e9e depuis 2024\u00a0par l\u2019Office de protection de la Constitution comme extr\u00e9miste de droite confirm\u00e9e\u201d et \u201cla maison d\u2019\u00e9dition Jungeuropa, du militant de la \u2018nouvelle droite\u2019 Philip Stein\u201d.<\/p>\n<p>Pr\u00e9sid\u00e9 par Susanne Dagen, une libraire charg\u00e9e de la politique culturelle du parti d\u2019extr\u00eame d<\/p>\n","protected":false},"excerpt":{"rendered":"Dans la petite ville de Halle, dans l\u2019est de l\u2019Allemagne, la plupart des vitrines de librairie ont pris&hellip;\n","protected":false},"author":2,"featured_media":525349,"comment_status":"","ping_status":"","sticky":false,"template":"","format":"standard","meta":{"footnotes":""},"categories":[1587],"tags":[11,672,1804,251,1805,1803,1777,674,6429,7610,1801,2624,12,316,1802,1857],"class_list":{"0":"post-525348","1":"post","2":"type-post","3":"status-publish","4":"format-standard","5":"has-post-thumbnail","7":"category-allemagne","8":"tag-actualites","9":"tag-allemagne","10":"tag-bundesrepublik-deutschland","11":"tag-culture","12":"tag-de","13":"tag-deutschland","14":"tag-eu","15":"tag-europe","16":"tag-extru00eame-droite","17":"tag-extru00eame-droite-en-allemagne","18":"tag-germany","19":"tag-littu00e9rature","20":"tag-news","21":"tag-politique","22":"tag-republique-federale-dallemagne","23":"tag-sociu00e9tu00e9"},"share_on_mastodon":{"url":"https:\/\/pubeurope.com\/@fr\/115526575100167861","error":""},"_links":{"self":[{"href":"https:\/\/www.europesays.com\/fr\/wp-json\/wp\/v2\/posts\/525348","targetHints":{"allow":["GET"]}}],"collection":[{"href":"https:\/\/www.europesays.com\/fr\/wp-json\/wp\/v2\/posts"}],"about":[{"href":"https:\/\/www.europesays.com\/fr\/wp-json\/wp\/v2\/types\/post"}],"author":[{"embeddable":true,"href":"https:\/\/www.europesays.com\/fr\/wp-json\/wp\/v2\/users\/2"}],"replies":[{"embeddable":true,"href":"https:\/\/www.europesays.com\/fr\/wp-json\/wp\/v2\/comments?post=525348"}],"version-history":[{"count":0,"href":"https:\/\/www.europesays.com\/fr\/wp-json\/wp\/v2\/posts\/525348\/revisions"}],"wp:featuredmedia":[{"embeddable":true,"href":"https:\/\/www.europesays.com\/fr\/wp-json\/wp\/v2\/media\/525349"}],"wp:attachment":[{"href":"https:\/\/www.europesays.com\/fr\/wp-json\/wp\/v2\/media?parent=525348"}],"wp:term":[{"taxonomy":"category","embeddable":true,"href":"https:\/\/www.europesays.com\/fr\/wp-json\/wp\/v2\/categories?post=525348"},{"taxonomy":"post_tag","embeddable":true,"href":"https:\/\/www.europesays.com\/fr\/wp-json\/wp\/v2\/tags?post=525348"}],"curies":[{"name":"wp","href":"https:\/\/api.w.org\/{rel}","templated":true}]}}