{"id":525350,"date":"2025-11-10T17:26:19","date_gmt":"2025-11-10T17:26:19","guid":{"rendered":"https:\/\/www.europesays.com\/fr\/525350\/"},"modified":"2025-11-10T17:26:19","modified_gmt":"2025-11-10T17:26:19","slug":"en-albanie-une-foret-en-reparation","status":"publish","type":"post","link":"https:\/\/www.europesays.com\/fr\/525350\/","title":{"rendered":"En Albanie, une for\u00eat en r\u00e9paration"},"content":{"rendered":"<p>\n                                                C\u2019est aux portes de la for\u00eat amazonienne que s\u2019est ouvert la COP30, la conf\u00e9rence de l\u2019Onu sur le climat. \u00c0 Bel\u00e9m, il ne sera pas seulement question de l\u2019aide aux pays en d\u00e9veloppement, mais aussi beaucoup de protection de la for\u00eat, notre poumon vert. \u00a0                    <\/p>\n<p>Premi\u00e8re \u00e9tape de notre tour des for\u00eats europ\u00e9ennes dans Accents d\u2019Europe, avec l\u2019<a href=\"https:\/\/www.rfi.fr\/fr\/tag\/albanie\/\" target=\"_self\" rel=\"noopener\"><strong>Albanie<\/strong><\/a>. Dans ce petit pays du sud des <a href=\"https:\/\/www.rfi.fr\/fr\/tag\/balkans\/\" target=\"_self\" rel=\"noopener\"><strong>Balkans<\/strong><\/a>, les for\u00eats souffrent depuis trente ans d\u2019une d\u00e9forestation massive qui contribue non seulement \u00e0 l\u2019\u00e9rosion, mais aussi \u00e0 la d\u00e9gradation des sols. Un projet de l\u2019Union Internationale pour la conservation de la nature, vise \u00e0 r\u00e9parer l\u2019\u00e9cosyst\u00e8me, en reboisant, mais aussi en d\u00e9veloppant des bandes d\u2019herbe pour att\u00e9nuer l\u2019\u00e9rosion, et en am\u00e9liorant le p\u00e2turage. C\u2019est le reportage dans le nord-est de l\u2019Albanie de\u00a0<strong>Louis Seiller.\u00a0<\/strong><\/p>\n<p><strong>\u00a0L&rsquo;Islande \u00e0 nouveau candidate \u00e0 l&rsquo;UE\u00a0<\/strong><\/p>\n<p>L\u2019Albanie, mais aussi le <a href=\"https:\/\/www.rfi.fr\/fr\/tag\/mont\u00e9n\u00e9gro\/\" target=\"_self\" rel=\"noopener\"><strong>Mont\u00e9n\u00e9gro<\/strong><\/a> ou la <a href=\"https:\/\/www.rfi.fr\/fr\/tag\/serbie\/\" target=\"_self\" rel=\"noopener\"><strong>Serbie<\/strong><\/a>, sans parler de l\u2019<a href=\"https:\/\/www.rfi.fr\/fr\/tag\/ukraine\/\" target=\"_self\" rel=\"noopener\"><strong>Ukraine<\/strong><\/a> ou de la <a href=\"https:\/\/www.rfi.fr\/fr\/tag\/moldavie\/\" target=\"_self\" rel=\"noopener\"><strong>Moldavie<\/strong><\/a>. Ils sont nombreux les candidats \u00e0 l\u2019adh\u00e9sion \u00e0 l\u2019Union europ\u00e9enne. Et voil\u00e0 qu\u2019un outsider refait surface\u00a0: l\u2019<a href=\"https:\/\/www.rfi.fr\/fr\/tag\/islande\/\" target=\"_self\" rel=\"noopener\"><strong>Islande<\/strong><\/a>. Les vis\u00e9es de Donald Trump sur le <a href=\"https:\/\/www.rfi.fr\/fr\/tag\/groenland\/\" target=\"_self\" rel=\"noopener\"><strong>Groenland<\/strong><\/a> ont pouss\u00e9 Reykjavik a relanc\u00e9 les n\u00e9gociations qui \u00e9taient gel\u00e9es depuis dix ans. <strong>Cl\u00e9mence P\u00e9nard.\u00a0<\/strong><\/p>\n<p><strong>\u00a0La r\u00e9sistance des juges hongrois\u00a0<\/strong><\/p>\n<p>Voil\u00e0 quinze ans que le premier ministre hongrois <a href=\"https:\/\/www.rfi.fr\/fr\/tag\/viktor-orban\/\" target=\"_self\" rel=\"noopener\"><strong>Viktor Orban<\/strong><\/a> met en place dans son pays une politique qu\u2019il qualifie d\u2019illib\u00e9rale. O\u00f9 le nationalisme prime sur la libert\u00e9, et s\u2019\u00e9panouit gr\u00e2ce \u00e0 l\u2019asphyxie des contre-pouvoirs. D\u2019o\u00f9 une mise au pas de la justice. Le gouvernement a r\u00e9ussi \u00e0 mettre ses hommes \u00e0 la t\u00eate de la cour constitutionnelle et de la Kuria, la cour supr\u00eame. Mais malgr\u00e9 ce lent effritement, la majorit\u00e9 des juges r\u00e9siste pour garder leur ind\u00e9pendance. Reportage \u00e0 Budapest de\u00a0<strong>Florence Labruy\u00e8re<\/strong>.<\/p>\n<p><strong>Les deux procureurs\u00a0<\/strong><\/p>\n<p>Le dernier film du cin\u00e9aste ukrainien Serguei Lonitsa est une plong\u00e9e historique dans l\u2019Union sovi\u00e9tique des ann\u00e9es 30 et des grands proc\u00e8s de Moscou. L\u2019occasion aussi de d\u00e9couvrir un des auteurs m\u00e9connus du goulag, Gueorgui Demidov.\u00a0Les deux procureurs\u00a0est sorti sur les \u00e9crans mercredi, il \u00e9tait pr\u00e9sent\u00e9 \u00e0 Cannes en juin dernier. Et\u00a0si l\u2019on en croit le titre, c\u2019est bien de justice dont il est question.\u00a0<strong>Olivier Favier.\u00a0\u00a0<\/strong><\/p>\n","protected":false},"excerpt":{"rendered":"C\u2019est aux portes de la for\u00eat amazonienne que s\u2019est ouvert la COP30, la conf\u00e9rence de l\u2019Onu sur le&hellip;\n","protected":false},"author":2,"featured_media":525351,"comment_status":"","ping_status":"","sticky":false,"template":"","format":"standard","meta":{"footnotes":""},"categories":[1586],"tags":[2361,11,5230,13307,1777,674,1011,27,804,12528,12,25,7247],"class_list":{"0":"post-525350","1":"post","2":"type-post","3":"status-publish","4":"format-standard","5":"has-post-thumbnail","7":"category-europe","8":"tag-accents-deurope","9":"tag-actualites","10":"tag-albanie","11":"tag-balkans","12":"tag-eu","13":"tag-europe","14":"tag-fr","15":"tag-france","16":"tag-hongrie","17":"tag-islande","18":"tag-news","19":"tag-republique-francaise","20":"tag-viktor-orban"},"share_on_mastodon":{"url":"https:\/\/pubeurope.com\/@fr\/115526578017172795","error":""},"_links":{"self":[{"href":"https:\/\/www.europesays.com\/fr\/wp-json\/wp\/v2\/posts\/525350","targetHints":{"allow":["GET"]}}],"collection":[{"href":"https:\/\/www.europesays.com\/fr\/wp-json\/wp\/v2\/posts"}],"about":[{"href":"https:\/\/www.europesays.com\/fr\/wp-json\/wp\/v2\/types\/post"}],"author":[{"embeddable":true,"href":"https:\/\/www.europesays.com\/fr\/wp-json\/wp\/v2\/users\/2"}],"replies":[{"embeddable":true,"href":"https:\/\/www.europesays.com\/fr\/wp-json\/wp\/v2\/comments?post=525350"}],"version-history":[{"count":0,"href":"https:\/\/www.europesays.com\/fr\/wp-json\/wp\/v2\/posts\/525350\/revisions"}],"wp:featuredmedia":[{"embeddable":true,"href":"https:\/\/www.europesays.com\/fr\/wp-json\/wp\/v2\/media\/525351"}],"wp:attachment":[{"href":"https:\/\/www.europesays.com\/fr\/wp-json\/wp\/v2\/media?parent=525350"}],"wp:term":[{"taxonomy":"category","embeddable":true,"href":"https:\/\/www.europesays.com\/fr\/wp-json\/wp\/v2\/categories?post=525350"},{"taxonomy":"post_tag","embeddable":true,"href":"https:\/\/www.europesays.com\/fr\/wp-json\/wp\/v2\/tags?post=525350"}],"curies":[{"name":"wp","href":"https:\/\/api.w.org\/{rel}","templated":true}]}}