{"id":525352,"date":"2025-11-10T17:27:20","date_gmt":"2025-11-10T17:27:20","guid":{"rendered":"https:\/\/www.europesays.com\/fr\/525352\/"},"modified":"2025-11-10T17:27:20","modified_gmt":"2025-11-10T17:27:20","slug":"securite-energetique-de-lunion-europeenne-letau-de-deux-imperialismes","status":"publish","type":"post","link":"https:\/\/www.europesays.com\/fr\/525352\/","title":{"rendered":"S\u00e9curit\u00e9 \u00e9nerg\u00e9tique de l\u2019Union europ\u00e9enne : l&rsquo;\u00e9tau de deux imp\u00e9rialismes"},"content":{"rendered":"<p>                        S\u00e9curit\u00e9 \u00e9nerg\u00e9tique de l\u2019Union europ\u00e9enne : l\u2019\u00e9tau de deux imp\u00e9rialismes<\/p>\n<p class=\"byline author vcard\">Par    <a href=\"https:\/\/aoc.media\/auteur\/clement-bonnet\/\" title=\"Articles par Cl\u00e9ment Bonnet\" class=\"author url fn\" rel=\"author noopener\" target=\"_blank\">Cl\u00e9ment Bonnet<\/a><\/p>\n<p>L\u2019accord sign\u00e9 le 27 juillet entre l\u2019Union europ\u00e9enne et les \u00c9tats-Unis contient la promesse d\u2019une augmentation de l\u2019importation de son gaz de schiste par l\u2019Europe. La qu\u00eate de l\u2019UE pour sa s\u00e9curit\u00e9 gazi\u00e8re, notamment vis-\u00e0-vis de la Russie, s\u2019est faite sous influence am\u00e9ricaine. Elle l\u2019a conduite \u00e0 d\u00e9velopper des infrastructures d\u2019import de gaz liqu\u00e9fi\u00e9 \u2013 en contradiction avec ses ambitions climatiques.<\/p>\n<p class=\"first-paragraph\">Le 27 juillet 2025 la pr\u00e9sidente de la Commission europ\u00e9enne (CE) Ursula von der Leyen signait avec Donald Trump un accord commercial \u00e9vitant \u00e0 l\u2019Europe de se voir imposer des droits de douanes de 30 % sur les produits qu\u2019elle exporte vers les \u00c9tats-Unis. Cet accord solde de dr\u00f4les de n\u00e9gociations qui ont vu les \u00c9tats-Unis, selon la pr\u00e9sidente elle-m\u00eame, ne faire aucune concession, et la Commission faire la d\u00e9monstration de sa servitude.<\/p>\n<p><a href=\"https:\/\/www.louvre.fr\/expositions-et-evenements\/expositions\/dessins-des-carrache\" target=\"_blank\" rel=\"noopener\"><img fetchpriority=\"high\" decoding=\"async\" class=\"size-full wp-image-273609\" src=\"https:\/\/www.europesays.com\/fr\/wp-content\/uploads\/2025\/11\/96_300x250_Carrache_AOC.jpg\" alt=\"\" width=\"300\" height=\"250\"\/><\/a>publicit\u00e9<\/p>\n<p>Que contient l\u2019accord\u00a0? Principalement la promesse faite aux \u00c9tats-Unis d\u2019investir 600 milliards de dollars dans l\u2019\u00e9conomie am\u00e9ricaine en plus des investissements existants, de leur ouvrir le march\u00e9 europ\u00e9en de l\u2019armement et d\u2019y importer 750 milliards de dollars de produits \u00e9nerg\u00e9tiques d\u2019ici \u00e0 2028. Ces derniers englobent principalement le gaz naturel liqu\u00e9fi\u00e9 (LNG)<a href=\"#_ftn1\" name=\"_ftnref1\">[1]<\/a> et le p\u00e9trole.<\/p>\n<p>La classe politique fran\u00e7aise, tous bords confondus, a largement critiqu\u00e9 cet accord en d\u00e9non\u00e7ant la \u00ab\u00a0vassalisation\u00a0\u00bb de l\u2019UE aux \u00c9tats-Unis. La surprise est de taille pour certains repr\u00e9sentants politiques et commentateurs qui s\u2019inqui\u00e8tent que la politique de la CE conduise \u00e0 remplacer la d\u00e9pendance au gaz russe par celle au gaz am\u00e9ricain. Qui aurait pu pr\u00e9dire cet engagement de la CE en faveur de l\u2019industrie climaticide d\u2019un alli\u00e9 qui, sous la mandature de Trump, ne cache plus son m\u00e9pris pour l\u2019UE ?<\/p>\n<p>L\u2019app\u00e9tit de la CE pour le LNG am\u00e9ricain n\u2019est pourtant pas nouveau et son exportation vers l\u2019Europe n\u2019est pas la derni\u00e8re lubie de Trump\u00a0; c\u2019est d\u2019avantage un objectif partag\u00e9 par les administrations r\u00e9publicaine et d\u00e9mocrate. Car la politique \u00e9nerg\u00e9tique se fait en deux temps\u00a0: celui du d\u00e9veloppement des infrastructures, qui n\u00e9cessite des ann\u00e9es, et celui de l\u2019approvisionnement en ressources \u00e9nerg\u00e9tiques, qui se fait \u00e0 plus court terme. Ainsi, pour importer de tels volumes de LNG \u00e0 l\u2019horizon 2028, il fallait que les infrastructures europ\u00e9ennes soient pr\u00eates. Et elles le sont. Retour sur deux d\u00e9cennies d\u2019une politique \u00e9nerg\u00e9tique europ\u00e9enne en<\/p>\n<p class=\"author_name\">\n                <a href=\"https:\/\/aoc.media\/auteur\/clement-bonnet\/\" target=\"_blank\" rel=\"noopener\">Cl\u00e9ment Bonnet<\/a>\n            <\/p>\n<p class=\"author_func\">\n                \u00c9conomiste, enseignant-chercheur en \u00e9conomie \u00e0 l\u2019Universit\u00e9 de Montpellier, chercheur au sein du laboratoire ART-Dev et chercheur associ\u00e9 \u00e0 la Chaire \u00c9conomie du Climat            <\/p>\n","protected":false},"excerpt":{"rendered":"S\u00e9curit\u00e9 \u00e9nerg\u00e9tique de l\u2019Union europ\u00e9enne : l\u2019\u00e9tau de deux imp\u00e9rialismes Par Cl\u00e9ment Bonnet L\u2019accord sign\u00e9 le 27 juillet&hellip;\n","protected":false},"author":2,"featured_media":525353,"comment_status":"","ping_status":"","sticky":false,"template":"","format":"standard","meta":{"footnotes":""},"categories":[1586],"tags":[11,51,893,1777,674,1779,1011,27,14,12,2543,25,1778,364],"class_list":{"0":"post-525352","1":"post","2":"type-post","3":"status-publish","4":"format-standard","5":"has-post-thumbnail","7":"category-europe","8":"tag-actualites","9":"tag-ecologie","10":"tag-energie","11":"tag-eu","12":"tag-europe","13":"tag-european-union","14":"tag-fr","15":"tag-france","16":"tag-international","17":"tag-news","18":"tag-relations-internationales","19":"tag-republique-francaise","20":"tag-ue","21":"tag-union-europeenne"},"share_on_mastodon":{"url":"https:\/\/pubeurope.com\/@fr\/115526582685827405","error":""},"_links":{"self":[{"href":"https:\/\/www.europesays.com\/fr\/wp-json\/wp\/v2\/posts\/525352","targetHints":{"allow":["GET"]}}],"collection":[{"href":"https:\/\/www.europesays.com\/fr\/wp-json\/wp\/v2\/posts"}],"about":[{"href":"https:\/\/www.europesays.com\/fr\/wp-json\/wp\/v2\/types\/post"}],"author":[{"embeddable":true,"href":"https:\/\/www.europesays.com\/fr\/wp-json\/wp\/v2\/users\/2"}],"replies":[{"embeddable":true,"href":"https:\/\/www.europesays.com\/fr\/wp-json\/wp\/v2\/comments?post=525352"}],"version-history":[{"count":0,"href":"https:\/\/www.europesays.com\/fr\/wp-json\/wp\/v2\/posts\/525352\/revisions"}],"wp:featuredmedia":[{"embeddable":true,"href":"https:\/\/www.europesays.com\/fr\/wp-json\/wp\/v2\/media\/525353"}],"wp:attachment":[{"href":"https:\/\/www.europesays.com\/fr\/wp-json\/wp\/v2\/media?parent=525352"}],"wp:term":[{"taxonomy":"category","embeddable":true,"href":"https:\/\/www.europesays.com\/fr\/wp-json\/wp\/v2\/categories?post=525352"},{"taxonomy":"post_tag","embeddable":true,"href":"https:\/\/www.europesays.com\/fr\/wp-json\/wp\/v2\/tags?post=525352"}],"curies":[{"name":"wp","href":"https:\/\/api.w.org\/{rel}","templated":true}]}}