{"id":525360,"date":"2025-11-10T17:31:13","date_gmt":"2025-11-10T17:31:13","guid":{"rendered":"https:\/\/www.europesays.com\/fr\/525360\/"},"modified":"2025-11-10T17:31:13","modified_gmt":"2025-11-10T17:31:13","slug":"les-golfeurs-chalonnais-ont-fait-la-fete-pour-marquer-la-fin-de-la-saison-2025-info-chalon-com","status":"publish","type":"post","link":"https:\/\/www.europesays.com\/fr\/525360\/","title":{"rendered":"Les golfeurs chalonnais ont fait la f\u00eate pour marquer la fin de la saison 2025 &#8211; info-chalon.com"},"content":{"rendered":"<p>\u00a0Depuis plusieurs ann\u00e9es les responsables de l\u2019AS Golf ont pris pour habitude d\u2019organiser une grande f\u00eate afin de marquer la fin de la saison. Une journ\u00e9e voire un week-end, qui est l\u2019occasion de distribuer les derni\u00e8res r\u00e9compenses et celle avant tout de passer tout simplement un bon moment entre amoureux de la petite balle blanche. Et les ann\u00e9es correspondant \u00e0 l\u2019organisation du fameux tournoi opposant l\u2019Europe aux Etats-Unis ils proposent notamment\u2026 une Ryder Cup \u00e0 la chalonnaise !\u00a0<br \/><strong>\u00a0<\/strong><br \/><strong>A Chalon, les Am\u00e9ricains ont gagn\u00e9\u00a0<\/strong><br \/>Si dans la \u00ab vraie \u00bb l\u2019Europe a conserv\u00e9 son titre en s\u2019imposant de justesse 15 \u00e0 13 face aux USA, en revanche la Ryder Cup chalonnaise a vu un large succ\u00e8s des repr\u00e9sentants du Nouveau Monde sur ceux de la Vieille Europe 52 \u00e0 30, apr\u00e8s avoir d\u00e9j\u00e0 vir\u00e9 en t\u00eate 21 \u00e0 19 \u00e0 l\u2019issue de la premi\u00e8re journ\u00e9e. Si Scottie Scheffler, Justin Thomas, Rory McIllroy, Justin Rose et consorts n\u2019\u00e9taient bien \u00e9videmment pas pr\u00e9sents sur le parcours du Golf de la Roseraie, il y a eu cependant du beau monde. On ne citera personne, de peur d\u2019en oublier\u2026 A Chalon, le format de la comp\u00e9tition \u00e9tait le m\u00eame que dans l\u2019Etat de New-York, avec une s\u00e9rie de foursomes et de fourballs, ou si vous pr\u00e9f\u00e9rez de quatre balles meilleure balle, pour commencer et une s\u00e9rie de simples pour terminer. Une formule qui, \u00e0 l\u2019instar de ce qui s\u2019est pass\u00e9 outre-Atlantique, a largement souri aux Am\u00e9ricains chalonnais, lesquels ont atomis\u00e9 leurs rivaux Europ\u00e9ens 31 \u00e0 11.\u00a0<br \/>Durant ces deux journ\u00e9es, pr\u00e9par\u00e9es depuis de longues semaines par l\u2019ensemble du club, la convivialit\u00e9 a \u00e9t\u00e9 au top. N\u2019est-elle pas la marque de fabrique de l\u2019AS Golf ! Avec notamment un petit d\u00e9jeuner d\u2019accueil avec caf\u00e9 et croissants, l\u2019incontournable pause du 9 pr\u00e9par\u00e9e par Alain Bernardot, le sp\u00e9cialiste maison, un stand maquillage, un stand photos pour conserver quelques souvenirs de ces retrouvailles, une musique d\u2019ambiance au club house, sans oublier un repas brasero confectionn\u00e9 par le traiteur rullyotin Cook and Styles.\u00a0<\/p>\n<p><strong>La plus longue remise des prix de l\u2019ann\u00e9e\u00a0<\/strong><br \/>A l\u2019issue du repas a eu lieu la derni\u00e8re remise des prix 2025, anim\u00e9e par Jonathan Bidault, manager du Golf de la Roseraie et pr\u00e9sid\u00e9e par Carl Fraselle, pr\u00e9sident de l\u2019AS Golf, et \u00e0 laquelle a assist\u00e9 Dominique Melin, vice-pr\u00e9sidente du Grand Chalon, en charge des sports. Le pr\u00e9sident Fraselle en a profit\u00e9 pour remercier tous ceux et toutes celles qui ont contribu\u00e9 tout au long de la saison \u00e0 faire vivre le club, les joueurs, les b\u00e9n\u00e9voles, les partenaires et bien s\u00fbr l\u2019\u00e9quipe d\u2019accueil compos\u00e9e de Jonathan Bidault, V\u00e9ronique Melin, et Jos\u00e9phine Duch\u00eane.<\/p>\n<p>S\u2019en est suivie la proclamation tant attendue des r\u00e9sultats, non seulement de la Ryder Cup version chalonnaise mais aussi de la Partenaire\u2019s Cup 2025, de la Ringer Score 2025 et du championnat du club 2025. Concernant la Partenaire\u2019s Cup, troph\u00e9e qui regroupait cette ann\u00e9e dix \u00e9quipes d\u00e9fendant les couleurs des principaux sponsors du club, FKT digit, vainqueur de la premi\u00e8re \u00e9dition, a conserv\u00e9 son titre. Mais cela a \u00e9t\u00e9 beaucoup plus difficile que l\u2019an pass\u00e9 pour les repr\u00e9sentants de l\u2019entreprise sp\u00e9cialis\u00e9e dans le commerce de gros de machines et d\u2019\u00e9quipements de bureau, puisque seulement 10 pts (1 066,5 pts contre 1 056,5 pts) les s\u00e9parent de leurs dauphins de Mercedes groupe Chopard. La troisi\u00e8me place sur le podium est prise par Garage des Chavannes qui termine \u00e0 74,5 pts avec 992 pts. Bravo \u00e0 David Philippe, le sympathique patron de FKT digit, excellent golfeur devant l\u2019\u00e9ternel, et \u00e0 ses co\u00e9quipiers Thomas Alamelama, H\u00e9l\u00e8ne et Thibault Bouyssou, Claude Fieux, Jean-Paul et V\u00e9ronique Forin, et Marina Monterrat. Individuellement la premi\u00e8re place revient \u00e0 Virginie Plant\u00e9 (Guilde des Orf\u00e8vres) qui survole le classement avec 231,5 pts, devan\u00e7ant respectivement Jean-Paul Forin (FKT digit) avec 197 pts, David Philippe (FKT digit) avec 196,5 pts, V\u00e9ronique Forin (FKT digit) avec 186 pts et Chantal Vercelli (Garage des Chavannes) avec 185,5 pts.<br \/>\u00a0<br \/><strong>50 joueurs en lice \u00e0 la Ringer Score\u00a0<\/strong><br \/>Les laur\u00e9ats de la Ringer Score ont \u00e9galement \u00e9t\u00e9 annonc\u00e9s. En 2025 la comp\u00e9tition, qui consiste \u00e0 jouer plusieurs fois le m\u00eame parcours en ne retenant que le meilleur score r\u00e9alis\u00e9 sur chaque trou, a regroup\u00e9 cinquante joueurs de mars \u00e0 septembre sur vingt manches. En 1re s\u00e9rie, sans surprise, Corentin Besse l\u2019emporte en r\u00e9alisant un total de 63 devant Th\u00e9o Joby \u00e0 1 coup et Michel Achard \u00e0 3 coups. En 2e s\u00e9rie Thomas Alamelama se classe premier avec lui aussi un score de 63, battant de 2 coups Alain Wavrant et de 6 coups Gilles Beaufay. En 3e s\u00e9rie Alain Rothdiener prend la premi\u00e8re place avec un total de 70, devan\u00e7ant d\u20191 coup Guillaume Renaud et de 6 coups Jean-Baptiste Debaux. Rappelons que le par \u00e0 Chalon est de 71.\u00a0<br \/>Enfin a \u00e9t\u00e9 d\u00e9sign\u00e9 le champion du club en match play. Il s\u2019agit de Gilles Beaufay qui a battu en finale Alain Wavrant et qui a ainsi succ\u00e9d\u00e9 \u00e0 Jonathan Bidault, victorieux en 2024.<br \/>La saison 2025 est d\u00e9sormais termin\u00e9e. Vive la saison 2026, qui verra la c\u00e9l\u00e9bration du 50e anniversaire de la cr\u00e9ation du club en 1976 \u00e0 l\u2019initiative de Paul Astruc et de Max Perret. Une super saison en perspective !<br \/>\u00a0<\/p>\n<p style=\"text-align: right;\"><strong>Gabriel-Henri THEULOT<\/strong><br \/>\u00a0<\/p>\n<p>\u00a0<\/p>\n<p>\u00a0<br \/>\u00a0<br \/>\u00a0<\/p>\n","protected":false},"excerpt":{"rendered":"\u00a0Depuis plusieurs ann\u00e9es les responsables de l\u2019AS Golf ont pris pour habitude d\u2019organiser une grande f\u00eate afin de&hellip;\n","protected":false},"author":2,"featured_media":525361,"comment_status":"","ping_status":"","sticky":false,"template":"","format":"standard","meta":{"footnotes":""},"categories":[1418],"tags":[1011,27,1472,60],"class_list":{"0":"post-525360","1":"post","2":"type-post","3":"status-publish","4":"format-standard","5":"has-post-thumbnail","7":"category-golf","8":"tag-fr","9":"tag-france","10":"tag-golf","11":"tag-sports"},"share_on_mastodon":{"url":"https:\/\/pubeurope.com\/@fr\/115526597508200838","error":""},"_links":{"self":[{"href":"https:\/\/www.europesays.com\/fr\/wp-json\/wp\/v2\/posts\/525360","targetHints":{"allow":["GET"]}}],"collection":[{"href":"https:\/\/www.europesays.com\/fr\/wp-json\/wp\/v2\/posts"}],"about":[{"href":"https:\/\/www.europesays.com\/fr\/wp-json\/wp\/v2\/types\/post"}],"author":[{"embeddable":true,"href":"https:\/\/www.europesays.com\/fr\/wp-json\/wp\/v2\/users\/2"}],"replies":[{"embeddable":true,"href":"https:\/\/www.europesays.com\/fr\/wp-json\/wp\/v2\/comments?post=525360"}],"version-history":[{"count":0,"href":"https:\/\/www.europesays.com\/fr\/wp-json\/wp\/v2\/posts\/525360\/revisions"}],"wp:featuredmedia":[{"embeddable":true,"href":"https:\/\/www.europesays.com\/fr\/wp-json\/wp\/v2\/media\/525361"}],"wp:attachment":[{"href":"https:\/\/www.europesays.com\/fr\/wp-json\/wp\/v2\/media?parent=525360"}],"wp:term":[{"taxonomy":"category","embeddable":true,"href":"https:\/\/www.europesays.com\/fr\/wp-json\/wp\/v2\/categories?post=525360"},{"taxonomy":"post_tag","embeddable":true,"href":"https:\/\/www.europesays.com\/fr\/wp-json\/wp\/v2\/tags?post=525360"}],"curies":[{"name":"wp","href":"https:\/\/api.w.org\/{rel}","templated":true}]}}