{"id":525362,"date":"2025-11-10T17:33:09","date_gmt":"2025-11-10T17:33:09","guid":{"rendered":"https:\/\/www.europesays.com\/fr\/525362\/"},"modified":"2025-11-10T17:33:09","modified_gmt":"2025-11-10T17:33:09","slug":"le-president-de-colomiers-alain-carre-remonte","status":"publish","type":"post","link":"https:\/\/www.europesays.com\/fr\/525362\/","title":{"rendered":"le pr\u00e9sident de Colomiers Alain Carr\u00e9 remont\u00e9"},"content":{"rendered":"<p>            Par<br \/>\n        <strong><br \/>\n            <a href=\"https:\/\/actu.fr\/auteur\/redaction-rugby\" title=\"Consulter tous les articles de R\u00e9daction Rugby\" target=\"_blank\" rel=\"noopener\">R\u00e9daction Rugby<\/a><br \/>\n        <\/strong><\/p>\n<p>        Publi\u00e9 le<\/p>\n<p>            10 nov. 2025 \u00e0 17h08        <\/p>\n<p>\u00ab\u00a0J\u2019ai essay\u00e9 de joindre la commission de discipline, mais personne ne m\u2019a pas r\u00e9pondu\u00a0\u00bb. Aupr\u00e8s d\u2019<a href=\"https:\/\/actu.fr\/rugby\/\" target=\"_blank\" rel=\"noopener\">Actu Rugby<\/a>, le pr\u00e9sident de <a href=\"https:\/\/actu.fr\/tag\/colomiers-rugby\" target=\"_blank\" rel=\"noopener\">Colomiers<\/a>, <strong>Alain Carr\u00e9<\/strong>, s\u2019est montr\u00e9 <strong>remont\u00e9<\/strong> apr\u00e8s la <strong>suspension de 6 semaines<\/strong> inflig\u00e9e \u00e0 son deuxi\u00e8me ligne Maxime Granouillet, ainsi qu\u2019une <strong>amende de 5000 euros<\/strong>, pour des propos tenus lors du match Colomiers-Vannes (24 octobre, NDLR), qui n\u2019\u00e9taient pas destin\u00e9s \u00e0 l\u2019arbitre <a href=\"https:\/\/actu.fr\/sports\/rugby\/pro\/rugby-5-choses-a-savoir-sur-evan-urruzmendi-nouvel-arbitre-de-pro-d2-a-seulement-26-ans_53093361.html\" target=\"_blank\" rel=\"noopener\">Evan Urruzmendi<\/a>.<\/p>\n<p>Colomiers : Une suspension qui pose question<\/p>\n<p class=\" wall-content\">D\u00e9but novembre, Maxime Granouillet a \u00e9t\u00e9 reconnu coupable par la Commission de discipline d&rsquo;\u00a0\u00bbaction contre un officiel de match\u00a0\u00bb et plus particuli\u00e8rement de \u00ab\u00a0manquer de respect envers l\u2019autorit\u00e9 d\u2019un officiel de match\u00a0\u00bb. C\u2019est \u00ab\u00a0un degr\u00e9 plus que sup\u00e9rieur \u00e0 ceux pr\u00e9vu par l\u2019\u00e9chelle de gravit\u00e9 qui a \u00e9t\u00e9 retenu, soit une suspension de 8 semaines\u00a0\u00bb. Avec prise en compte du casier du joueur, et des remords, la sanction a \u00e9t\u00e9 r\u00e9duite \u00e0 6 semaines.<\/p>\n<p class=\" wall-content\">Pr\u00e9sents au match, nous pensions que Maxime Granouillet avait \u00e9t\u00e9 cit\u00e9 en raison de son attitude envers l\u2019arbitre \u00e0 l\u2019issue de la rencontre, pestant tr\u00e8s s\u00e9rieusement contre la derni\u00e8re d\u00e9cision qui aurait pu faire perdre le bonus d\u00e9fensif \u00e0 son \u00e9quipe (17-22 au final, NDLR). \u00ab\u00a0Les propos qu\u2019on lui porte, ce n\u2019est pas \u00e0 l\u2019attention d\u2019un officiel\u00a0\u00bb, assure Carr\u00e9.<\/p>\n<p class=\" wall-content\"><strong>\u00ab\u00a0Maxime a eu des mots envers Karl Chateau<\/strong>, qui est un ancien joueur de Colomiers (aujourd\u2019hui team manager de Vannes, NDLR) entre deux portes. Un des arbitres a entendu les mots et l\u2019a consign\u00e9 dans un rapport. C\u2019est un peu dr\u00f4le comme situation : ce n\u2019\u00e9tait pas destin\u00e9 \u00e0 l\u2019arbitre\u00a0\u00bb, d\u00e9plore Carr\u00e9.<\/p>\n<p>Colomiers a r\u00e9fl\u00e9chi \u00e0 faire appel, mais\u2026<\/p>\n<p class=\" wall-content\">Le pr\u00e9sident de Colomiers estime que \u00ab\u00a0c\u2019est cher pay\u00e9. Quand je vois un mec de Nevers (Kamaliele Tufiele, NDLR) qui, apr\u00e8s un geste hyper dangereux, a failli tuer un joueur de Carcassonne (Lilian Pichon, lourdement retomb\u00e9 sur la nuque, NDLR), et qu\u2019il prend 6 semaines aussi, je m\u2019interroge. C\u2019est m\u00eame tr\u00e8s \u00e9tonnant\u00a0\u00bb.<\/p>\n<p class=\" wall-content\">\n<p class=\" wall-content\">Colomiers a d\u00e9cid\u00e9 de ne pas faire appel de la sanction pour Maxime Granouillet, car le deuxi\u00e8me ligne a d\u00e9j\u00e0 \u00e9t\u00e9 convoqu\u00e9 par la commission de discipline \u00e0 plusieurs reprise durant sa carri\u00e8re. Mais, Alain Carr\u00e9 avoue \u00ab\u00a0avoir <strong>h\u00e9sit\u00e9 \u00e0 faire appel<\/strong> concernant l\u2019amende\u00a0\u00bb. \u00ab\u00a0Le club paie tout, et il paie deux fois : la sanction de 5000\u20ac et le salaire du joueur pendant ces 6 semaines de suspension\u00a0\u00bb.\u00a0<\/p>\n<p class=\" wall-content\">D\u00e9sormais, le d\u00e9lai de 5 jours est pass\u00e9. \u00ab\u00a0On aurait pu\u00a0\u00bb, souffle Carr\u00e9. \u00ab\u00a0Bon, faire appel, \u00e7a co\u00fbte 1500 euros. Mais le probl\u00e8me n\u2019est pas l\u2019argent, c\u2019est qu\u2019on ne comprend pas cette d\u00e9cision. Ils auraient aussi pu utiliser le sursis\u00a0\u00bb.<\/p>\n<p>Colomiers va recevoir Maxime Granouillet<\/p>\n<p class=\" wall-content\">Maxime Granouillet va \u00eatre re\u00e7u cette semaine par le pr\u00e9sident Alain Carr\u00e9, ainsi que le team manager (Yann Kergourlay, NDLR). \u00ab\u00a0On va lui demander de se mordre la langue \u00e0 l\u2019avenir\u00a0\u00bb, dit l\u2019homme fort du club \u00e0 la Colombe, qui tient \u00e0 souligner : \u00ab\u00a0L\u2019\u00e9thique du rugby, nous la portons haut au sein de notre club\u00a0\u00bb.<\/p>\n<p>Votre r\u00e9gion, votre actu !<\/p>\n<p>Recevez chaque jour les infos qui comptent pour vous.<\/p>\n<p>\t<a href=\"https:\/\/actu.fr\/newsletter\" class=\"ac-btn ac-btn--corner ac-btn--medium ac-btn--blue800\" target=\"_blank\" rel=\"noopener\">S&rsquo;incrire<\/a><br \/>\nD\u00e9\u00e7u par l\u2019arbitrage<\/p>\n<p class=\" wall-content\">Auteur d\u2019un excellent d\u00e9but de saison, Colomiers vient d\u2019\u00eatre frein\u00e9 par <a href=\"https:\/\/actu.fr\/rugby\/classements-resultats\" target=\"_blank\" rel=\"noopener\">deux d\u00e9faites cons\u00e9cutives \u00e0 domicile<\/a> (Vannes et Provence Rugby, NDRL). Deux rencontres lors desquelles des d\u00e9cisions arbitrales ont surpris Alain Carr\u00e9, \u00e0 la t\u00eate de l\u2019UCPR (Union des Clubs Professionnels de Rugby).\u00a0<\/p>\n<p class=\" wall-content\">\u00ab\u00a0Bon, je pr\u00e9f\u00e8re ne rien dire\u00a0\u00bb, a d\u2019abord h\u00e9sit\u00e9 Carr\u00e9. Avant de poursuivre : \u00ab\u00a0\u00c0 l\u2019arbitre, on ne peut rien dire. On ne peut plus rien dire. Je sais que mon manager Florian Nicot n\u2019a rien voulu dire \u00e0 chaud \u00e0 l\u2019arbitre du match contre Provence Rugby. Ils ont \u00e9chang\u00e9 par messages le lendemain, vid\u00e9os \u00e0 l\u2019appui\u00a0\u00bb.<\/p>\n<p class=\" wall-content\">Et le pr\u00e9sident de Colomiers de conclure de fa\u00e7on cinglante : \u00ab\u00a0J\u2019ai un profond respect pour les arbitres, mais des fois vous savez\u2026 <strong>Certains d\u2019entre eux sont vraiment hautains<\/strong>. J\u2019\u00e9tais contre la haie d\u2019honneur. Et m\u00eame eux, n\u2019\u00e9taient pas en phase avec \u00e7a\u00a0\u00bb.<\/p>\n<p class=\" wall-content\"><strong>Emilie DUDON et Cl\u00e9ment MAZELLA\u00a0<\/strong><\/p>\n<p class=\" wall-content\">Personnalisez votre actualit\u00e9 en ajoutant vos villes et m\u00e9dias en favori avec <a href=\"https:\/\/moncompte.actu.fr\" title=\"D\u00e9couvez Mon Actu\" rel=\"nofollow noopener\" data-trk=\"{&quot;cta&quot;:{&quot;action&quot;:&quot;https:\\\/\\\/moncompte.actu.fr&quot;,&quot;category&quot;:&quot;mon compte&quot;,&quot;from&quot;:&quot;article footer&quot;,&quot;name&quot;:&quot;Mon actu&quot;,&quot;type&quot;:&quot;cta&quot;}}\" target=\"_blank\">Mon Actu<\/a>.<\/p>\n","protected":false},"excerpt":{"rendered":"Par R\u00e9daction Rugby Publi\u00e9 le 10 nov. 2025 \u00e0 17h08 \u00ab\u00a0J\u2019ai essay\u00e9 de joindre la commission de discipline,&hellip;\n","protected":false},"author":2,"featured_media":525363,"comment_status":"","ping_status":"","sticky":false,"template":"","format":"standard","meta":{"footnotes":""},"categories":[1416],"tags":[11282,1011,27,2308,479,1468,60],"class_list":{"0":"post-525362","1":"post","2":"type-post","3":"status-publish","4":"format-standard","5":"has-post-thumbnail","7":"category-rugby","8":"tag-colomiers-rugby","9":"tag-fr","10":"tag-france","11":"tag-pro-d2","12":"tag-rugby","13":"tag-rugby-football","14":"tag-sports"},"share_on_mastodon":{"url":"https:\/\/pubeurope.com\/@fr\/115526605477363911","error":""},"_links":{"self":[{"href":"https:\/\/www.europesays.com\/fr\/wp-json\/wp\/v2\/posts\/525362","targetHints":{"allow":["GET"]}}],"collection":[{"href":"https:\/\/www.europesays.com\/fr\/wp-json\/wp\/v2\/posts"}],"about":[{"href":"https:\/\/www.europesays.com\/fr\/wp-json\/wp\/v2\/types\/post"}],"author":[{"embeddable":true,"href":"https:\/\/www.europesays.com\/fr\/wp-json\/wp\/v2\/users\/2"}],"replies":[{"embeddable":true,"href":"https:\/\/www.europesays.com\/fr\/wp-json\/wp\/v2\/comments?post=525362"}],"version-history":[{"count":0,"href":"https:\/\/www.europesays.com\/fr\/wp-json\/wp\/v2\/posts\/525362\/revisions"}],"wp:featuredmedia":[{"embeddable":true,"href":"https:\/\/www.europesays.com\/fr\/wp-json\/wp\/v2\/media\/525363"}],"wp:attachment":[{"href":"https:\/\/www.europesays.com\/fr\/wp-json\/wp\/v2\/media?parent=525362"}],"wp:term":[{"taxonomy":"category","embeddable":true,"href":"https:\/\/www.europesays.com\/fr\/wp-json\/wp\/v2\/categories?post=525362"},{"taxonomy":"post_tag","embeddable":true,"href":"https:\/\/www.europesays.com\/fr\/wp-json\/wp\/v2\/tags?post=525362"}],"curies":[{"name":"wp","href":"https:\/\/api.w.org\/{rel}","templated":true}]}}