{"id":525364,"date":"2025-11-10T17:34:19","date_gmt":"2025-11-10T17:34:19","guid":{"rendered":"https:\/\/www.europesays.com\/fr\/525364\/"},"modified":"2025-11-10T17:34:19","modified_gmt":"2025-11-10T17:34:19","slug":"atp-finals-alexander-zverev-bat-ben-shelton-et-commence-parfaitement","status":"publish","type":"post","link":"https:\/\/www.europesays.com\/fr\/525364\/","title":{"rendered":"ATP Finals. Alexander Zverev bat Ben Shelton et commence parfaitement"},"content":{"rendered":"<p data-testid=\"wcl-typoNewsPerex\" itemprop=\"description\">Num\u00e9ro 3 mondial, Alexander Zverev a fait respecter la logique contre Ben Shelton, 6e : 6-3, 7-6 (6). L&rsquo;Allemand commence les ATP Finals par une victoire importante, <\/p>\n<p>En d\u00e9but de rencontre, <b><a href=\"https:\/\/www.flashscore.fr\/joueur\/zverev-alexander\/dGbUhw9m\/\" data-analytics-element=\"ARTICLE_TEXT_LINK\" data-analytics-alias=\"internal\" rel=\"nofollow noopener\" target=\"_blank\">Alexander Zverev<\/a><\/b> et <b><a href=\"https:\/\/www.flashscore.fr\/joueur\/shelton-ben\/QNuG0Gzb\/\" data-analytics-element=\"ARTICLE_TEXT_LINK\" data-analytics-alias=\"internal\" rel=\"nofollow noopener\" target=\"_blank\">Ben Shelton<\/a><\/b> \u00e9taient \u00e0 \u00e9galit\u00e9 3-3 quand l&rsquo;Allemand a acc\u00e9l\u00e9r\u00e9 pour enlever le premier set 6-3.<\/p>\n<p>Le d\u00e9but de deuxi\u00e8me manche a \u00e9t\u00e9 extr\u00eamement accroch\u00e9 jusqu&rsquo;\u00e0 2-2 avant que les deux joueurs ne remportent ensuite ais\u00e9ment leurs services respectifs.<\/p>\n<p>Dans le jeu d\u00e9cisif, Shelton a sembl\u00e9 prendre les choses en mains, menant 4-0 et obtenant ensuite trois balles de set (6-3). Mais l&rsquo;Am\u00e9ricain a commis plusieurs fautes directes qui ont permis \u00e0 Zverev de revenir. Un peu timide quand il a eu l&rsquo;occasion d&#8217;empocher la deuxi\u00e8me manche, Shelton a finalement craqu\u00e9, battu en 1h33.<\/p>\n<p><b>\u00ab\u00a0Avec son service c&rsquo;est lui qui a le sort du point entre ses mains, mais j&rsquo;ai su \u00eatre patient, j&rsquo;ai fait ce qu&rsquo;il fallait pour avoir le contr\u00f4le et je suis tr\u00e8s heureux de m&rsquo;en sortir\u00a0\u00bb<\/b>, a d\u00e9clar\u00e9 Zverev apr\u00e8s son come-back dans le tie-break.<\/p>\n<p>Dans ce groupe, Zverev et Shelton affronteront aussi le n&rsquo;1 mondial italien <b><a href=\"https:\/\/www.flashscore.fr\/joueur\/sinner-jannik\/6HdC3z4H\/\" data-analytics-element=\"ARTICLE_TEXT_LINK\" data-analytics-alias=\"internal\" rel=\"nofollow noopener\" target=\"_blank\">Jannik Sinner<\/a><\/b> et le Canadien <b><a href=\"https:\/\/www.flashscore.fr\/joueur\/auger-aliassime-felix\/CzXh4LAb\/\" data-analytics-element=\"ARTICLE_TEXT_LINK\" data-analytics-alias=\"internal\" rel=\"nofollow noopener\" target=\"_blank\">F\u00e9lix Auger-Aliassime<\/a><\/b> (n\u00ba8).<\/p>\n","protected":false},"excerpt":{"rendered":"Num\u00e9ro 3 mondial, Alexander Zverev a fait respecter la logique contre Ben Shelton, 6e : 6-3, 7-6 (6).&hellip;\n","protected":false},"author":2,"featured_media":525365,"comment_status":"","ping_status":"","sticky":false,"template":"","format":"standard","meta":{"footnotes":""},"categories":[1415],"tags":[1011,27,60,1467],"class_list":{"0":"post-525364","1":"post","2":"type-post","3":"status-publish","4":"format-standard","5":"has-post-thumbnail","7":"category-tennis","8":"tag-fr","9":"tag-france","10":"tag-sports","11":"tag-tennis"},"share_on_mastodon":{"url":"https:\/\/pubeurope.com\/@fr\/115526609349200111","error":""},"_links":{"self":[{"href":"https:\/\/www.europesays.com\/fr\/wp-json\/wp\/v2\/posts\/525364","targetHints":{"allow":["GET"]}}],"collection":[{"href":"https:\/\/www.europesays.com\/fr\/wp-json\/wp\/v2\/posts"}],"about":[{"href":"https:\/\/www.europesays.com\/fr\/wp-json\/wp\/v2\/types\/post"}],"author":[{"embeddable":true,"href":"https:\/\/www.europesays.com\/fr\/wp-json\/wp\/v2\/users\/2"}],"replies":[{"embeddable":true,"href":"https:\/\/www.europesays.com\/fr\/wp-json\/wp\/v2\/comments?post=525364"}],"version-history":[{"count":0,"href":"https:\/\/www.europesays.com\/fr\/wp-json\/wp\/v2\/posts\/525364\/revisions"}],"wp:featuredmedia":[{"embeddable":true,"href":"https:\/\/www.europesays.com\/fr\/wp-json\/wp\/v2\/media\/525365"}],"wp:attachment":[{"href":"https:\/\/www.europesays.com\/fr\/wp-json\/wp\/v2\/media?parent=525364"}],"wp:term":[{"taxonomy":"category","embeddable":true,"href":"https:\/\/www.europesays.com\/fr\/wp-json\/wp\/v2\/categories?post=525364"},{"taxonomy":"post_tag","embeddable":true,"href":"https:\/\/www.europesays.com\/fr\/wp-json\/wp\/v2\/tags?post=525364"}],"curies":[{"name":"wp","href":"https:\/\/api.w.org\/{rel}","templated":true}]}}