{"id":525372,"date":"2025-11-10T17:41:17","date_gmt":"2025-11-10T17:41:17","guid":{"rendered":"https:\/\/www.europesays.com\/fr\/525372\/"},"modified":"2025-11-10T17:41:17","modified_gmt":"2025-11-10T17:41:17","slug":"je-ne-peux-pas-croire-que-cette-architecture-socialiste-soit-le-resultat-final-sports-infos-ski","status":"publish","type":"post","link":"https:\/\/www.europesays.com\/fr\/525372\/","title":{"rendered":"\u00ab\u00a0Je ne peux pas croire que cette architecture socialiste soit le r\u00e9sultat final\u00a0\u00bb &#8211; Sports Infos &#8211; Ski"},"content":{"rendered":"<p>\u00c0 moins de trois mois du coup d&rsquo;envoi des JO, les sites d&rsquo;accueil sont en \u00e9bullition, \u00e0 l&rsquo;image du village olympique de Milan.<\/p>\n<p>Con\u00e7u par le cabinet am\u00e9ricain Skidmore, Owings &amp; Merrill et pr\u00e9sent\u00e9 en 2021, ce\u00a0village\u00a0ambitionne de s&rsquo;int\u00e9grer harmonieusement au nouveau visage du quartier Scalo Romana, en pleine m\u00e9tamorphose.<\/p>\n<p>Le projet, \u00e9valu\u00e9 \u00e0 330 millions d&rsquo;euros pour la partie olympique, pr\u00e9voit 200 millions suppl\u00e9mentaires apr\u00e8s les Jeux pour le transformer en logements \u00e9tudiants et sociaux.<\/p>\n<p>Pourtant, l&rsquo;enthousiasme officiel laisse place \u00e0 une vague de critiques acerbes en Italie. Les Milanais, fiers de leur r\u00e9putation de capitale du design, ne dig\u00e8rent pas l&rsquo;apparence des b\u00e2timents.<\/p>\n<p>Gris, monotones, align\u00e9s en parall\u00e9l\u00e9pip\u00e8des sans \u00e2me, ils \u00e9voquent aux yeux de beaucoup l&rsquo;architecture sovi\u00e9tique.<\/p>\n<p>\u00ab Ce village ressemble \u00e0 Tchernobyl \u00bb, s&rsquo;indigne la journaliste et pr\u00e9sentatrice t\u00e9l\u00e9 Selvaggia Lucarelli.<\/p>\n<p>\u00ab Un quartier construit par un architecte misanthrope qui veut que les athl\u00e8tes r\u00eavent de perdre rapidement pour\u00a0rentrer chez eux. C&rsquo;est une abomination. \u00bb<\/p>\n<p>Pierfrancesco Maiorino, chef du Parti d\u00e9mocrate en Lombardie, abonde dans le m\u00eame sens :<\/p>\n<p>\u00ab Ce que nous voyons aujourd&rsquo;hui est bien loin de ce qui nous a \u00e9t\u00e9 pr\u00e9sent\u00e9 lors des pr\u00e9c\u00e9dentes r\u00e9unions.<\/p>\n<p>Je ne peux pas croire que cette architecture socialiste soit le r\u00e9sultat final. \u00bb<\/p>\n<p>Un post de l&rsquo;agence d&rsquo;architecture italienne Rivolta, devenu viral, r\u00e9sume le d\u00e9sarroi collectif :<\/p>\n<p>\u00ab Partout dans le monde, les Jeux olympiques sont l\u2019occasion de laisser un h\u00e9ritage architectural prestigieux.<\/p>\n<p>Et puis il y a Milan, la capitale autoproclam\u00e9e du design, qui, pour l&rsquo;occasion, a d\u00e9cid\u00e9 de construire un village olympique qui semble tout droit sorti d\u2019un manuel de logements sociaux sovi\u00e9tiques. \u00bb<\/p>\n<p>L&rsquo;agence poursuit sans m\u00e9nagement : \u00ab Un ensemble de parall\u00e9l\u00e9pip\u00e8des sans \u00e2me dont le seul m\u00e9rite est de nous rappeler que la laideur est un choix d\u00e9lib\u00e9r\u00e9, un choix d&rsquo;appauvrissement humain et de mesquinerie administrative.<\/p>\n<p>Milan, ville o\u00f9 il fait bon vivre, ne se con\u00e7oit plus, elle se contente de s&rsquo;assembler. Des quartiers impersonnels, des fen\u00eatres dispos\u00e9es avec une r\u00e9gularit\u00e9 carc\u00e9rale , un v\u00e9ritable dortoir d&rsquo;entreprise de l&rsquo;\u00e8re Brejnev. \u00bb<\/p>\n<p><img decoding=\"async\" alt=\"village olympique milan.jpg\" responsive=\"\" src=\"https:\/\/www.europesays.com\/fr\/wp-content\/uploads\/2025\/11\/village+olympique+milan.jpg\" style=\"max-width: 100%; height: auto;\"\/><\/p>\n<p><strong>La r\u00e9gion se d\u00e9fend<\/strong><\/p>\n<p>Au-del\u00e0 de l&rsquo;esth\u00e9tique, c&rsquo;est aussi le mod\u00e8le \u00e9conomique post-olympique qui fait grincer des dents.<\/p>\n<p>Les chambres \u00e9tudiantes les moins ch\u00e8res sont annonc\u00e9es \u00e0 420 euros par mois, hors charges, un tarif dans la fourchette haute pour Milan, loin d&rsquo;\u00eatre accessible \u00e0 tous.<\/p>\n<p>Les appartements restants seront vendus comme logements sociaux pour les familles en difficult\u00e9, mais leurs prix n&rsquo;ont pas encore \u00e9t\u00e9 d\u00e9voil\u00e9s, alimentant le scepticisme.<\/p>\n<p>Le projet a par ailleurs d\u00e9j\u00e0 d\u00e9pass\u00e9 son budget initial de 40 millions d&rsquo;euros, une d\u00e9rive justifi\u00e9e par les autorit\u00e9s par la hausse du co\u00fbt des mat\u00e9riaux.<\/p>\n<p>Face \u00e0 ce toll\u00e9, le pr\u00e9sident de la r\u00e9gion Lombardie, Attilio Fontana, garde le cap et d\u00e9fend une vision optimiste :<\/p>\n<p>\u00ab Ce sera un formidable h\u00e9ritage des Jeux olympiques et cela profitera \u00e0 toute la communaut\u00e9. <\/p>\n<p>Les \u00e9tudiants, notamment ceux qui b\u00e9n\u00e9ficient d\u2019un logement social, en b\u00e9n\u00e9ficieront grandement. Je pense que c\u2019est un exemple parfait de la mani\u00e8re d\u2019organiser un \u00e9v\u00e9nement majeur. \u00bb<\/p>\n<p>Reste \u00e0 savoir si cet \u00ab exemple parfait \u00bb saura convaincre au-del\u00e0 des discours.<\/p>\n<p><strong>Le savais-tu ?<\/strong><br \/>&#13;<br \/>\nApr\u00e8s les Jeux, le village olympique de Milan accueillera plus de 1 700 \u00e9tudiants. Le projet s\u2019inscrit dans une strat\u00e9gie de r\u00e9am\u00e9nagement durable du quartier Scalo Romana, un ancien site ferroviaire r\u00e9habilit\u00e9.<\/p>\n<p><a href=\"https:\/\/action.metaffiliation.com\/trk.php?mclic=P5132774851A1D19\" target=\"_blank\" rel=\"sponsored noopener noreferrer\"><img decoding=\"async\" src=\"https:\/\/www.europesays.com\/fr\/wp-content\/uploads\/2025\/11\/trk\" alt=\"Banni\u00e8re Metaffiliation\" style=\"max-width:100%; height:auto; border:0;\"\/><\/a><\/p>\n","protected":false},"excerpt":{"rendered":"\u00c0 moins de trois mois du coup d&rsquo;envoi des JO, les sites d&rsquo;accueil sont en \u00e9bullition, \u00e0 l&rsquo;image&hellip;\n","protected":false},"author":2,"featured_media":525373,"comment_status":"","ping_status":"","sticky":false,"template":"","format":"standard","meta":{"footnotes":""},"categories":[1358],"tags":[1348,1384,1385,26056,64510,6408,64509,28112,1446,1386,58,45290,59,64511,1011,27,64508,37323,3133,8628,32699,14922,6456,4824],"class_list":{"0":"post-525372","1":"post","2":"type-post","3":"status-publish","4":"format-standard","5":"has-post-thumbnail","7":"category-arts-et-design","8":"tag-arts","9":"tag-arts-and-design","10":"tag-arts-et-design","11":"tag-beaucoup","12":"tag-brejnev","13":"tag-certains","14":"tag-comparent","15":"tag-critiques","16":"tag-dans","17":"tag-design","18":"tag-divertissement","19":"tag-dortoirs","20":"tag-entertainment","21":"tag-evoquent","22":"tag-fr","23":"tag-france","24":"tag-fusent","25":"tag-lere","26":"tag-meme","27":"tag-milan","28":"tag-olympique","29":"tag-tchernobyl","30":"tag-village","31":"tag-ville"},"share_on_mastodon":{"url":"https:\/\/pubeurope.com\/@fr\/115526637628351773","error":""},"_links":{"self":[{"href":"https:\/\/www.europesays.com\/fr\/wp-json\/wp\/v2\/posts\/525372","targetHints":{"allow":["GET"]}}],"collection":[{"href":"https:\/\/www.europesays.com\/fr\/wp-json\/wp\/v2\/posts"}],"about":[{"href":"https:\/\/www.europesays.com\/fr\/wp-json\/wp\/v2\/types\/post"}],"author":[{"embeddable":true,"href":"https:\/\/www.europesays.com\/fr\/wp-json\/wp\/v2\/users\/2"}],"replies":[{"embeddable":true,"href":"https:\/\/www.europesays.com\/fr\/wp-json\/wp\/v2\/comments?post=525372"}],"version-history":[{"count":0,"href":"https:\/\/www.europesays.com\/fr\/wp-json\/wp\/v2\/posts\/525372\/revisions"}],"wp:featuredmedia":[{"embeddable":true,"href":"https:\/\/www.europesays.com\/fr\/wp-json\/wp\/v2\/media\/525373"}],"wp:attachment":[{"href":"https:\/\/www.europesays.com\/fr\/wp-json\/wp\/v2\/media?parent=525372"}],"wp:term":[{"taxonomy":"category","embeddable":true,"href":"https:\/\/www.europesays.com\/fr\/wp-json\/wp\/v2\/categories?post=525372"},{"taxonomy":"post_tag","embeddable":true,"href":"https:\/\/www.europesays.com\/fr\/wp-json\/wp\/v2\/tags?post=525372"}],"curies":[{"name":"wp","href":"https:\/\/api.w.org\/{rel}","templated":true}]}}