{"id":525378,"date":"2025-11-10T17:45:17","date_gmt":"2025-11-10T17:45:17","guid":{"rendered":"https:\/\/www.europesays.com\/fr\/525378\/"},"modified":"2025-11-10T17:45:17","modified_gmt":"2025-11-10T17:45:17","slug":"apres-les-indestructibles-2-brad-bird-revient-sur-netflix-avec-un-enorme-film-de-science-fiction","status":"publish","type":"post","link":"https:\/\/www.europesays.com\/fr\/525378\/","title":{"rendered":"Apr\u00e8s Les Indestructibles 2, Brad Bird revient sur Netflix avec un \u00e9norme film de science-fiction"},"content":{"rendered":"<p><strong>\u00c0 d\u00e9faut de r\u00e9aliser <a href=\"https:\/\/www.ecranlarge.com\/films\/les-indestructibles-3\" data-type=\"films\" data-id=\"1203929\" rel=\"nofollow noopener\" target=\"_blank\">Les Indestructibles 3<\/a>, <a href=\"https:\/\/www.ecranlarge.com\/personnalite\/656266-brad-bird\" data-type=\"people\" data-id=\"269437\" rel=\"nofollow noopener\" target=\"_blank\">Brad Bird<\/a> va enfin enfin faire son \u00e9norme film de SF et d\u2019aliens, gr\u00e2ce \u00e0 <a href=\"https:\/\/www.ecranlarge.com\/personnalite\/1096231-netflix\" data-type=\"people\" data-id=\"504445\" rel=\"nofollow noopener\" target=\"_blank\">Netflix<\/a>.<\/strong><\/p>\n<p>En ao\u00fbt 2024, Pixar a confirm\u00e9 la mise en chantier des <strong>Indestructibles 3<\/strong>, histoire d\u2019essorer une autre de ses marques embl\u00e9matiques apr\u00e8s le m\u00e9ga-carton de <strong>Vice Versa 2<\/strong> au box-office. Plus surprenant toutefois : ce troisi\u00e8me film, attendu pour 2028, sera r\u00e9alis\u00e9 par <a href=\"https:\/\/www.ecranlarge.com\/personnalite\/695722-peter-sohn\" data-type=\"people\" data-id=\"343866\" rel=\"nofollow noopener\" target=\"_blank\">Peter Sohn<\/a> (\u00c9<strong>l\u00e9mentaire<\/strong>, <strong>Le Voyage d\u2019Arlo<\/strong>) et non Brad Bird, le metteur en sc\u00e8ne des deux pr\u00e9c\u00e9dents volets et du court-m\u00e9trage <strong>Baby-Sitting Jack-Jack<\/strong>.<\/p>\n<p>                    <img decoding=\"async\" alt=\"\" class=\"wp-image-518375\" style=\"object-fit:cover;width:25px;height:25px\" src=\"https:\/\/www.ecranlarge.com\/content\/uploads\/2023\/09\/arrow-right-circle.svg\"\/><\/p>\n<p>Le r\u00e9alisateur, \u00e0 qui l\u2019on doit aussi <strong>Ratatouille<\/strong>, <strong>Le G\u00e9ant de fer<\/strong> et <strong>Mission : Impossible 4<\/strong>, n\u2019a pas fait de retour au cin\u00e9ma depuis <strong>Les Indestructibles 2<\/strong> en 2018. Et il ne le fera pas d\u2019ici un moment, puisque son prochain long-m\u00e9trage, baptis\u00e9 <strong>Ray Gunn<\/strong>, n\u2019aura rien \u00e0 voir avec Pixar et sortira directement sur Netflix. On a r\u00e9cemment eu plus de nouvelles sur cet ambitieux projet que le r\u00e9alisateur va ENFIN concr\u00e9tiser.<\/p>\n<p><a href=\"https:\/\/www.ecranlarge.com\/content\/uploads\/2025\/08\/il-ne-peut-plus-rien-nous-arriver-daffreux-maintenant.jpeg\" rel=\"nofollow noopener\" target=\"_blank\"><\/p>\n<p><img loading=\"lazy\" decoding=\"async\" alt=\"Les Indestructibles - La famille sur la plage\" src=\"https:\/\/www.europesays.com\/fr\/wp-content\/uploads\/2025\/11\/il-ne-peut-plus-rien-nous-arriver-daffreux-maintenant-1260x540.jpeg\" width=\"1260\" height=\"540\"  \/><\/p>\n<p><\/a>Merci Netflix, donc\u2026ALIENS, LE RETOUR DE BRAD BIRD<\/p>\n<p>\u00c0 l\u2019origine, <strong>Ray Gunn<\/strong> devait \u00eatre produit par Turner Feature Animation\u00a0dans les ann\u00e9es 1990, avant le rachat de WarnerMedia. Le cin\u00e9aste s\u2019est ensuite consacr\u00e9 au<strong> G\u00e9ant de fer <\/strong>pour Warner Bros. Animation et le projet a \u00e9t\u00e9 abandonn\u00e9 durant des d\u00e9cennies. Mais il a finalement trouv\u00e9 preneur du c\u00f4t\u00e9 de Skydance et de Netflix, qui a financ\u00e9 le film \u00e0 hauteur de 150 millions de dollars, lui permettant ainsi de d\u00e9passer le stade de d\u00e9veloppement. Le pari semble particuli\u00e8rement risqu\u00e9, puisque <strong>Ray Gunn<\/strong> est a priori loin du gentil divertissement familial \u00e0 la Pixar.<\/p>\n<p>Il s\u2019agira d\u2019un film d\u2019animation en 3D entre le polar n\u00e9o-noir et la science-fiction, destin\u00e9 \u00e0 un public plus mature. L\u2019histoire, co\u00e9crite avec <a href=\"https:\/\/www.ecranlarge.com\/personnalite\/660383-matthew-robbins\" data-type=\"people\" data-id=\"311785\" rel=\"nofollow noopener\" target=\"_blank\">Matthew Robbins<\/a>, suit le dernier d\u00e9tective priv\u00e9 humain dans un monde futuriste o\u00f9 les hommes cohabitent avec les extraterrestres. Celui-ci est engag\u00e9 pour enqu\u00eater sur la possible infid\u00e9lit\u00e9 d\u2019une c\u00e9l\u00e8bre pop-star. On imagine que cette enqu\u00eate prendra une tournure inattendue, m\u00eame si aucun autre \u00e9l\u00e9ment du sc\u00e9nario n\u2019a encore \u00e9t\u00e9 d\u00e9voil\u00e9.<\/p>\n<p><a href=\"https:\/\/www.ecranlarge.com\/content\/uploads\/2024\/06\/les-indestructibles-2.jpg\" rel=\"nofollow noopener\" target=\"_blank\"><\/p>\n<p><img loading=\"lazy\" decoding=\"async\" alt=\"\" src=\"https:\/\/www.europesays.com\/fr\/wp-content\/uploads\/2025\/11\/les-indestructibles-2-630x354.jpg\" width=\"630\" height=\"354\"  \/><\/p>\n<p><\/a>Brad Bird va accoucher de son b\u00e9b\u00e9<\/p>\n<p>D\u2019apr\u00e8s World of Reel, une projection test de<strong> Ray Gunn<\/strong> aurait r\u00e9cemment eu lieu, en pr\u00e9sence de Brad Bird. D\u2019apr\u00e8s les sources du m\u00e9dia, les premiers retours seraient ainsi positifs, et le montage serait termin\u00e9 \u00e0 80%. Cette information co\u00efncide ainsi avec les r\u00e9centes d\u00e9clarations dans The Hollywood Reporter de Carolina Borreguero Sanz, la vice-pr\u00e9sidente des finances et des op\u00e9rations\u00a0de Skydance Animation\u00a0Madrid, qui disait sans le nommer que <strong>le film de Brad Bird sortira sur Netflix courant 2026<\/strong>.<\/p>\n<p>                    <img decoding=\"async\" alt=\"\" class=\"wp-image-518375\" style=\"object-fit:cover;width:25px;height:25px\" src=\"https:\/\/www.ecranlarge.com\/content\/uploads\/2023\/09\/arrow-right-circle.svg\"\/><\/p>\n<p>Peut-\u00eatre qu\u2019apr\u00e8s \u00e7a, le cin\u00e9aste se penchera sur un autre projet de longue date : le film catastrophe <strong>1906<\/strong>, un film d\u2019envergure cens\u00e9 revenir sur le tremblement de terre survenu \u00e0 San Francisco au d\u00e9but du 20e si\u00e8cle. Brad Bird y \u00e9tait attach\u00e9 dans les ann\u00e9es 2000, de m\u00eame que Disney, la Warner et\u2026 Pixar, ce qui aurait ainsi pu marquer les d\u00e9buts du studio \u00e0 la lampe en prise de vues r\u00e9elles.<\/p>\n","protected":false},"excerpt":{"rendered":"\u00c0 d\u00e9faut de r\u00e9aliser Les Indestructibles 3, Brad Bird va enfin enfin faire son \u00e9norme film de SF&hellip;\n","protected":false},"author":2,"featured_media":525379,"comment_status":"","ping_status":"","sticky":false,"template":"","format":"standard","meta":{"footnotes":""},"categories":[1354],"tags":[58,59,1346,1011,27,1360],"class_list":{"0":"post-525378","1":"post","2":"type-post","3":"status-publish","4":"format-standard","5":"has-post-thumbnail","7":"category-films","8":"tag-divertissement","9":"tag-entertainment","10":"tag-films","11":"tag-fr","12":"tag-france","13":"tag-movies"},"share_on_mastodon":{"url":"https:\/\/pubeurope.com\/@fr\/115526653357673692","error":""},"_links":{"self":[{"href":"https:\/\/www.europesays.com\/fr\/wp-json\/wp\/v2\/posts\/525378","targetHints":{"allow":["GET"]}}],"collection":[{"href":"https:\/\/www.europesays.com\/fr\/wp-json\/wp\/v2\/posts"}],"about":[{"href":"https:\/\/www.europesays.com\/fr\/wp-json\/wp\/v2\/types\/post"}],"author":[{"embeddable":true,"href":"https:\/\/www.europesays.com\/fr\/wp-json\/wp\/v2\/users\/2"}],"replies":[{"embeddable":true,"href":"https:\/\/www.europesays.com\/fr\/wp-json\/wp\/v2\/comments?post=525378"}],"version-history":[{"count":0,"href":"https:\/\/www.europesays.com\/fr\/wp-json\/wp\/v2\/posts\/525378\/revisions"}],"wp:featuredmedia":[{"embeddable":true,"href":"https:\/\/www.europesays.com\/fr\/wp-json\/wp\/v2\/media\/525379"}],"wp:attachment":[{"href":"https:\/\/www.europesays.com\/fr\/wp-json\/wp\/v2\/media?parent=525378"}],"wp:term":[{"taxonomy":"category","embeddable":true,"href":"https:\/\/www.europesays.com\/fr\/wp-json\/wp\/v2\/categories?post=525378"},{"taxonomy":"post_tag","embeddable":true,"href":"https:\/\/www.europesays.com\/fr\/wp-json\/wp\/v2\/tags?post=525378"}],"curies":[{"name":"wp","href":"https:\/\/api.w.org\/{rel}","templated":true}]}}