{"id":525380,"date":"2025-11-10T17:46:10","date_gmt":"2025-11-10T17:46:10","guid":{"rendered":"https:\/\/www.europesays.com\/fr\/525380\/"},"modified":"2025-11-10T17:46:10","modified_gmt":"2025-11-10T17:46:10","slug":"un-petage-de-plombs-agace-par-le-bruit-le-voisin-irascible-tire-a-la-carabine-et-blesse-une-ado-a-levallois","status":"publish","type":"post","link":"https:\/\/www.europesays.com\/fr\/525380\/","title":{"rendered":"\u00ab\u00a0Un p\u00e9tage de plombs\u00a0\u00bb\u00a0: agac\u00e9 par le bruit, le voisin irascible tire \u00e0 la carabine et blesse une ado \u00e0 Levallois"},"content":{"rendered":"<p class=\"paragraph text_align_left lp-f-body-02\">La d\u00e9tonation fut si forte que les gamins ont cru \u00e0 \u00ab un attentat \u00bb. Il s\u2019agissait seulement du coup de sang d\u2019un voisin irascible. Dans la nuit du 4 octobre, trois adolescents bavardent devant l\u2019entr\u00e9e du parking de leur r\u00e9sidence, un petit immeuble paisible situ\u00e9 dans l\u2019impasse Gravel \u00e0 <a href=\"https:\/\/www.leparisien.fr\/hauts-de-seine-92\/levallois-perret-92300\/\" target=\"_blank\" rel=\"noreferrer noopener\">Levallois-Perret<\/a>, en lisi\u00e8re de Clichy. Ici, tout le monde se conna\u00eet, l\u2019ambiance de l\u2019immeuble est plut\u00f4t sereine.<\/p>\n<p class=\"paragraph text_align_left lp-f-body-02\">Sauf quand cet habitant du rez-de-chauss\u00e9e sort de ses gonds. La situation de son logement fait qu\u2019il entend la porte du b\u00e2timent s\u2019ouvrir, les gens discuter dans le hall. C\u2019est pire quand les uns ou les autres re\u00e7oivent des amis, surtout si ce sont de jeunes gens qui font un peu la f\u00eate, fen\u00eatres ouvertes. Et ce 4 octobre, on a fr\u00f4l\u00e9 la catastrophe.<\/p>\n","protected":false},"excerpt":{"rendered":"La d\u00e9tonation fut si forte que les gamins ont cru \u00e0 \u00ab un attentat \u00bb. Il s\u2019agissait seulement&hellip;\n","protected":false},"author":2,"featured_media":525381,"comment_status":"","ping_status":"","sticky":false,"template":"","format":"standard","meta":{"footnotes":""},"categories":[10],"tags":[118,1011,27,3314,72,1944,71],"class_list":{"0":"post-525380","1":"post","2":"type-post","3":"status-publish","4":"format-standard","5":"has-post-thumbnail","7":"category-sante","8":"tag-faits-divers","9":"tag-fr","10":"tag-france","11":"tag-hauts-de-seine","12":"tag-health","13":"tag-ma-ville","14":"tag-sante"},"share_on_mastodon":{"url":"https:\/\/pubeurope.com\/@fr\/115526656583432253","error":""},"_links":{"self":[{"href":"https:\/\/www.europesays.com\/fr\/wp-json\/wp\/v2\/posts\/525380","targetHints":{"allow":["GET"]}}],"collection":[{"href":"https:\/\/www.europesays.com\/fr\/wp-json\/wp\/v2\/posts"}],"about":[{"href":"https:\/\/www.europesays.com\/fr\/wp-json\/wp\/v2\/types\/post"}],"author":[{"embeddable":true,"href":"https:\/\/www.europesays.com\/fr\/wp-json\/wp\/v2\/users\/2"}],"replies":[{"embeddable":true,"href":"https:\/\/www.europesays.com\/fr\/wp-json\/wp\/v2\/comments?post=525380"}],"version-history":[{"count":0,"href":"https:\/\/www.europesays.com\/fr\/wp-json\/wp\/v2\/posts\/525380\/revisions"}],"wp:featuredmedia":[{"embeddable":true,"href":"https:\/\/www.europesays.com\/fr\/wp-json\/wp\/v2\/media\/525381"}],"wp:attachment":[{"href":"https:\/\/www.europesays.com\/fr\/wp-json\/wp\/v2\/media?parent=525380"}],"wp:term":[{"taxonomy":"category","embeddable":true,"href":"https:\/\/www.europesays.com\/fr\/wp-json\/wp\/v2\/categories?post=525380"},{"taxonomy":"post_tag","embeddable":true,"href":"https:\/\/www.europesays.com\/fr\/wp-json\/wp\/v2\/tags?post=525380"}],"curies":[{"name":"wp","href":"https:\/\/api.w.org\/{rel}","templated":true}]}}