{"id":525382,"date":"2025-11-10T17:47:10","date_gmt":"2025-11-10T17:47:10","guid":{"rendered":"https:\/\/www.europesays.com\/fr\/525382\/"},"modified":"2025-11-10T17:47:10","modified_gmt":"2025-11-10T17:47:10","slug":"la-suite-de-la-tournee-dautomne-a-t-elle-encore-un-interet","status":"publish","type":"post","link":"https:\/\/www.europesays.com\/fr\/525382\/","title":{"rendered":"la suite de la tourn\u00e9e d\u2019automne a-t-elle encore un int\u00e9r\u00eat\u00a0?"},"content":{"rendered":"<p>\n    <strong>D\u00c9BAT <\/strong>&#8211; Apr\u00e8s leur lourde d\u00e9faite d\u2019entr\u00e9e face aux champions du monde sud-africains, les Bleus n\u2019ont plus le droit \u00e0 l\u2019erreur. Mais la suite, face aux Fidji et \u00e0 l\u2019Australie a-t-elle encore vraiment un int\u00e9r\u00eat que simplement comptable\u00a0?<\/p>\n<p>OUI \u2013 Statut \u00e0 assumer, jeunes \u00e0 lancer, t\u00eate de s\u00e9rie \u00e0 assurer\u2026 il y a encore des enjeux<\/p>\n<p class=\"fig-paragraph\">Certes, la pilule est dure \u00e0 avaler pour ces\u00a0<a href=\"http:\/\/www.lefigaro.fr\/sports\/rugby\/xv-de-france\/cauchemar-pour-le-xv-de-france-encore-battu-par-l-afrique-du-sud-20251108\" data-fig-type=\"NewsFlash\" data-gtm-custom-categorie=\"navigation\" data-gtm-custom-action=\"crossclick\" data-gtm-custom-label=\"Contextuel\" data-gtm-event=\"customEventSPE\" data-fig-domain=\"LEFIGARO\" target=\"_blank\" rel=\"noopener\">Bleus \u00e0 nouveau domin\u00e9s par les Springboks<\/a>\u00a0(17-32). Mais<a href=\"http:\/\/www.lefigaro.fr\/sports\/rugby\/xv-de-france\/fabien-galthie-on-va-voir-comment-on-digere-cet-echec-20251109\" data-fig-type=\"NewsFlash\" data-gtm-custom-categorie=\"navigation\" data-gtm-custom-action=\"crossclick\" data-gtm-custom-label=\"Contextuel\" data-gtm-event=\"customEventSPE\" data-fig-domain=\"LEFIGARO\" target=\"_blank\" rel=\"noopener\">\u00a0Fabien Galthi\u00e9 et sa troupe<\/a>\u00a0ont toujours un statut \u00e0 assumer face aux Fidji et \u00e0 l\u2019Australie, celui de meilleure \u00e9quipe europ\u00e9enne apr\u00e8s avoir remport\u00e9 le dernier Tournoi des six nations. Il va vite falloir se relever, \u00ab\u00a0se remettre \u00e0 bosser\u00a0\u00bb comme le mart\u00e8le\u00a0<a href=\"http:\/\/www.lefigaro.fr\/sports\/rugby\/top-14\/top-14-julien-marchand-de-retour-avec-toulouse-contre-pau-20251014\" data-fig-type=\"NewsFlash\" data-gtm-custom-categorie=\"navigation\" data-gtm-custom-action=\"crossclick\" data-gtm-custom-label=\"Contextuel\" data-gtm-event=\"customEventSPE\" data-fig-domain=\"LEFIGARO\" target=\"_blank\" rel=\"noopener\">Julien Marchand<\/a>, pour finir l\u2019ann\u00e9e en beaut\u00e9 face \u00e0 des \u00e9quipes moins bien plac\u00e9es au classement mondial. Et retrouver des couleurs, de l\u2019allant, pour continuer \u00e0 enflammer le public fran\u00e7ais, toujours aussi fervent.<\/p>\n<p class=\"fig-paragraph\">Les deux derniers matchs de la tourn\u00e9e offrent \u00e9galement \u00e0 Galthi\u00e9 et ses adjoints la possibilit\u00e9 de tenter des coups, de lancer des joueurs qui sont habituellement mis de c\u00f4t\u00e9. Oubli\u00e9s, d\u00e9plorent certains. On pense ainsi \u00e0 la paire de centres compos\u00e9e de Nicolas Depoort\u00e8re et \u00c9milien Gailleton, deux joueurs qui brillent en Top 14 et qui repr\u00e9sentent l\u2019avenir. Ou encore l\u2019ailier breton du RC Toulon, Ga\u00ebl Dr\u00e9an, qui\u2026<\/p>\n<p class=\"fig-premium-paywall__infos\">\n        Cet article est r\u00e9serv\u00e9 aux abonn\u00e9s.        Il vous reste 83% \u00e0 d\u00e9couvrir.\n    <\/p>\n<p>                <img  data- alt=\"Le Figaro\" class=\"fig-img--complete fig-img\"\/><\/p>\n<p class=\"fig-premium-paywall__title\">Black Friday<\/p>\n<p class=\"fig-premium-paywall__subtitle\">-70% sur l&rsquo;abonnement num\u00e9rique<\/p>\n<p class=\"fig-premium-paywall__connect\">\n                D\u00e9j\u00e0 abonn\u00e9\u00a0?                <a class=\"fig-premium-paywall__connect-link\" href=\"https:\/\/connect.lefigaro.fr\/login?client=horizon_web&amp;type=main&amp;redirect_uri=https%3A%2F%2Fwww.lefigaro.fr%2Fsports%2Frugby%2Fxv-de-france%2Fxv-de-france-la-suite-de-la-tournee-d-automne-a-t-elle-encore-un-interet-20251110\" data-js-gtm=\"{&quot;customCategorie&quot;: &quot;conversion&quot;, &quot;customAction&quot;: &quot;before_Landing_Connexion_paywall_auto&quot;, &quot;customLabel&quot;: &quot;bGVmaWdhcm8uZnJfXzFmMGJkOGI5LTA5ZjQtNmQyNC04NDFjLTk1ODQ1YTdiNTMyZl9fTmV3c0ZsYXNo_XV de France\u00a0: la suite de la tourn\u00e9e d\u2019automne a-t-elle encore un int\u00e9r\u00eat\u00a0?_415&quot;, &quot;customIDSPE&quot;: &quot;bGVmaWdhcm8uZnJfXzFmMGJkOGI5LTA5ZjQtNmQyNC04NDFjLTk1ODQ1YTdiNTMyZl9fTmV3c0ZsYXNo&quot;, &quot;event&quot;: &quot;customEventSPE&quot;}\" target=\"_blank\" rel=\"noopener\"><br \/>\n                    Connectez-vous<br \/>\n                <\/a>\n            <\/p>\n","protected":false},"excerpt":{"rendered":"D\u00c9BAT &#8211; Apr\u00e8s leur lourde d\u00e9faite d\u2019entr\u00e9e face aux champions du monde sud-africains, les Bleus n\u2019ont plus le&hellip;\n","protected":false},"author":2,"featured_media":525383,"comment_status":"","ping_status":"","sticky":false,"template":"","format":"standard","meta":{"footnotes":""},"categories":[9],"tags":[515,20024,1011,27,60,21067],"class_list":{"0":"post-525382","1":"post","2":"type-post","3":"status-publish","4":"format-standard","5":"has-post-thumbnail","7":"category-sports","8":"tag-fabien-galthie","9":"tag-fidji","10":"tag-fr","11":"tag-france","12":"tag-sports","13":"tag-springboks"},"share_on_mastodon":{"url":"https:\/\/pubeurope.com\/@fr\/115526660553146204","error":""},"_links":{"self":[{"href":"https:\/\/www.europesays.com\/fr\/wp-json\/wp\/v2\/posts\/525382","targetHints":{"allow":["GET"]}}],"collection":[{"href":"https:\/\/www.europesays.com\/fr\/wp-json\/wp\/v2\/posts"}],"about":[{"href":"https:\/\/www.europesays.com\/fr\/wp-json\/wp\/v2\/types\/post"}],"author":[{"embeddable":true,"href":"https:\/\/www.europesays.com\/fr\/wp-json\/wp\/v2\/users\/2"}],"replies":[{"embeddable":true,"href":"https:\/\/www.europesays.com\/fr\/wp-json\/wp\/v2\/comments?post=525382"}],"version-history":[{"count":0,"href":"https:\/\/www.europesays.com\/fr\/wp-json\/wp\/v2\/posts\/525382\/revisions"}],"wp:featuredmedia":[{"embeddable":true,"href":"https:\/\/www.europesays.com\/fr\/wp-json\/wp\/v2\/media\/525383"}],"wp:attachment":[{"href":"https:\/\/www.europesays.com\/fr\/wp-json\/wp\/v2\/media?parent=525382"}],"wp:term":[{"taxonomy":"category","embeddable":true,"href":"https:\/\/www.europesays.com\/fr\/wp-json\/wp\/v2\/categories?post=525382"},{"taxonomy":"post_tag","embeddable":true,"href":"https:\/\/www.europesays.com\/fr\/wp-json\/wp\/v2\/tags?post=525382"}],"curies":[{"name":"wp","href":"https:\/\/api.w.org\/{rel}","templated":true}]}}