{"id":525384,"date":"2025-11-10T17:48:11","date_gmt":"2025-11-10T17:48:11","guid":{"rendered":"https:\/\/www.europesays.com\/fr\/525384\/"},"modified":"2025-11-10T17:48:11","modified_gmt":"2025-11-10T17:48:11","slug":"les-4-infos-incontournables-de-la-r1-a-saint-cloud-ce-dimanche-9-novembre-equidia","status":"publish","type":"post","link":"https:\/\/www.europesays.com\/fr\/525384\/","title":{"rendered":"Les 4 infos incontournables de la R1 \u00e0 Saint-Cloud ce dimanche 9 novembre &#8211; Equidia"},"content":{"rendered":"<ol>\n<li><a href=\"https:\/\/news.google.com\/rss\/articles\/CBMiyAFBVV95cUxQSF8wakpIZkU1bHBpdzZEWEhpZWJuY0owSWxWVGpnM1F2eTM4bmRvX0RqdFcxLXlHWGVtQ0NmUEljWTY2WTlsQ2lpSHJzYUFrTHc1dTlib3BUTUltcFFaVThrWk9zWkpVem5TYmc2Y1E1V3B5TGdkN05SdS1oa25DV2FnTEcteVVpdnBNMXZVdGREZzJiZlRmOHk2TTY3cHVlTk5mWHo0dFdFOGNyblNXZl9US2E5SDR3UXg1alhQNkRJQ1c5YUpnMA?oc=5\" target=\"_blank\" rel=\"noopener\">Les 4 infos incontournables de la R1 \u00e0 Saint-Cloud ce dimanche 9 novembre<\/a>&nbsp;&nbsp;Equidia<\/li>\n<li><a href=\"https:\/\/news.google.com\/rss\/articles\/CBMi6wFBVV95cUxQeGtJdHJnWFNPMDd2ZmNqeDZrdjIzQ05IZnN2eVpaSkowRlVtVjVMV3hGb3g3SGNFOWN4c0dLS1hvWksyLVpmbG1iTWRFOE0zTjh3VFh6S0JzbWI2em5WeTJWWmVSZHotQWFWcU5Zc3hzLXZlWkx0V0pWRUNLNmphc2tmMnRvU25YZW95eWV4QXBaS0x2a3E4SXdCRUoyaGczSGRPTk9Ic0t3aU5IcC1PaUxEdE1ldDZDWnpoS1NlUWowSmJ0VG9WaVhCNW9KY1Y5Q0RWQ2toVF9UQzFFRE5MeFFWRDZLZUZjMkhz?oc=5\" target=\"_blank\" rel=\"noopener\">dimanche 9 novembre Quint\u00e9 \u00e0 Saint Cloud \u00e0 15h15 S\u00e9lection Herv\u00e9 Fortin<\/a>&nbsp;&nbsp;francebleu.fr<\/li>\n<li><a href=\"https:\/\/news.google.com\/rss\/articles\/CBMi3wFBVV95cUxPMFczVHI5RFJRcTNRTzFNXzdQTjhfaEFqbnJQdTBPcEl1V25DdkJrRnRrV1E1cGhNbElaR1VxdkluM3FkTWRZb3Qtb3NKRnlsM2pOcUx4WmxQZ01HN3RRNW1yQkdFdXZvOUlOM2I1YzlBOHp6aFhnbzBydGVETWV5anRBMGZTTncxam1GcGx5NmtsNktoRzdzUnh1VXB2VlBNeGg0eU8xeGVFVHZyenJrWktLTDc4ZE8xMENKSkdjVzJnTUh0Ty1EM3NZWTRYSUZ1UTlJaVZOWHhERVl3U2xr?oc=5\" target=\"_blank\" rel=\"noopener\">Quint\u00e9 du dimanche 9 novembre 2025 \u00e0 Saint-Cloud : les pronostics, une tirelire \u00e0 1 million d&rsquo;euros<\/a>&nbsp;&nbsp;RTL.fr<\/li>\n<li><a href=\"https:\/\/news.google.com\/rss\/articles\/CBMisAFBVV95cUxOaGw4MDM4VHFPazAtcGpNNS1zQWpuR0hSbnNOZVlyQVVSN195Qnk5WERRYlUxRnVod2s3UTVBYW5XclRra3NRVE5mZW1xVUVPNnhCb0xqbEdCUmJOVmJrX28xQTdUOGpWc3RqOUJVa2xWRGtNajRHRXpqT1ZVaHJPdXV3TTczNGFBOFQ3LTMzS2oxWmI0b01CNmo3UVVGQ01fNHl0MmVOSEVBMTFYZFNYaA?oc=5\" target=\"_blank\" rel=\"noopener\">Les pronos hippiques du dimanche 9 novembre 2025<\/a>&nbsp;&nbsp;RMC Sport<\/li>\n<li><a href=\"https:\/\/news.google.com\/rss\/articles\/CBMirAFBVV95cUxNTXdkUTBCVGswY29KY2RURkNaOUw0QjlVMVJUeTJUX1l6RVE2N3lRbTh3cUVsdEF2WVV1OWpjdTBHbTVtUjJ6S1NMN1BZUXgzTG1yS2pyVFA4R1l0bHVEMW9pTlV3bVdXZ0FpSlBDa3UwWVlGc21lTVY3U1RxbGliRnNHOUNudVA3bHo3SE5jNVVWRE94TUhKclJOei1jc180dThCMTJuaHlpWjVs?oc=5\" target=\"_blank\" rel=\"noopener\">Faites le papier du Quint\u00e9+ de ce dimanche 9 novembre<\/a>&nbsp;&nbsp;Equidia<\/li>\n<\/ol>\n","protected":false},"excerpt":{"rendered":"Les 4 infos incontournables de la R1 \u00e0 Saint-Cloud ce dimanche 9 novembre&nbsp;&nbsp;Equidia dimanche 9 novembre Quint\u00e9 \u00e0&hellip;\n","protected":false},"author":2,"featured_media":525385,"comment_status":"","ping_status":"","sticky":false,"template":"","format":"standard","meta":{"footnotes":""},"categories":[8],"tags":[58,59,1011,27,3014,3016,7638,1821],"class_list":{"0":"post-525384","1":"post","2":"type-post","3":"status-publish","4":"format-standard","5":"has-post-thumbnail","7":"category-divertissement","8":"tag-divertissement","9":"tag-entertainment","10":"tag-fr","11":"tag-france","12":"tag-galop","13":"tag-plat","14":"tag-pour-preparer-vos-paris","15":"tag-pronostics"},"share_on_mastodon":{"url":"https:\/\/pubeurope.com\/@fr\/115526664602257135","error":""},"_links":{"self":[{"href":"https:\/\/www.europesays.com\/fr\/wp-json\/wp\/v2\/posts\/525384","targetHints":{"allow":["GET"]}}],"collection":[{"href":"https:\/\/www.europesays.com\/fr\/wp-json\/wp\/v2\/posts"}],"about":[{"href":"https:\/\/www.europesays.com\/fr\/wp-json\/wp\/v2\/types\/post"}],"author":[{"embeddable":true,"href":"https:\/\/www.europesays.com\/fr\/wp-json\/wp\/v2\/users\/2"}],"replies":[{"embeddable":true,"href":"https:\/\/www.europesays.com\/fr\/wp-json\/wp\/v2\/comments?post=525384"}],"version-history":[{"count":0,"href":"https:\/\/www.europesays.com\/fr\/wp-json\/wp\/v2\/posts\/525384\/revisions"}],"wp:featuredmedia":[{"embeddable":true,"href":"https:\/\/www.europesays.com\/fr\/wp-json\/wp\/v2\/media\/525385"}],"wp:attachment":[{"href":"https:\/\/www.europesays.com\/fr\/wp-json\/wp\/v2\/media?parent=525384"}],"wp:term":[{"taxonomy":"category","embeddable":true,"href":"https:\/\/www.europesays.com\/fr\/wp-json\/wp\/v2\/categories?post=525384"},{"taxonomy":"post_tag","embeddable":true,"href":"https:\/\/www.europesays.com\/fr\/wp-json\/wp\/v2\/tags?post=525384"}],"curies":[{"name":"wp","href":"https:\/\/api.w.org\/{rel}","templated":true}]}}