{"id":525396,"date":"2025-11-10T17:54:14","date_gmt":"2025-11-10T17:54:14","guid":{"rendered":"https:\/\/www.europesays.com\/fr\/525396\/"},"modified":"2025-11-10T17:54:14","modified_gmt":"2025-11-10T17:54:14","slug":"saint-etienne-festival-face-a-face-six-avant-premieres-au-programme","status":"publish","type":"post","link":"https:\/\/www.europesays.com\/fr\/525396\/","title":{"rendered":"Saint-\u00c9tienne. Festival Face \u00e0 Face\u00a0: six avant-premi\u00e8res au programme"},"content":{"rendered":"<p>En 2024, l\u2019\u00e9quipe qui avait repris Face \u00e0 Face avait souhait\u00e9 se concentrer sur la programmation et limiter les \u00e9v\u00e9nements autour du festival de cin\u00e9ma LGBTQIA +. <\/p>\n<p>Cette ann\u00e9e, il n\u2019y aura toujours pas de tables rondes mais les organisateurs ont programm\u00e9 plusieurs animations pour accompagner le rendez-vous automnal st\u00e9phanois.<\/p>\n<p>Un \u00ab\u00a0karao\u2019queer\u00a0\u00bb samedi soir<\/p>\n<p>L\u2019ouverture de la 21e \u00e9dition aura lieu au ZanziBar jeudi 13\u00a0novembre (\u00e0 partir de 19 heures). Au M\u00e9li\u00e8s Saint-Fran\u00e7ois, centre n\u00e9vralgique du festival (1) , une autre soir\u00e9e festive sera organis\u00e9e samedi 15\u00a0novembre avec un&#8230;<\/p>\n","protected":false},"excerpt":{"rendered":"En 2024, l\u2019\u00e9quipe qui avait repris Face \u00e0 Face avait souhait\u00e9 se concentrer sur la programmation et limiter&hellip;\n","protected":false},"author":2,"featured_media":525397,"comment_status":"","ping_status":"","sticky":false,"template":"","format":"standard","meta":{"footnotes":""},"categories":[9653],"tags":[1111,11,2430,650,1687,7539,1777,674,1011,27,12,25,4001,7538],"class_list":{"0":"post-525396","1":"post","2":"type-post","3":"status-publish","4":"format-standard","5":"has-post-thumbnail","7":"category-saint-etienne","8":"tag-actu","9":"tag-actualites","10":"tag-auvergne-rhone-alpes","11":"tag-cinema","12":"tag-culture-loisirs","13":"tag-edition-loire-sud","14":"tag-eu","15":"tag-europe","16":"tag-fr","17":"tag-france","18":"tag-news","19":"tag-republique-francaise","20":"tag-saint-etienne","21":"tag-saint-etienne-ville"},"share_on_mastodon":{"url":"https:\/\/pubeurope.com\/@fr\/115526688068732613","error":""},"_links":{"self":[{"href":"https:\/\/www.europesays.com\/fr\/wp-json\/wp\/v2\/posts\/525396","targetHints":{"allow":["GET"]}}],"collection":[{"href":"https:\/\/www.europesays.com\/fr\/wp-json\/wp\/v2\/posts"}],"about":[{"href":"https:\/\/www.europesays.com\/fr\/wp-json\/wp\/v2\/types\/post"}],"author":[{"embeddable":true,"href":"https:\/\/www.europesays.com\/fr\/wp-json\/wp\/v2\/users\/2"}],"replies":[{"embeddable":true,"href":"https:\/\/www.europesays.com\/fr\/wp-json\/wp\/v2\/comments?post=525396"}],"version-history":[{"count":0,"href":"https:\/\/www.europesays.com\/fr\/wp-json\/wp\/v2\/posts\/525396\/revisions"}],"wp:featuredmedia":[{"embeddable":true,"href":"https:\/\/www.europesays.com\/fr\/wp-json\/wp\/v2\/media\/525397"}],"wp:attachment":[{"href":"https:\/\/www.europesays.com\/fr\/wp-json\/wp\/v2\/media?parent=525396"}],"wp:term":[{"taxonomy":"category","embeddable":true,"href":"https:\/\/www.europesays.com\/fr\/wp-json\/wp\/v2\/categories?post=525396"},{"taxonomy":"post_tag","embeddable":true,"href":"https:\/\/www.europesays.com\/fr\/wp-json\/wp\/v2\/tags?post=525396"}],"curies":[{"name":"wp","href":"https:\/\/api.w.org\/{rel}","templated":true}]}}