{"id":52540,"date":"2025-04-25T19:48:10","date_gmt":"2025-04-25T19:48:10","guid":{"rendered":"https:\/\/www.europesays.com\/fr\/52540\/"},"modified":"2025-04-25T19:48:10","modified_gmt":"2025-04-25T19:48:10","slug":"strasbourg-la-filiere-numerique-face-au-defi-de-la-souverainete","status":"publish","type":"post","link":"https:\/\/www.europesays.com\/fr\/52540\/","title":{"rendered":"Strasbourg. La fili\u00e8re num\u00e9rique face au d\u00e9fi de la souverainet\u00e9"},"content":{"rendered":"<p>Pour la seconde ann\u00e9e cons\u00e9cutive et pendant pr\u00e8s de trois jours, \u00e0 l\u2019initiative du Cigref, un r\u00e9seau de grandes administrations publiques et de grandes entreprises, et de Numeum, organisation professionnelle des prestataires num\u00e9riques, des directeurs informatiques et des dirigeants d\u2019entreprises ont \u00e9chang\u00e9 cette semaine \u00e0 Strasbourg autour des enjeux actuels de la fili\u00e8re num\u00e9rique fran\u00e7aise.<\/p>\n<p>R\u00e9partis en huit ateliers, qui se sont r\u00e9unis dans les locaux du Parlement europ\u00e9en et de l\u2019Institut national du service public (ex-ENA), ils ont \u00e9voqu\u00e9 la contribution du&#8230;<\/p>\n","protected":false},"excerpt":{"rendered":"Pour la seconde ann\u00e9e cons\u00e9cutive et pendant pr\u00e8s de trois jours, \u00e0 l\u2019initiative du Cigref, un r\u00e9seau de&hellip;\n","protected":false},"author":2,"featured_media":52541,"comment_status":"","ping_status":"","sticky":false,"template":"","format":"standard","meta":{"footnotes":""},"categories":[2820],"tags":[1111,11,2389,2649,4406,33,2880,1777,674,107,1011,27,775,5015,12,25,640,2879],"class_list":{"0":"post-52540","1":"post","2":"type-post","3":"status-publish","4":"format-standard","5":"has-post-thumbnail","7":"category-strasbourg","8":"tag-actu","9":"tag-actualites","10":"tag-alsace","11":"tag-bas-rhin","12":"tag-commerce-et-services","13":"tag-economie","14":"tag-edition-strasbourg","15":"tag-eu","16":"tag-europe","17":"tag-fil-info","18":"tag-fr","19":"tag-france","20":"tag-grand-est","21":"tag-innovation-et-start-up","22":"tag-news","23":"tag-republique-francaise","24":"tag-strasbourg","25":"tag-strasbourg-ville"},"share_on_mastodon":{"url":"https:\/\/pubeurope.com\/@fr\/114400336628165974","error":""},"_links":{"self":[{"href":"https:\/\/www.europesays.com\/fr\/wp-json\/wp\/v2\/posts\/52540","targetHints":{"allow":["GET"]}}],"collection":[{"href":"https:\/\/www.europesays.com\/fr\/wp-json\/wp\/v2\/posts"}],"about":[{"href":"https:\/\/www.europesays.com\/fr\/wp-json\/wp\/v2\/types\/post"}],"author":[{"embeddable":true,"href":"https:\/\/www.europesays.com\/fr\/wp-json\/wp\/v2\/users\/2"}],"replies":[{"embeddable":true,"href":"https:\/\/www.europesays.com\/fr\/wp-json\/wp\/v2\/comments?post=52540"}],"version-history":[{"count":0,"href":"https:\/\/www.europesays.com\/fr\/wp-json\/wp\/v2\/posts\/52540\/revisions"}],"wp:featuredmedia":[{"embeddable":true,"href":"https:\/\/www.europesays.com\/fr\/wp-json\/wp\/v2\/media\/52541"}],"wp:attachment":[{"href":"https:\/\/www.europesays.com\/fr\/wp-json\/wp\/v2\/media?parent=52540"}],"wp:term":[{"taxonomy":"category","embeddable":true,"href":"https:\/\/www.europesays.com\/fr\/wp-json\/wp\/v2\/categories?post=52540"},{"taxonomy":"post_tag","embeddable":true,"href":"https:\/\/www.europesays.com\/fr\/wp-json\/wp\/v2\/tags?post=52540"}],"curies":[{"name":"wp","href":"https:\/\/api.w.org\/{rel}","templated":true}]}}