{"id":525404,"date":"2025-11-10T17:59:14","date_gmt":"2025-11-10T17:59:14","guid":{"rendered":"https:\/\/www.europesays.com\/fr\/525404\/"},"modified":"2025-11-10T17:59:14","modified_gmt":"2025-11-10T17:59:14","slug":"a-la-seyne-dorian-munoz-lance-sa-campagne-sous-la-banniere-du-rassemblement-national","status":"publish","type":"post","link":"https:\/\/www.europesays.com\/fr\/525404\/","title":{"rendered":"\u00e0 La Seyne, Dorian Munoz lance sa campagne sous la banni\u00e8re du Rassemblement national"},"content":{"rendered":"<p class=\"fs-5 \">Parmi les villes de l\u2019aire toulonnaise que <strong>le Rassemblement national esp\u00e8re conqu\u00e9rir en mars 2026, La Seyne figure en haut de la pile<\/strong>.<\/p>\n<p class=\"fs-5 \">\u00ab\u00a0La division des listes concurrentes, une incroyable dynamique populaire et un bon candidat\u00a0: honn\u00eatement, ici, ce n\u2019est plus un pari fou. On a de vraies raisons d\u2019y croire\u00a0\u00bb, assure le d\u00e9put\u00e9 <strong>Frank Giletti<\/strong>.<\/p>\n<p class=\"fs-5 \">\u00c9galement d\u00e9l\u00e9gu\u00e9 d\u00e9partemental du RN, celui-ci estime ainsi que <strong>Dorian Munoz<\/strong> est la personne idoine pour briguer la mairie de la deuxi\u00e8me commune du <strong>Var<\/strong>. Et il n\u2019est visiblement pas le seul \u00e0 le penser.<\/p>\n<p class=\"fs-5 \">Samedi dernier, pr\u00e8s d\u2019une centaine de Seynois ont r\u00e9pondu \u00e0 l\u2019appel de l\u2019homme de 34 ans, qui organisait l\u00e0 la premi\u00e8re r\u00e9union publique de sa liste \u00ab\u00a0La Seyne d\u2019abord\u00a0\u00bb.<\/p>\n<p class=\"fs-5 \">\u00ab\u00a0Mon seul objectif, c\u2019est que la ville devienne moderne, \u00e9quilibr\u00e9e, fi\u00e8re et tourn\u00e9e vers son avenir\u00a0\u00bb, a-t-il lanc\u00e9 au micro.<\/p>\n<p class=\"fs-5 \">\u00c0 ses c\u00f4t\u00e9s, <strong>Fr\u00e9d\u00e9ric Boccaletti<\/strong>, lui-m\u00eame \u00ab\u00a0quasi-candidat\u00a0\u00bb \u00e0 <strong>Six-Fours<\/strong>, pouvait applaudir.<\/p>\n<p class=\"fs-5 \">C\u2019est en effet le parlementaire qui, il y a huit ans, avait confi\u00e9 au jeune Dorian Munoz, alors \u00ab\u00a0pur produit du militantisme\u00a0\u00bb d\u2019<strong>extr\u00eame droite<\/strong>, les cl\u00e9s du camion<strong> lep\u00e9niste<\/strong> de ce c\u00f4t\u00e9-ci de la rade. Ce, afin d\u2019avoir \u00ab\u00a0une vision \u00e0 long terme\u00a0\u00bb.<\/p>\n<p>            <img src=\"https:\/\/www.europesays.com\/fr\/wp-content\/uploads\/2025\/11\/e776d72_upload-from-url-1-0k0eflnhk9em-image-touxxq900-mm-toulon-vue-generale-jx8csyrg.jpg\"   loading=\"lazy\" decoding=\"async\" alt=\"\" class=\"img-fluid position-absolute w-100 object-fit-cover rounded-2\" width=\"600\" height=\"400\"\/><\/p>\n<p>                                                                                \u00ab\u00a0On a m\u00eame un LR avec nous\u00a0\u00bb<\/p>\n<p class=\"fs-5 \">Si les r\u00e9sultats de 2020 n\u2019avaient pas \u00e9t\u00e9 \u00e0 la hauteur de ses esp\u00e9rances (16 % au premier tour, 11 % au second), celui qui est par ailleurs attach\u00e9 parlementaire de la d\u00e9put\u00e9e RN du <strong>Lot-et-Garonne<\/strong> <strong>H\u00e9l\u00e8ne Laporte<\/strong>, a de bonnes raisons d\u2019esp\u00e9rer faire mieux dans cinq mois.<\/p>\n<p class=\"fs-5 \">Pour cela, la composition de son \u00e9quipe a \u00e9t\u00e9 largement renouvel\u00e9e. \u00ab\u00a0On aura des gens du RN, de l\u2019UDR, des centristes, des gens de la soci\u00e9t\u00e9 civile. Et on a m\u00eame un LR, en la personne de Thierry Tidona, qui sera troisi\u00e8me sur la liste\u00a0\u00bb, sourit <strong>Gilbert P\u00e9r\u00e9a<\/strong>, vieux routier du parti \u00e0 la flamme.<\/p>\n<p class=\"fs-5 \">\u00ab\u00a0On a connu une \u00e9poque o\u00f9 il fallait bricoler pour avoir 49 noms. Aujourd\u2019hui, on fait des d\u00e9\u00e7us\u00a0\u00bb.<\/p>\n<p class=\"fs-5 \">Prochaine \u00e9tape\u00a0: \u00ab\u00a0la pr\u00e9sentation du projet\u00a0\u00bb en d\u00e9cembre, o\u00f9 la <strong>s\u00e9curit\u00e9<\/strong>, le <strong>logement<\/strong>, et la <strong>circulation<\/strong> figureront, sans surprise, en bonne place.<\/p>\n<p class=\"fs-5 \">Puis, d\u00e9but janvier, Dorian Munoz inaugurera sa permanence, rue Cyrus-Hugues, sans doute en pr\u00e9sence de <a href=\"https:\/\/www.nicematin.com\/societe\/politique\/apres-un-sondage-donnant-laure-lavalette-en-tete-a-toulon-des-elus-appellent-a-l-union-sacree-992490\" rel=\"nofollow noopener\" target=\"_blank\">Laure Lavalette, la nouvelle \u00ab\u00a0star\u00a0\u00bb du Rassemblement national<\/a>.<\/p>\n<p class=\"fs-5 \">\u00c0 noter que ce local ouvrira \u00e0 l\u2019emplacement de l\u2019ex-boutique de la <strong>Fran\u00e7aise des jeux<\/strong>.<\/p>\n<p class=\"fs-5 \">Peut-\u00eatre un signe pour la formation de <strong>Jordan Bardella<\/strong>, d\u2019ores et d\u00e9j\u00e0 convaincue d\u2019avoir tir\u00e9 le bon num\u00e9ro.<\/p>\n","protected":false},"excerpt":{"rendered":"Parmi les villes de l\u2019aire toulonnaise que le Rassemblement national esp\u00e8re conqu\u00e9rir en mars 2026, La Seyne figure&hellip;\n","protected":false},"author":2,"featured_media":525405,"comment_status":"","ping_status":"","sticky":false,"template":"","format":"standard","meta":{"footnotes":""},"categories":[9619],"tags":[1111,11,1777,674,1011,27,3434,12,882,25,2310],"class_list":{"0":"post-525404","1":"post","2":"type-post","3":"status-publish","4":"format-standard","5":"has-post-thumbnail","7":"category-toulon","8":"tag-actu","9":"tag-actualites","10":"tag-eu","11":"tag-europe","12":"tag-fr","13":"tag-france","14":"tag-municipales-2026","15":"tag-news","16":"tag-provence-alpes-cote-dazur","17":"tag-republique-francaise","18":"tag-toulon"},"share_on_mastodon":{"url":"https:\/\/pubeurope.com\/@fr\/115526709162859071","error":""},"_links":{"self":[{"href":"https:\/\/www.europesays.com\/fr\/wp-json\/wp\/v2\/posts\/525404","targetHints":{"allow":["GET"]}}],"collection":[{"href":"https:\/\/www.europesays.com\/fr\/wp-json\/wp\/v2\/posts"}],"about":[{"href":"https:\/\/www.europesays.com\/fr\/wp-json\/wp\/v2\/types\/post"}],"author":[{"embeddable":true,"href":"https:\/\/www.europesays.com\/fr\/wp-json\/wp\/v2\/users\/2"}],"replies":[{"embeddable":true,"href":"https:\/\/www.europesays.com\/fr\/wp-json\/wp\/v2\/comments?post=525404"}],"version-history":[{"count":0,"href":"https:\/\/www.europesays.com\/fr\/wp-json\/wp\/v2\/posts\/525404\/revisions"}],"wp:featuredmedia":[{"embeddable":true,"href":"https:\/\/www.europesays.com\/fr\/wp-json\/wp\/v2\/media\/525405"}],"wp:attachment":[{"href":"https:\/\/www.europesays.com\/fr\/wp-json\/wp\/v2\/media?parent=525404"}],"wp:term":[{"taxonomy":"category","embeddable":true,"href":"https:\/\/www.europesays.com\/fr\/wp-json\/wp\/v2\/categories?post=525404"},{"taxonomy":"post_tag","embeddable":true,"href":"https:\/\/www.europesays.com\/fr\/wp-json\/wp\/v2\/tags?post=525404"}],"curies":[{"name":"wp","href":"https:\/\/api.w.org\/{rel}","templated":true}]}}