{"id":525410,"date":"2025-11-10T18:03:11","date_gmt":"2025-11-10T18:03:11","guid":{"rendered":"https:\/\/www.europesays.com\/fr\/525410\/"},"modified":"2025-11-10T18:03:11","modified_gmt":"2025-11-10T18:03:11","slug":"cette-collegienne-de-14-ans-a-disparu-sa-famille-et-ses-amis-inquiets","status":"publish","type":"post","link":"https:\/\/www.europesays.com\/fr\/525410\/","title":{"rendered":"cette coll\u00e9gienne de 14 ans a disparu, sa famille et ses amis inquiets"},"content":{"rendered":"<p>            Par<br \/>\n        <strong><br \/>\n            <a href=\"https:\/\/actu.fr\/auteur\/jm-aubert\" title=\"Consulter tous les articles de Jean-Marc Aubert\" rel=\"nofollow noopener\" target=\"_blank\">Jean-Marc Aubert<\/a><br \/>\n        <\/strong><\/p>\n<p>        Publi\u00e9 le<\/p>\n<p>            10 nov. 2025 \u00e0 18h29<br \/>\n        ; mis \u00e0 jour le 10 nov. 2025 \u00e0 18h54    <\/p>\n<p>Une coll\u00e9gienne \u00e2g\u00e9e de 14 ans, pr\u00e9nomm\u00e9e Assinat a disparu dans des circonstances myst\u00e9rieuses, depuis ce lundi 10 novembre 2025, dans le quartier de la Mosson, \u00e0 <strong>Montpellier<\/strong>. Elle reste introuvable.<\/p>\n<p class=\" wall-content\">Selon sa famille et ses amis, tr\u00e8s inquiets, qui excluent une fugue, la mineure a quitt\u00e9 le domicile de sa maman, vers 8h15 pour se rendre \u00e0 pied au <strong>coll\u00e8ge Les Escholiers de la Mosson<\/strong>, le long de l\u2019avenue de l\u2019Europe, en limite de la Mosson, de Saint-Paul et des Hauts-de-Massane. Assinat a \u00e9t\u00e9 vue devant l\u2019\u00e9tablissement, mais elle ne s\u2019est pas rendue en cours.<\/p>\n<p>    <a href=\"https:\/\/www.google.com\/maps\/embed?pb=!1m18!1m12!1m3!1d12860.892885337373!2d3.820804509723254!3d43.63368089095973!2m3!1f0!2f0!3f0!3m2!1i1024!2i768!4f13.1!3m3!1m2!1s0x12b6ac1f6cdac4ad%3A0x72b4d58ec5a3488f!2sColl%C3%A8ge%20les%20Escholiers%20de%20la%20Mosson!5e0!3m2!1sfr!2sfr!4v1762795498678!5m2!1sfr!2sfr\" title=\"Ouvrie le lien\" rel=\"nofollow noopener\" target=\"_blank\">Cliquez ici pour visualiser le contenu<\/a><\/p>\n<p class=\" wall-content\">Ce lundi soir, ses professeurs qui ont rencontr\u00e9 la maman et les amis de la coll\u00e9gienne s\u2019interrogent \u00e9galement sur cette disparition brutale et inexpliqu\u00e9e. Elle est pr\u00e9sent\u00e9e de mani\u00e8re unanime comme une bonne \u00e9l\u00e8ve.<\/p>\n<p class=\" wall-content\">Assinat est v\u00eatue d\u2019un pantalon, d\u2019un sweat \u00e0 capuche, des couleur rouge bordeaux, poss\u00e8de des cheveux boucl\u00e9s de couleur acajou. Elle \u00e9tait en possession de son cartable et a laiss\u00e9 son t\u00e9l\u00e9phone portable \u00e0 la maison. La <strong>police nationale<\/strong> qui juge cette disparition inqui\u00e9tante a d\u00e9but\u00e9 des recherches, des enqu\u00eateurs de la DIPN 34 \u00e9taient sur place ce lundi soir.<\/p>\n<p>Vid\u00e9os : en ce moment sur Actu<\/p>\n<p class=\" wall-content\"><strong>&gt; Sa famille lance un appel \u00e0 t\u00e9moins<\/strong> : Toute personne ayant aper\u00e7u la coll\u00e9gienne, ou ayant remarqu\u00e9 une sc\u00e8ne anormale aux abords du coll\u00e8ge!ge Les Escaliers, entre 8h15 et 8h45 ou disposant d\u2019informations sur l\u2019endroit o\u00f9 elle pourrait se trouver sont invit\u00e9s \u00e0 contacter d\u2019urgence le <strong>06 83 78 62 97<\/strong>.<\/p>\n<p class=\" wall-content\">Personnalisez votre actualit\u00e9 en ajoutant vos villes et m\u00e9dias en favori avec <a href=\"https:\/\/moncompte.actu.fr\" title=\"D\u00e9couvez Mon Actu\" rel=\"nofollow noopener\" data-trk=\"{&quot;cta&quot;:{&quot;action&quot;:&quot;https:\\\/\\\/moncompte.actu.fr&quot;,&quot;category&quot;:&quot;mon compte&quot;,&quot;from&quot;:&quot;article footer&quot;,&quot;name&quot;:&quot;Mon actu&quot;,&quot;type&quot;:&quot;cta&quot;}}\" target=\"_blank\">Mon Actu<\/a>.<\/p>\n","protected":false},"excerpt":{"rendered":"Par Jean-Marc Aubert Publi\u00e9 le 10 nov. 2025 \u00e0 18h29 ; mis \u00e0 jour le 10 nov. 2025&hellip;\n","protected":false},"author":2,"featured_media":525411,"comment_status":"","ping_status":"","sticky":false,"template":"","format":"standard","meta":{"footnotes":""},"categories":[9599],"tags":[1111,11,1777,674,118,1011,27,2208,12,2680,1072,25],"class_list":{"0":"post-525410","1":"post","2":"type-post","3":"status-publish","4":"format-standard","5":"has-post-thumbnail","7":"category-montpellier","8":"tag-actu","9":"tag-actualites","10":"tag-eu","11":"tag-europe","12":"tag-faits-divers","13":"tag-fr","14":"tag-france","15":"tag-montpellier","16":"tag-news","17":"tag-occitanie","18":"tag-police","19":"tag-republique-francaise"},"share_on_mastodon":{"url":"https:\/\/pubeurope.com\/@fr\/115526723462742715","error":""},"_links":{"self":[{"href":"https:\/\/www.europesays.com\/fr\/wp-json\/wp\/v2\/posts\/525410","targetHints":{"allow":["GET"]}}],"collection":[{"href":"https:\/\/www.europesays.com\/fr\/wp-json\/wp\/v2\/posts"}],"about":[{"href":"https:\/\/www.europesays.com\/fr\/wp-json\/wp\/v2\/types\/post"}],"author":[{"embeddable":true,"href":"https:\/\/www.europesays.com\/fr\/wp-json\/wp\/v2\/users\/2"}],"replies":[{"embeddable":true,"href":"https:\/\/www.europesays.com\/fr\/wp-json\/wp\/v2\/comments?post=525410"}],"version-history":[{"count":0,"href":"https:\/\/www.europesays.com\/fr\/wp-json\/wp\/v2\/posts\/525410\/revisions"}],"wp:featuredmedia":[{"embeddable":true,"href":"https:\/\/www.europesays.com\/fr\/wp-json\/wp\/v2\/media\/525411"}],"wp:attachment":[{"href":"https:\/\/www.europesays.com\/fr\/wp-json\/wp\/v2\/media?parent=525410"}],"wp:term":[{"taxonomy":"category","embeddable":true,"href":"https:\/\/www.europesays.com\/fr\/wp-json\/wp\/v2\/categories?post=525410"},{"taxonomy":"post_tag","embeddable":true,"href":"https:\/\/www.europesays.com\/fr\/wp-json\/wp\/v2\/tags?post=525410"}],"curies":[{"name":"wp","href":"https:\/\/api.w.org\/{rel}","templated":true}]}}