{"id":525412,"date":"2025-11-10T18:04:17","date_gmt":"2025-11-10T18:04:17","guid":{"rendered":"https:\/\/www.europesays.com\/fr\/525412\/"},"modified":"2025-11-10T18:04:17","modified_gmt":"2025-11-10T18:04:17","slug":"lurn-externalise-sa-cellule-decoute","status":"publish","type":"post","link":"https:\/\/www.europesays.com\/fr\/525412\/","title":{"rendered":"L&rsquo;URN externalise sa cellule d&rsquo;\u00e9coute"},"content":{"rendered":"<p>L\u2019universit\u00e9 de Rouen Normandie a fait le choix d\u2019externaliser la cellule d\u2019\u00e9coute \u00e0 un service ind\u00e9pendant, confidentiel et anonyme, Qualisocial.<\/p>\n<p>\u00ab\u00a0La cellule d\u2019\u00e9coute de l\u2019universit\u00e9 de Rouen Normandie, en place depuis plusieurs ann\u00e9es, a pour mission d\u2019accueillir et d\u2019accompagner tout agent ou usager victime de discrimination, de harc\u00e8lement ou de violences sexistes et sexuelles. Elle offre un soutien bienveillant et personnalis\u00e9 \u00bb, rappelle B\u00e9atrice Patte-Rouland, vice-pr\u00e9sidente du Conseil d\u2019administration, en charge des Ressources humaines, de l\u2019\u00c9galit\u00e9, la Diversit\u00e9 et l\u2019Inclusion. Elle compl\u00e8te : \u00ab L\u2019externalisation de cette cellule, tout en maintenant un lien \u00e9troit avec l\u2019Universit\u00e9 afin de garantir une r\u00e9activit\u00e9 optimale, vise \u00e0 faciliter la d\u00e9marche de signalement pour les personnes concern\u00e9es, en leur offrant un cadre neutre. Cette \u00e9volution a pour objectif de renforcer la qualification des situations en totale confidentialit\u00e9.\u00a0\u00bb<\/p>\n<p>Accessible via une plateforme d\u00e9di\u00e9e en ligne ou une ligne d\u2019\u00e9coute sp\u00e9cifique, la cellule garantit une \u00e9coute bienveillante, confidentielle et gratuite pour les \u00e9tudiants comme pour les agents de l\u2019Universit\u00e9. Elle a pour mission d\u2019accueillir, d\u2019\u00e9couter et d\u2019accompagner toute personne victime ou t\u00e9moin de faits de discrimination, de harc\u00e8lement ou de violence, qu\u2019ils soient li\u00e9s au genre, \u00e0 l\u2019origine, au handicap ou \u00e0 l\u2019orientation sexuelle.<\/p>\n<p>Tous les signalements adress\u00e9s \u00e0 la cellule d\u2019\u00e9coute ne seront pas syst\u00e9matiquement transmis \u00e0 l\u2019Universit\u00e9. Ils seront, dans un premier temps, analys\u00e9s par les professionnels de Qualisocial, puis, si n\u00e9cessaire, port\u00e9s \u00e0 la connaissance des r\u00e9f\u00e9rents au sein de l\u2019universit\u00e9 de Rouen Normandie, en accord avec la personne \u00e0 l\u2019origine du signalement.<\/p>\n","protected":false},"excerpt":{"rendered":"L\u2019universit\u00e9 de Rouen Normandie a fait le choix d\u2019externaliser la cellule d\u2019\u00e9coute \u00e0 un service ind\u00e9pendant, confidentiel et&hellip;\n","protected":false},"author":2,"featured_media":525413,"comment_status":"","ping_status":"","sticky":false,"template":"","format":"standard","meta":{"footnotes":""},"categories":[9587],"tags":[1111,11,1777,674,1011,27,12,5161,25,9590],"class_list":{"0":"post-525412","1":"post","2":"type-post","3":"status-publish","4":"format-standard","5":"has-post-thumbnail","7":"category-rouen","8":"tag-actu","9":"tag-actualites","10":"tag-eu","11":"tag-europe","12":"tag-fr","13":"tag-france","14":"tag-news","15":"tag-normandie","16":"tag-republique-francaise","17":"tag-rouen"},"share_on_mastodon":{"url":"https:\/\/pubeurope.com\/@fr\/115526727541145196","error":""},"_links":{"self":[{"href":"https:\/\/www.europesays.com\/fr\/wp-json\/wp\/v2\/posts\/525412","targetHints":{"allow":["GET"]}}],"collection":[{"href":"https:\/\/www.europesays.com\/fr\/wp-json\/wp\/v2\/posts"}],"about":[{"href":"https:\/\/www.europesays.com\/fr\/wp-json\/wp\/v2\/types\/post"}],"author":[{"embeddable":true,"href":"https:\/\/www.europesays.com\/fr\/wp-json\/wp\/v2\/users\/2"}],"replies":[{"embeddable":true,"href":"https:\/\/www.europesays.com\/fr\/wp-json\/wp\/v2\/comments?post=525412"}],"version-history":[{"count":0,"href":"https:\/\/www.europesays.com\/fr\/wp-json\/wp\/v2\/posts\/525412\/revisions"}],"wp:featuredmedia":[{"embeddable":true,"href":"https:\/\/www.europesays.com\/fr\/wp-json\/wp\/v2\/media\/525413"}],"wp:attachment":[{"href":"https:\/\/www.europesays.com\/fr\/wp-json\/wp\/v2\/media?parent=525412"}],"wp:term":[{"taxonomy":"category","embeddable":true,"href":"https:\/\/www.europesays.com\/fr\/wp-json\/wp\/v2\/categories?post=525412"},{"taxonomy":"post_tag","embeddable":true,"href":"https:\/\/www.europesays.com\/fr\/wp-json\/wp\/v2\/tags?post=525412"}],"curies":[{"name":"wp","href":"https:\/\/api.w.org\/{rel}","templated":true}]}}