{"id":525414,"date":"2025-11-10T18:05:28","date_gmt":"2025-11-10T18:05:28","guid":{"rendered":"https:\/\/www.europesays.com\/fr\/525414\/"},"modified":"2025-11-10T18:05:28","modified_gmt":"2025-11-10T18:05:28","slug":"foire-saint-romain-a-rouen-on-connait-la-date-du-spectacle-de-drones-lumineux","status":"publish","type":"post","link":"https:\/\/www.europesays.com\/fr\/525414\/","title":{"rendered":"Foire Saint-Romain \u00e0 Rouen\u00a0: on conna\u00eet la date du spectacle de drones lumineux\u00a0!"},"content":{"rendered":"<p> <img decoding=\"async\" src=\"https:\/\/www.europesays.com\/fr\/wp-content\/uploads\/2025\/11\/1762797926_422_1200x680\" alt=\"illustration agrandir l'image\" style=\"--_image-preview:url('data:image\/jpeg;base64,\/9j\/2wBDACgcHiMeGSgjISMtKygwPGRBPDc3PHtYXUlkkYCZlo+AjIqgtObDoKrarYqMyP\/L2u71\/\/\/\/m8H\/\/\/\/6\/+b9\/\/j\/2wBDASstLTw1PHZBQXb4pYyl+Pj4+Pj4+Pj4+Pj4+Pj4+Pj4+Pj4+Pj4+Pj4+Pj4+Pj4+Pj4+Pj4+Pj4+Pj4+Pj4+Pj\/wAARCAAXACoDASIAAhEBAxEB\/8QAGAABAQEBAQAAAAAAAAAAAAAAAgABAwX\/xAAYEAEBAQEBAAAAAAAAAAAAAAAAARIRAv\/EABYBAQEBAAAAAAAAAAAAAAAAAAIAAf\/EABYRAQEBAAAAAAAAAAAAAAAAAAABEf\/aAAwDAQACEQMRAD8A82Q55bIchIZ5LJcbxjQysukjcjqcpDSNJsSGooXEgrX\/2Q==');\" loading=\"eager\" fetchpriority=\"high\" aria-hidden=\"true\" class=\"svelte-1pnmlwx rounded\" onload=\"this.__e=event\" onerror=\"this.__e=event\"\/> La foire Saint-Romain proposera cette ann\u00e9e un spectacle de drones lumineux, \u00e0 la place de son traditionnel feu d&rsquo;artifice. \u00a9 Radio France &#8211; Bastien Roques     <\/p>\n<p class=\"g-ici-body-regular-3 info svelte-1c4u67c\">Publi\u00e9 le lundi 10 novembre 2025 \u00e0 15:03 <\/p>\n<ul class=\"SocialNetworks svelte-bt5901\">\n<li class=\"svelte-bt5901\"><\/li>\n<li class=\"svelte-bt5901\"><\/li>\n<li class=\"svelte-bt5901\"><\/li>\n<li class=\"svelte-bt5901\"><\/li>\n<li class=\"svelte-bt5901\"><\/li>\n<\/ul>\n<p class=\"standfirst g-ici-body-bold-1 svelte-1akrefi\">Le feu d&rsquo;artifice qui cl\u00f4t habituellement la foire Saint-Romain \u00e0 Rouen est remplac\u00e9 cette ann\u00e9e par un spectacle de drones lumineux. Les organisateurs viennent d&rsquo;en d\u00e9voiler la date et l&rsquo;horaire. Ce sera ce samedi soir, soit une bonne semaine avant la cl\u00f4ture de la deuxi\u00e8me f\u00eate foraine de France.<\/p>\n<p>L&rsquo;attraction avait \u00e9t\u00e9\u00a0<a class=\"IciLink ici-link IciArticleLink g-ici-body-regular-1 underline brand svelte-lu7k6w\" href=\"https:\/\/www.francebleu.fr\/infos\/culture-loisirs\/a-rouen-les-maneges-de-la-foire-saint-romain-ne-commenceront-a-tourner-que-la-deuxieme-semaine-des-vacances-scolaires-1474775\" rel=\"nofollow noopener\" target=\"_blank\">annonc\u00e9e mi-octobre<\/a>, peu avant l&rsquo;ouverture de la foire Saint-Romain de Rouen\u00a0: le traditionnel feu d&rsquo;artifice est remplac\u00e9 cette ann\u00e9e par <strong>un ballet de drones lumineux<\/strong>. Les organisateurs de la foire ont d\u00e9voil\u00e9 ce dimanche 9 novembre la date de ce spectacle\u00a0: ce sera le samedi 15 novembre, \u00e0 22 heures.\u00a0Contrairement \u00e0 d&rsquo;habitude, il ne servira donc pas de bouquet final puisqu&rsquo;il y aura encore une bonne semaine ensuite pour profiter de la f\u00eate.<\/p>\n<p>Ce spectacle de drones est une nouveaut\u00e9 pour la deuxi\u00e8me f\u00eate foraine de France. Il doit impliquer environ <strong>150 engins lumineux,<\/strong> qui proposeront un ballet d&rsquo;<strong>une petite demi-heure<\/strong> au-dessus de la Seine, juste derri\u00e8re la grande roue. Il sera visible depuis le champ de foire.<\/p>\n<p>\u00c0 lire aussi   <img decoding=\"async\" src=\"https:\/\/www.europesays.com\/fr\/wp-content\/uploads\/2025\/11\/1762797927_816_560x315\" alt=\"L'\u00e9dition 2025 de la foire Saint-Romain ne d\u00e9butera que le 24 octobre.\" style=\"--_image-preview:url('data:image\/jpeg;base64,\/9j\/2wBDACgcHiMeGSgjISMtKygwPGRBPDc3PHtYXUlkkYCZlo+AjIqgtObDoKrarYqMyP\/L2u71\/\/\/\/m8H\/\/\/\/6\/+b9\/\/j\/2wBDASstLTw1PHZBQXb4pYyl+Pj4+Pj4+Pj4+Pj4+Pj4+Pj4+Pj4+Pj4+Pj4+Pj4+Pj4+Pj4+Pj4+Pj4+Pj4+Pj4+Pj\/wAARCAAXACoDASIAAhEBAxEB\/8QAGAABAQEBAQAAAAAAAAAAAAAAAwACBAH\/xAAYEAEBAQEBAAAAAAAAAAAAAAAAAQISEf\/EABYBAAMAAAAAAAAAAAAAAAAAAAABAv\/EABYRAQEBAAAAAAAAAAAAAAAAAAABEf\/aAAwDAQACEQMRAD8A58myHJc0LJG5RytejTLK10Dp72E1xZpc1JJklVqRBm6Z7SUVf\/\/Z');\" loading=\"lazy\" fetchpriority=\"low\" aria-hidden=\"true\" class=\"svelte-1pnmlwx rounded\" onload=\"this.__e=event\" onerror=\"this.__e=event\"\/>\u00c0 \u00e9couter aussi   <img decoding=\"async\" src=\"https:\/\/www.europesays.com\/fr\/wp-content\/uploads\/2025\/11\/1762797928_871_560x315\" alt=\"En 2024, la foire Saint-Romain a attir\u00e9 pr\u00e8s d'un million et demi de visiteurs.\" style=\"--_image-preview:url('data:image\/jpeg;base64,\/9j\/2wBDACgcHiMeGSgjISMtKygwPGRBPDc3PHtYXUlkkYCZlo+AjIqgtObDoKrarYqMyP\/L2u71\/\/\/\/m8H\/\/\/\/6\/+b9\/\/j\/2wBDASstLTw1PHZBQXb4pYyl+Pj4+Pj4+Pj4+Pj4+Pj4+Pj4+Pj4+Pj4+Pj4+Pj4+Pj4+Pj4+Pj4+Pj4+Pj4+Pj4+Pj\/wAARCAAXACoDASIAAhEBAxEB\/8QAGAABAQEBAQAAAAAAAAAAAAAAAAIBAwX\/xAAYEAEBAQEBAAAAAAAAAAAAAAAAARESAv\/EABcBAQEBAQAAAAAAAAAAAAAAAAECAAP\/xAAWEQEBAQAAAAAAAAAAAAAAAAAAARH\/2gAMAwEAAhEDEQA\/APOkXPLZFyKZMjcVjcBTycukhidLnIoFgbAFZUUDnS\/\/2Q==');\" loading=\"lazy\" fetchpriority=\"low\" aria-hidden=\"true\" class=\"svelte-1pnmlwx rounded\" onload=\"this.__e=event\" onerror=\"this.__e=event\"\/>  <\/p>\n<ul class=\"SocialNetworks svelte-bt5901\">\n<li class=\"svelte-bt5901\"><\/li>\n<li class=\"svelte-bt5901\"><\/li>\n<li class=\"svelte-bt5901\"><\/li>\n<li class=\"svelte-bt5901\"><\/li>\n<li class=\"svelte-bt5901\"><\/li>\n<\/ul>\n<p>   (function(w, d) {     if (w.FB &#038;&#038; w.FB.XFBML &#038;&#038; w.FB.XFBML.parse) {         if (&lsquo;undefined&rsquo; == typeof w.__fbTimeout) {             w.__fbTimeout = setTimeout(function() {                 w.FB.XFBML.parse();                 w.__fbTimeout = undefined;             }, 1000);         }     } else if (&lsquo;undefined&rsquo; == typeof w.__fbTimeout) {         if (d.querySelectorAll(&lsquo;#fb-root&rsquo;).length === 0) {             var fbRoot = d.createElement(&lsquo;div&rsquo;);             fbRoot.id = &lsquo;fb-root&rsquo;;             d.querySelector(&lsquo;body&rsquo;).append(fbRoot);         }         if (d.querySelectorAll(&lsquo;#facebook-jssdk&rsquo;).length === 0) {             var fbScript = d.createElement(&lsquo;script&rsquo;);             fbScript.id = &lsquo;facebook-jssdk&rsquo;;             fbScript.src=\u00a0\u00bb\/\/connect.facebook.net\/fr_FR\/sdk.js#xfbml=1&#038;version=v2.8&#038;appId=593991304071705&Prime;;             fbScript.async = 1;             d.querySelector(&lsquo;head&rsquo;).append(fbScript);         }     } })(window, window.document); \\u003C\/script>\\\u00a0\u00bb,\\\u00a0\u00bbprovider\\\u00a0\u00bb:\\\u00a0\u00bbfacebook\\\u00a0\u00bb,\\\u00a0\u00bbdidomiPurposes\\\u00a0\u00bb:\\\u00a0\u00bbPour afficher ce contenu Facebook, vous devez accepter les cookies \\u003Cb>R\u00e9seaux Sociaux\\u003C\/b>.\\u003Cbr>\\u003Cbr>Ces cookies permettent de partager ou r\u00e9agir directement sur les r\u00e9seaux sociaux auxquels vous \u00eates connect\u00e9s ou d&rsquo;int\u00e9grer du contenu initialement post\u00e9 sur ces r\u00e9seaux sociaux. Ils permettent aussi aux r\u00e9seaux sociaux d&rsquo;utiliser vos visites sur nos sites et applications \u00e0 des fins de personnalisation et de ciblage publicitaire.\\\u00a0\u00bb,\\\u00a0\u00bbdidomiVendorId\\\u00a0\u00bb:\\\u00a0\u00bbc:facebookc-rgacRMQm\\\u00a0\u00bb}},{\\\u00a0\u00bbtype\\\u00a0\u00bb:\\\u00a0\u00bbtext\\\u00a0\u00bb,\\\u00a0\u00bbchildren\\\u00a0\u00bb:[{\\\u00a0\u00bbtype\\\u00a0\u00bb:\\\u00a0\u00bbtext\\\u00a0\u00bb,\\\u00a0\u00bbvalue\\\u00a0\u00bb:\\\u00a0\u00bbCe spectacle de drones est une nouveaut\u00e9 pour la deuxi\u00e8me f\u00eate foraine de France. Il doit impliquer environ \\u003Cstrong>150 engins lumineux,\\u003C\/strong> qui proposeront un ballet d&rsquo;\\u003Cstrong>une petite demi-heure\\u003C\/strong> au-dessus de la Seine, juste derri\u00e8re la grande roue. Il sera visible depuis le champ de foire.\\\u00a0\u00bb}]},{\\\u00a0\u00bbtype\\\u00a0\u00bb:\\\u00a0\u00bbbounce\\\u00a0\u00bb,\\\u00a0\u00bbdata\\\u00a0\u00bb:{\\\u00a0\u00bbuuid\\\u00a0\u00bb:\\\u00a0\u00bb342033b8-1f7d-4fd3-8617-8aea2678838b\\\u00a0\u00bb,\\\u00a0\u00bbpath\\\u00a0\u00bb:\\\u00a0\u00bbinfos\/culture-loisirs\/a-rouen-les-maneges-de-la-foire-saint-romain-ne-commenceront-a-tourner-que-la-deuxieme-semaine-des-vacances-scolaires-1474775\\\u00a0\u00bb,\\\u00a0\u00bbtitle\\\u00a0\u00bb:\\\u00a0\u00bb\u00c0 Rouen, les man\u00e8ges de la foire Saint-Romain ne commenceront \u00e0 tourner que la deuxi\u00e8me semaine des vacances scolaires\\\u00a0\u00bb,\\\u00a0\u00bbconceptTitle\\\u00a0\u00bb:null,\\\u00a0\u00bbconceptUuid\\\u00a0\u00bb:null,\\\u00a0\u00bbtype\\\u00a0\u00bb:\\\u00a0\u00bbarticle\\\u00a0\u00bb,\\\u00a0\u00bbmodel\\\u00a0\u00bb:\\\u00a0\u00bbarticle\\\u00a0\u00bb,\\\u00a0\u00bblabel\\\u00a0\u00bb:\\\u00a0\u00bb\u00c0 lire aussi\\\u00a0\u00bb,\\\u00a0\u00bbmigrated\\\u00a0\u00bb:true,\\\u00a0\u00bbstationId\\\u00a0\u00bb:38,\\\u00a0\u00bbvisual\\\u00a0\u00bb:{\\\u00a0\u00bbsquare\\\u00a0\u00bb:{\\\u00a0\u00bbjpg\\\u00a0\u00bb:[{\\\u00a0\u00bbw\\\u00a0\u00bb:560,\\\u00a0\u00bburl\\\u00a0\u00bb:\\\u00a0\u00bbhttps:\/\/www.francebleu.fr\/s3\/cruiser-production-eu3\/2025\/10\/7306bb3e-b1dc-43f9-829c-cb4f68a72214\/560x315_sc_foire.jpg\\\u00a0\u00bb}],\\\u00a0\u00bbwebp\\\u00a0\u00bb:[{\\\u00a0\u00bbw\\\u00a0\u00bb:560,\\\u00a0\u00bburl\\\u00a0\u00bb:\\\u00a0\u00bbhttps:\/\/www.francebleu.fr\/s3\/cruiser-production-eu3\/2025\/10\/7306bb3e-b1dc-43f9-829c-cb4f68a72214\/560x315_sc_foire.webp\\\u00a0\u00bb}]},\\\u00a0\u00bbnormal\\\u00a0\u00bb:{\\\u00a0\u00bbjpg\\\u00a0\u00bb:[],\\\u00a0\u00bbwebp\\\u00a0\u00bb:[]},\\\u00a0\u00bbpreview\\\u00a0\u00bb:\\\u00a0\u00bbdata:image\/jpeg;base64,\/9j\/2wBDACgcHiMeGSgjISMtKygwPGRBPDc3PHtYXUlkkYCZlo+AjIqgtObDoKrarYqMyP\/L2u71\/\/\/\/m8H\/\/\/\/6\/+b9\/\/j\/2wBDASstLTw1PHZBQXb4pYyl+Pj4+Pj4+Pj4+Pj4+Pj4+Pj4+Pj4+Pj4+Pj4+Pj4+Pj4+Pj4+Pj4+Pj4+Pj4+Pj4+Pj\/wAARCAAXACoDASIAAhEBAxEB\/8QAGAABAQEBAQAAAAAAAAAAAAAAAwACBAH\/xAAYEAEBAQEBAAAAAAAAAAAAAAAAAQISEf\/EABYBAAMAAAAAAAAAAAAAAAAAAAABAv\/EABYRAQEBAAAAAAAAAAAAAAAAAAABEf\/aAAwDAQACEQMRAD8A58myHJc0LJG5RytejTLK10Dp72E1xZpc1JJklVqRBm6Z7SUVf\/\/Z\\\u00a0\u00bb,\\\u00a0\u00bblegend\\\u00a0\u00bb:\\\u00a0\u00bbL&rsquo;\u00e9dition 2025 de la foire Saint-Romain ne d\u00e9butera que le 24 octobre.\\\u00a0\u00bb},\\\u00a0\u00bbvisualEmbed\\\u00a0\u00bb:{\\\u00a0\u00bbtype\\\u00a0\u00bb:\\\u00a0\u00bbimage\\\u00a0\u00bb,\\\u00a0\u00bbversion\\\u00a0\u00bb:\\\u00a0\u00bb1.0\\\u00a0\u00bb,\\\u00a0\u00bbauthor\\\u00a0\u00bb:\\\u00a0\u00bbChristine Wurtz\\\u00a0\u00bb,\\\u00a0\u00bblegend\\\u00a0\u00bb:\\\u00a0\u00bbL&rsquo;\u00e9dition 2025 de la foire Saint-Romain ne d\u00e9butera que le 24 octobre.\\\u00a0\u00bb,\\\u00a0\u00bbcopyright\\\u00a0\u00bb:\\\u00a0\u00bbRadio France\\\u00a0\u00bb,\\\u00a0\u00bbcreated\\\u00a0\u00bb:1760621423,\\\u00a0\u00bbdominant\\\u00a0\u00bb:\\\u00a0\u00bb#d8d8d8\\\u00a0\u00bb,\\\u00a0\u00bboriginal_width\\\u00a0\u00bb:1488,\\\u00a0\u00bboriginal_height\\\u00a0\u00bb:861,\\\u00a0\u00bburl\\\u00a0\u00bb:\\\u00a0\u00bbhttps:\/\/www.francebleu.fr\/s3\/cruiser-production-eu3\/2025\/10\/7306bb3e-b1dc-43f9-829c-cb4f68a72214\/560x315_sc_foire.jpg\\\u00a0\u00bb,\\\u00a0\u00bburl_webp\\\u00a0\u00bb:\\\u00a0\u00bbhttps:\/\/www.francebleu.fr\/s3\/cruiser-production-eu3\/2025\/10\/7306bb3e-b1dc-43f9-829c-cb4f68a72214\/560x315_sc_foire.webp\\\u00a0\u00bb,\\\u00a0\u00bbwidth\\\u00a0\u00bb:560,\\\u00a0\u00bbheight\\\u00a0\u00bb:315,\\\u00a0\u00bbpreview\\\u00a0\u00bb:\\\u00a0\u00bb\/9j\/2wBDACgcHiMeGSgjISMtKygwPGRBPDc3PHtYXUlkkYCZlo+AjIqgtObDoKrarYqMyP\/L2u71\/\/\/\/m8H\/\/\/\/6\/+b9\/\/j\/2wBDASstLTw1PHZBQXb4pYyl+Pj4+Pj4+Pj4+Pj4+Pj4+Pj4+Pj4+Pj4+Pj4+Pj4+Pj4+Pj4+Pj4+Pj4+Pj4+Pj4+Pj\/wAARCAAXACoDASIAAhEBAxEB\/8QAGAABAQEBAQAAAAAAAAAAAAAAAwACBAH\/xAAYEAEBAQEBAAAAAAAAAAAAAAAAAQISEf\/EABYBAAMAAAAAAAAAAAAAAAAAAAABAv\/EABYRAQEBAAAAAAAAAAAAAAAAAAABEf\/aAAwDAQACEQMRAD8A58myHJc0LJG5RytejTLK10Dp72E1xZpc1JJklVqRBm6Z7SUVf\/\/Z\\\u00a0\u00bb,\\\u00a0\u00bbquery\\\u00a0\u00bb:{\\\u00a0\u00bbuuid\\\u00a0\u00bb:\\\u00a0\u00bb7306bb3e-b1dc-43f9-829c-cb4f68a72214\\\u00a0\u00bb,\\\u00a0\u00bbtype\\\u00a0\u00bb:\\\u00a0\u00bbimages\\\u00a0\u00bb,\\\u00a0\u00bbpreset\\\u00a0\u00bb:\\\u00a0\u00bb560&#215;315\\\u00a0\u00bb}},\\\u00a0\u00bbconceptVisual\\\u00a0\u00bb:\\\u00a0\u00bb\\\u00a0\u00bb,\\\u00a0\u00bbconceptVisualEmbed\\\u00a0\u00bb:null,\\\u00a0\u00bbmanifestationUrl\\\u00a0\u00bb:null,\\\u00a0\u00bbpublishedDate\\\u00a0\u00bb:\\\u00a0\u00bb16\/10\/2025\\\u00a0\u00bb,\\\u00a0\u00bbupdatedDate\\\u00a0\u00bb:\\\u00a0\u00bbLe 02\/11\/2025 \u00e0 12:43\\\u00a0\u00bb,\\\u00a0\u00bbstartDate\\\u00a0\u00bb:null,\\\u00a0\u00bbduration\\\u00a0\u00bb:null,\\\u00a0\u00bbgeopoints\\\u00a0\u00bb:[{\\\u00a0\u00bbcity\\\u00a0\u00bb:\\\u00a0\u00bbRouen\\\u00a0\u00bb,\\\u00a0\u00bbtype\\\u00a0\u00bb:\\\u00a0\u00bbeverything\\\u00a0\u00bb,\\\u00a0\u00bbregion\\\u00a0\u00bb:\\\u00a0\u00bbNormandie\\\u00a0\u00bb,\\\u00a0\u00bbaddress\\\u00a0\u00bb:\\\u00a0\u00bbRouen, France\\\u00a0\u00bb,\\\u00a0\u00bbgeometry\\\u00a0\u00bb:{\\\u00a0\u00bbtype\\\u00a0\u00bb:\\\u00a0\u00bbPoint\\\u00a0\u00bb,\\\u00a0\u00bbcoordinates\\\u00a0\u00bb:[\\\u00a0\u00bb49.4435261\\\u00a0\u00bb,\\\u00a0\u00bb1.0984309\\\u00a0\u00bb]},\\\u00a0\u00bbdepartment\\\u00a0\u00bb:\\\u00a0\u00bbSeine-Maritime\\\u00a0\u00bb}],\\\u00a0\u00bbmedia\\\u00a0\u00bb:null,\\\u00a0\u00bblocation\\\u00a0\u00bb:\\\u00a0\u00bbRouen\\\u00a0\u00bb}},{\\\u00a0\u00bbtype\\\u00a0\u00bb:\\\u00a0\u00bbbounce\\\u00a0\u00bb,\\\u00a0\u00bbdata\\\u00a0\u00bb:{\\\u00a0\u00bbuuid\\\u00a0\u00bb:\\\u00a0\u00bbf4948eca-c37a-47b2-a9cd-9898815c7f10\\\u00a0\u00bb,\\\u00a0\u00bbpath\\\u00a0\u00bb:\\\u00a0\u00bbemissions\/l-info-d-ici-ici-normandie-seine-maritime-eure\/quel-budget-pour-une-viree-a-la-foire-saint-romain-a-rouen-7655386\\\u00a0\u00bb,\\\u00a0\u00bbtitle\\\u00a0\u00bb:\\\u00a0\u00bbQuel budget pour une vir\u00e9e \u00e0 la foire Saint-Romain \u00e0 Rouen\u00a0?\\\u00a0\u00bb,\\\u00a0\u00bbconceptTitle\\\u00a0\u00bb:\\\u00a0\u00bbL&rsquo;info d&rsquo;ici, ICI Normandie (Seine-Maritime &#8211; Eure)\\\u00a0\u00bb,\\\u00a0\u00bbconceptUuid\\\u00a0\u00bb:\\\u00a0\u00bbc42ef702-8d71-433a-88e7-7eabcc959401\\\u00a0\u00bb,\\\u00a0\u00bbtype\\\u00a0\u00bb:\\\u00a0\u00bbepisode\\\u00a0\u00bb,\\\u00a0\u00bbmodel\\\u00a0\u00bb:\\\u00a0\u00bbexpression\\\u00a0\u00bb,\\\u00a0\u00bblabel\\\u00a0\u00bb:\\\u00a0\u00bb\u00c0 \u00e9couter\\\u00a0\u00bb,\\\u00a0\u00bbmigrated\\\u00a0\u00bb:true,\\\u00a0\u00bbstationId\\\u00a0\u00bb:38,\\\u00a0\u00bbvisual\\\u00a0\u00bb:{\\\u00a0\u00bbsquare\\\u00a0\u00bb:{\\\u00a0\u00bbjpg\\\u00a0\u00bb:[{\\\u00a0\u00bbw\\\u00a0\u00bb:560,\\\u00a0\u00bburl\\\u00a0\u00bb:\\\u00a0\u00bbhttps:\/\/www.francebleu.fr\/s3\/cruiser-production-eu3\/2025\/11\/722ea397-dd28-46a4-a0ee-582a24e54795\/560x315_sc_unnamed-5.jpg\\\u00a0\u00bb}],\\\u00a0\u00bbwebp\\\u00a0\u00bb:[{\\\u00a0\u00bbw\\\u00a0\u00bb:560,\\\u00a0\u00bburl\\\u00a0\u00bb:\\\u00a0\u00bbhttps:\/\/www.francebleu.fr\/s3\/cruiser-production-eu3\/2025\/11\/722ea397-dd28-46a4-a0ee-582a24e54795\/560x315_sc_unnamed-5.webp\\\u00a0\u00bb}]},\\\u00a0\u00bbnormal\\\u00a0\u00bb:{\\\u00a0\u00bbjpg\\\u00a0\u00bb:[],\\\u00a0\u00bbwebp\\\u00a0\u00bb:[]},\\\u00a0\u00bbpreview\\\u00a0\u00bb:\\\u00a0\u00bbdata:image\/jpeg;base64,\/9j\/2wBDACgcHiMeGSgjISMtKygwPGRBPDc3PHtYXUlkkYCZlo+AjIqgtObDoKrarYqMyP\/L2u71\/\/\/\/m8H\/\/\/\/6\/+b9\/\/j\/2wBDASstLTw1PHZBQXb4pYyl+Pj4+Pj4+Pj4+Pj4+Pj4+Pj4+Pj4+Pj4+Pj4+Pj4+Pj4+Pj4+Pj4+Pj4+Pj4+Pj4+Pj\/wAARCAAXACoDASIAAhEBAxEB\/8QAGAABAQEBAQAAAAAAAAAAAAAAAAIBAwX\/xAAYEAEBAQEBAAAAAAAAAAAAAAAAARESAv\/EABcBAQEBAQAAAAAAAAAAAAAAAAECAAP\/xAAWEQEBAQAAAAAAAAAAAAAAAAAAARH\/2gAMAwEAAhEDEQA\/APOkXPLZFyKZMjcVjcBTycukhidLnIoFgbAFZUUDnS\/\/2Q==\\\u00a0\u00bb,\\\u00a0\u00bblegend\\\u00a0\u00bb:\\\u00a0\u00bbEn 2024, la foire Saint-Romain a attir\u00e9 pr\u00e8s d&rsquo;un million et demi de visiteurs.\\\u00a0\u00bb},\\\u00a0\u00bbvisualEmbed\\\u00a0\u00bb:{\\\u00a0\u00bbtype\\\u00a0\u00bb:\\\u00a0\u00bbimage\\\u00a0\u00bb,\\\u00a0\u00bbversion\\\u00a0\u00bb:\\\u00a0\u00bb1.0\\\u00a0\u00bb,\\\u00a0\u00bbauthor\\\u00a0\u00bb:\\\u00a0\u00bbBastien Roques\\\u00a0\u00bb,\\\u00a0\u00bblegend\\\u00a0\u00bb:\\\u00a0\u00bbEn 2024, la foire Saint-Romain a attir\u00e9 pr\u00e8s d&rsquo;un million et demi de visiteurs.\\\u00a0\u00bb,\\\u00a0\u00bbcopyright\\\u00a0\u00bb:\\\u00a0\u00bbRadio France\\\u00a0\u00bb,\\\u00a0\u00bbcreated\\\u00a0\u00bb:1762134375,\\\u00a0\u00bbdominant\\\u00a0\u00bb:\\\u00a0\u00bb#282838\\\u00a0\u00bb,\\\u00a0\u00bboriginal_width\\\u00a0\u00bb:2016,\\\u00a0\u00bboriginal_height\\\u00a0\u00bb:1512,\\\u00a0\u00bburl\\\u00a0\u00bb:\\\u00a0\u00bbhttps:\/\/www.francebleu.fr\/s3\/cruiser-production-eu3\/2025\/11\/722ea397-dd28-46a4-a0ee-582a24e54795\/560x315_sc_unnamed-5.jpg\\\u00a0\u00bb,\\\u00a0\u00bburl_webp\\\u00a0\u00bb:\\\u00a0\u00bbhttps:\/\/www.francebleu.fr\/s3\/cruiser-production-eu3\/2025\/11\/722ea397-dd28-46a4-a0ee-582a24e54795\/560x315_sc_unnamed-5.webp\\\u00a0\u00bb,\\\u00a0\u00bbwidth\\\u00a0\u00bb:560,\\\u00a0\u00bbheight\\\u00a0\u00bb:315,\\\u00a0\u00bbpreview\\\u00a0\u00bb:\\\u00a0\u00bb\/9j\/2wBDACgcHiMeGSgjISMtKygwPGRBPDc3PHtYXUlkkYCZlo+AjIqgtObDoKrarYqMyP\/L2u71\/\/\/\/m8H\/\/\/\/6\/+b9\/\/j\/2wBDASstLTw1PHZBQXb4pYyl+Pj4+Pj4+Pj4+Pj4+Pj4+Pj4+Pj4+Pj4+Pj4+Pj4+Pj4+Pj4+Pj4+Pj4+Pj4+Pj4+Pj\/wAARCAAXACoDASIAAhEBAxEB\/8QAGAABAQEBAQAAAAAAAAAAAAAAAAIBAwX\/xAAYEAEBAQEBAAAAAAAAAAAAAAAAARESAv\/EABcBAQEBAQAAAAAAAAAAAAAAAAECAAP\/xAAWEQEBAQAAAAAAAAAAAAAAAAAAARH\/2gAMAwEAAhEDEQA\/APOkXPLZFyKZMjcVjcBTycukhidLnIoFgbAFZUUDnS\/\/2Q==\\\u00a0\u00bb,\\\u00a0\u00bbquery\\\u00a0\u00bb:{\\\u00a0\u00bbuuid\\\u00a0\u00bb:\\\u00a0\u00bb722ea397-dd28-46a4-a0ee-582a24e54795\\\u00a0\u00bb,\\\u00a0\u00bbtype\\\u00a0\u00bb:\\\u00a0\u00bbimages\\\u00a0\u00bb,\\\u00a0\u00bbpreset\\\u00a0\u00bb:\\\u00a0\u00bb560&#215;315\\\u00a0\u00bb}},\\\u00a0\u00bbconceptVisual\\\u00a0\u00bb:\\\u00a0\u00bbaa1015ed-bb91-4636-a755-aa73a6261da5\\\u00a0\u00bb,\\\u00a0\u00bbconceptVisualEmbed\\\u00a0\u00bb:{\\\u00a0\u00bbtype\\\u00a0\u00bb:\\\u00a0\u00bbimage\\\u00a0\u00bb,\\\u00a0\u00bbversion\\\u00a0\u00bb:\\\u00a0\u00bb1.0\\\u00a0\u00bb,\\\u00a0\u00bbauthor\\\u00a0\u00bb:\\\u00a0\u00bbAtelier Graphique\\\u00a0\u00bb,\\\u00a0\u00bblegend\\\u00a0\u00bb:\\\u00a0\u00bbL&rsquo;info d&rsquo;ici, ICI Normandie (Seine-Maritime &#8211; Eure)\\\u00a0\u00bb,\\\u00a0\u00bbcopyright\\\u00a0\u00bb:\\\u00a0\u00bbRadio France\\\u00a0\u00bb,\\\u00a0\u00bbcreated\\\u00a0\u00bb:1760016146,\\\u00a0\u00bbdominant\\\u00a0\u00bb:\\\u00a0\u00bb#082848\\\u00a0\u00bb,\\\u00a0\u00bboriginal_width\\\u00a0\u00bb:3000,\\\u00a0\u00bboriginal_height\\\u00a0\u00bb:3000,\\\u00a0\u00bburl\\\u00a0\u00bb:\\\u00a0\u00bbhttps:\/\/www.francebleu.fr\/s3\/cruiser-production-eu3\/2024\/12\/06343e4c-2b8c-4f1d-96b1-05983b70fc87\/140x140_sc_sc_sc_sc_l-info-d-ici-normandie-seine-maritime-3000&#215;3000.jpg\\\u00a0\u00bb,\\\u00a0\u00bburl_webp\\\u00a0\u00bb:\\\u00a0\u00bbhttps:\/\/www.francebleu.fr\/s3\/cruiser-production-eu3\/2024\/12\/06343e4c-2b8c-4f1d-96b1-05983b70fc87\/140x140_sc_sc_sc_sc_l-info-d-ici-normandie-seine-maritime-3000&#215;3000.webp\\\u00a0\u00bb,\\\u00a0\u00bbwidth\\\u00a0\u00bb:140,\\\u00a0\u00bbheight\\\u00a0\u00bb:140,\\\u00a0\u00bbpreview\\\u00a0\u00bb:\\\u00a0\u00bb\/9j\/2wBDACgcHiMeGSgjISMtKygwPGRBPDc3PHtYXUlkkYCZlo+AjIqgtObDoKrarYqMyP\/L2u71\/\/\/\/m8H\/\/\/\/6\/+b9\/\/j\/2wBDASstLTw1PHZBQXb4pYyl+Pj4+Pj4+Pj4+Pj4+Pj4+Pj4+Pj4+Pj4+Pj4+Pj4+Pj4+Pj4+Pj4+Pj4+Pj4+Pj4+Pj\/wAARCAAqACoDASIAAhEBAxEB\/8QAFwAAAwEAAAAAAAAAAAAAAAAAAAEDAv\/EABgQAQEBAQEAAAAAAAAAAAAAAAABEgIR\/8QAFwEBAQEBAAAAAAAAAAAAAAAAAwIEAf\/EABcRAQEBAQAAAAAAAAAAAAAAAAABAhH\/2gAMAwEAAhEDEQA\/AKytSpenOmqsUW9GktDQ6XKui0lei2jpeJ+npLR6NaGZU0V6TvRXoVJmKXotJXotIJBoaYMtEd6ZvQrNRVQ9D1kOKf\/Z\\\u00a0\u00bb,\\\u00a0\u00bbquery\\\u00a0\u00bb:{\\\u00a0\u00bbuuid\\\u00a0\u00bb:\\\u00a0\u00bbaa1015ed-bb91-4636-a755-aa73a6261da5\\\u00a0\u00bb,\\\u00a0\u00bbtype\\\u00a0\u00bb:\\\u00a0\u00bbimages\\\u00a0\u00bb,\\\u00a0\u00bbpreset\\\u00a0\u00bb:\\\u00a0\u00bb140&#215;140\\\u00a0\u00bb}},\\\u00a0\u00bbmanifestationUrl\\\u00a0\u00bb:\\\u00a0\u00bbhttps:\/\/media.radiofrance-podcast.net\/podcast09\/24395-03.11.2025-ITEMA_24299417-2025B52012S0307-NET_76A_DC5F4084-3448-4201-9F0B-523CCFBC2B75-21-cb8b4912b1d72d577309e57cdcac3c22.mp3\\\u00a0\u00bb,\\\u00a0\u00bbpublishedDate\\\u00a0\u00bb:\\\u00a0\u00bb03\/11\/2025\\\u00a0\u00bb,\\\u00a0\u00bbupdatedDate\\\u00a0\u00bb:\\\u00a0\u00bbLe 03\/11\/2025 \u00e0 11:24\\\u00a0\u00bb,\\\u00a0\u00bbstartDate\\\u00a0\u00bb:1762147890,\\\u00a0\u00bbduration\\\u00a0\u00bb:190,\\\u00a0\u00bbgeopoints\\\u00a0\u00bb:[{\\\u00a0\u00bbcity\\\u00a0\u00bb:\\\u00a0\u00bbRouen\\\u00a0\u00bb,\\\u00a0\u00bbtype\\\u00a0\u00bb:\\\u00a0\u00bbeverything\\\u00a0\u00bb,\\\u00a0\u00bbregion\\\u00a0\u00bb:\\\u00a0\u00bbNormandie\\\u00a0\u00bb,\\\u00a0\u00bbaddress\\\u00a0\u00bb:\\\u00a0\u00bbRouen, France\\\u00a0\u00bb,\\\u00a0\u00bbgeometry\\\u00a0\u00bb:{\\\u00a0\u00bbtype\\\u00a0\u00bb:\\\u00a0\u00bbPoint\\\u00a0\u00bb,\\\u00a0\u00bbcoordinates\\\u00a0\u00bb:[\\\u00a0\u00bb49.4435261\\\u00a0\u00bb,\\\u00a0\u00bb1.0984309\\\u00a0\u00bb]},\\\u00a0\u00bbdepartment\\\u00a0\u00bb:\\\u00a0\u00bbSeine-Maritime\\\u00a0\u00bb}],\\\u00a0\u00bbmedia\\\u00a0\u00bb:{\\\u00a0\u00bbsources\\\u00a0\u00bb:[{\\\u00a0\u00bbbroadcastType\\\u00a0\u00bb:\\\u00a0\u00bbaod\\\u00a0\u00bb,\\\u00a0\u00bburl\\\u00a0\u00bb:\\\u00a0\u00bbhttps:\/\/media.radiofrance-podcast.net\/podcast09\/24395-03.11.2025-ITEMA_24299417-2025B52012S0307-NET_76A_DC5F4084-3448-4201-9F0B-523CCFBC2B75-21-cb8b4912b1d72d577309e57cdcac3c22.mp3\\\u00a0\u00bb}],\\\u00a0\u00bbstartTime\\\u00a0\u00bb:null,\\\u00a0\u00bbendTime\\\u00a0\u00bb:190,\\\u00a0\u00bbtimeMap\\\u00a0\u00bb:[{\\\u00a0\u00bbdata\\\u00a0\u00bb:{\\\u00a0\u00bbstation\\\u00a0\u00bb:\\\u00a0\u00bbICI Normandie (Seine-Maritime &#8211; Eure)\\\u00a0\u00bb,\\\u00a0\u00bbtitle\\\u00a0\u00bb:\\\u00a0\u00bbL&rsquo;info d&rsquo;ici, ICI Normandie (Seine-Maritime &#8211; Eure)\\\u00a0\u00bb,\\\u00a0\u00bbdescription\\\u00a0\u00bb:\\\u00a0\u00bbQuel budget pour une vir\u00e9e \u00e0 la foire Saint-Romain \u00e0 Rouen\u00a0?\\\u00a0\u00bb,\\\u00a0\u00bbcoverFallback\\\u00a0\u00bb:\\\u00a0\u00bbhttps:\/\/www.francebleu.fr\/s3\/cruiser-production-eu3\/2024\/12\/7d516a30-19b5-402f-87a9-5ea6150b2592\/400x400_sc_3d9c9a7d-8ad5-4751-bfa3-f15dfd6b700f-720.jpg\\\u00a0\u00bb,\\\u00a0\u00bbclipType\\\u00a0\u00bb:\\\u00a0\u00bbreecoute\\\u00a0\u00bb,\\\u00a0\u00bbxtn2\\\u00a0\u00bb:23,\\\u00a0\u00bbemission\\\u00a0\u00bb:{\\\u00a0\u00bbid\\\u00a0\u00bb:\\\u00a0\u00bb\\\u00a0\u00bb,\\\u00a0\u00bbtitle\\\u00a0\u00bb:\\\u00a0\u00bbL&rsquo;info d&rsquo;ici, ICI Normandie (Seine-Maritime &#8211; Eure)\\\u00a0\u00bb,\\\u00a0\u00bbbusinessReference\\\u00a0\u00bb:null},\\\u00a0\u00bbdiffusion\\\u00a0\u00bb:{\\\u00a0\u00bbid\\\u00a0\u00bb:null,\\\u00a0\u00bbtitle\\\u00a0\u00bb:\\\u00a0\u00bbQuel budget pour une vir\u00e9e \u00e0 la foire Saint-Romain \u00e0 Rouen\u00a0?\\\u00a0\u00bb,\\\u00a0\u00bbpath\\\u00a0\u00bb:null},\\\u00a0\u00bbsiteId\\\u00a0\u00bb:56,\\\u00a0\u00bbconceptUuid\\\u00a0\u00bb:\\\u00a0\u00bb\\\u00a0\u00bb,\\\u00a0\u00bbexpressionUuid\\\u00a0\u00bb:\\\u00a0\u00bb\\\u00a0\u00bb,\\\u00a0\u00bblocaleId\\\u00a0\u00bb:38}}],\\\u00a0\u00bbduration\\\u00a0\u00bb:190},\\\u00a0\u00bblocation\\\u00a0\u00bb:\\\u00a0\u00bbRouen\\\u00a0\u00bb}}]}},\\\u00a0\u00bbdisplay\\\u00a0\u00bb:{\\\u00a0\u00bbhighBanner\\\u00a0\u00bb:true}}\u00a0\u00bb}<\/p>\n","protected":false},"excerpt":{"rendered":"La foire Saint-Romain proposera cette ann\u00e9e un spectacle de drones lumineux, \u00e0 la place de son traditionnel feu&hellip;\n","protected":false},"author":2,"featured_media":525415,"comment_status":"","ping_status":"","sticky":false,"template":"","format":"standard","meta":{"footnotes":""},"categories":[9587],"tags":[1111,11,1777,674,1011,27,12,5161,25,9590],"class_list":{"0":"post-525414","1":"post","2":"type-post","3":"status-publish","4":"format-standard","5":"has-post-thumbnail","7":"category-rouen","8":"tag-actu","9":"tag-actualites","10":"tag-eu","11":"tag-europe","12":"tag-fr","13":"tag-france","14":"tag-news","15":"tag-normandie","16":"tag-republique-francaise","17":"tag-rouen"},"share_on_mastodon":{"url":"https:\/\/pubeurope.com\/@fr\/115526732455405560","error":""},"_links":{"self":[{"href":"https:\/\/www.europesays.com\/fr\/wp-json\/wp\/v2\/posts\/525414","targetHints":{"allow":["GET"]}}],"collection":[{"href":"https:\/\/www.europesays.com\/fr\/wp-json\/wp\/v2\/posts"}],"about":[{"href":"https:\/\/www.europesays.com\/fr\/wp-json\/wp\/v2\/types\/post"}],"author":[{"embeddable":true,"href":"https:\/\/www.europesays.com\/fr\/wp-json\/wp\/v2\/users\/2"}],"replies":[{"embeddable":true,"href":"https:\/\/www.europesays.com\/fr\/wp-json\/wp\/v2\/comments?post=525414"}],"version-history":[{"count":0,"href":"https:\/\/www.europesays.com\/fr\/wp-json\/wp\/v2\/posts\/525414\/revisions"}],"wp:featuredmedia":[{"embeddable":true,"href":"https:\/\/www.europesays.com\/fr\/wp-json\/wp\/v2\/media\/525415"}],"wp:attachment":[{"href":"https:\/\/www.europesays.com\/fr\/wp-json\/wp\/v2\/media?parent=525414"}],"wp:term":[{"taxonomy":"category","embeddable":true,"href":"https:\/\/www.europesays.com\/fr\/wp-json\/wp\/v2\/categories?post=525414"},{"taxonomy":"post_tag","embeddable":true,"href":"https:\/\/www.europesays.com\/fr\/wp-json\/wp\/v2\/tags?post=525414"}],"curies":[{"name":"wp","href":"https:\/\/api.w.org\/{rel}","templated":true}]}}